{"id":1826,"date":"2014-06-17T10:44:03","date_gmt":"2014-06-17T13:44:03","guid":{"rendered":"http:\/\/ne2.caritas.org.br.s174889.gridserver.com\/?p=1826"},"modified":"2017-07-11T15:21:52","modified_gmt":"2017-07-11T18:21:52","slug":"caritas-diocesana-de-pesqueira-lanca-campanha-uma-familia-humana-pao-justica-para-todas-pessoas","status":"publish","type":"post","link":"https:\/\/www.caritasne2.org.br\/site\/caritas-diocesana-de-pesqueira-lanca-campanha-uma-familia-humana-pao-justica-para-todas-pessoas\/","title":{"rendered":"C\u00e1ritas Diocesana de Pesqueira lan\u00e7a a Campanha \u201cUma Fam\u00edlia humana, p\u00e3o e justi\u00e7a para todas as pessoas\u201d"},"content":{"rendered":"<p style=\"text-align: center;\"><em>Durante a prociss\u00e3o de Corpus Christi ser\u00e1 lan\u00e7ada a Campanha Mundial para a erradica\u00e7\u00e3o da fome<\/em><\/p>\n<p style=\"text-align: justify;\">Dia de Corpus Christi uma festa crist\u00e3 realizada na quinta-feira seguinte ao domingo da Sant\u00edssima Trindade que, por sua vez, acontece no domingo seguinte ao de Pentecostes. \u00c9 uma celebra\u00e7\u00e3o que para os cat\u00f3licos representa o testemunho p\u00fablico e a adora\u00e7\u00e3o e a venera\u00e7\u00e3o para com a Sant\u00edssima Eucaristia, principalmente na solenidade do Corpo e Sangue de Cristo.<\/p>\n<p style=\"text-align: justify;\">Este ano a Diocese de Pesqueira al\u00e9m da sua tradicional programa\u00e7\u00e3o com confec\u00e7\u00e3o de tapetes com serragens, missa e prociss\u00e3o, contar\u00e1 com um momento importante que ser\u00e1 presidido pelo Bispo da Diocese Dom Jos\u00e9 Luiz e a secret\u00e1ria executiva da C\u00e1ritas Diocesana, Neilda Pereira. Ser\u00e1 o lan\u00e7amento da campanha \u201cUma fam\u00edlia humana, p\u00e3o e justi\u00e7a para todas as pessoas\u201d.<\/p>\n<p style=\"text-align: justify;\">Uma campanha internacional, lan\u00e7ada no Brasil dia 10 de dezembro de 2013 pela C\u00e1ritas Brasileira que tem o prop\u00f3sito de sensibilizar e mobilizar a Igreja, e sociedade diante \u00e0 realidade da fome e desigualdades vividas pelo mundo e inclusive no Brasil. A campanha tamb\u00e9m tenta evidenciar as a\u00e7\u00f5es promovidas pela Rede C\u00e1ritas e Igreja no combate aos problemas que cercam a mis\u00e9ria.<\/p>\n<p style=\"text-align: justify;\">A C\u00e1ritas Diocesana lan\u00e7ar\u00e1 a campanha na pr\u00f3xima quinta, 19, durante a prociss\u00e3o de Corpus Christi. A programa\u00e7\u00e3o para este dia come\u00e7a a partir das 6h da manh\u00e3 com a montagem e ornamenta\u00e7\u00e3o do tradicional tapete de serragem colorida, com imagens que remetem a figuras e frases religiosas. A C\u00e1ritas escolheu para este ano o s\u00edmbolo da campanha \u201cUma fam\u00edlia humana, p\u00e3o e Justi\u00e7a para todas as Pessoas\u201d.<\/p>\n<p style=\"text-align: justify;\">A partir das 17 horas haver\u00e1 missa na Igreja Cristo Rei, em seguida uma prociss\u00e3o eucar\u00edstica percorrer\u00e1 as ruas da cidade, atravessando o corredor de tapetes, findando na Catedral de Santa \u00c1gueda onde haver\u00e1 a solene b\u00ean\u00e7\u00e3o do Sant\u00edssimo Sacramento. No decorrer da caminhada haver\u00e1 duas paradas, a primeira em frente \u00e0 sede da C\u00e1ritas Diocesana onde ocorrer\u00e1 o lan\u00e7amento oficial da campanha, em seguida em frente \u00e0 Igreja M\u00e3e do Homens.<\/p>\n<p style=\"text-align: justify;\">por Larissa Tavares | N\u00facleo de Comunica\u00e7\u00e3o da C\u00e1ritas Diocesana de Pesqueira<\/p>\n<p>&nbsp;<\/p>\n<ul class=\"ssb_list_wrapper\"><li class=\"fb2\" style=\"width:135px\"><iframe src=\"\/\/www.facebook.com\/plugins\/like.php?href=https%3A%2F%2Fwww.caritasne2.org.br%2Fsite%2Fcaritas-diocesana-de-pesqueira-lanca-campanha-uma-familia-humana-pao-justica-para-todas-pessoas%2F&amp;layout=button_count&amp;action=like&amp;show_faces=false&amp;share=true&amp;width=135&amp;height=21&amp;appId=307091639398582\" scrolling=\"no\" frameborder=\"0\" style=\"border:none; overflow:hidden;  width:150px; height:21px;\" allowTransparency=\"true\"><\/iframe><\/li><li class=\"twtr\" style=\"width:90px\"><a href=\"https:\/\/twitter.com\/share\" class=\"twitter-share-button\" data-url=\"https:\/\/www.caritasne2.org.br\/site\/caritas-diocesana-de-pesqueira-lanca-campanha-uma-familia-humana-pao-justica-para-todas-pessoas\/\">&nbsp;<\/a><script>!function(d,s,id){var js,fjs=d.getElementsByTagName(s)[0],p=\/^http:\/.test(d.location)?'http':'https';if(!d.getElementById(id)){js=d.createElement(s);js.id=id;js.src=p+':\/\/platform.twitter.com\/widgets.js';fjs.parentNode.insertBefore(js,fjs);}}(document, 'script', 'twitter-wjs');<\/script><\/li><li class=\"gplus\" style=\"width:68px\"><div class=\"g-plusone\" data-size=\"medium\" data-href=\"https:\/\/www.caritasne2.org.br\/site\/caritas-diocesana-de-pesqueira-lanca-campanha-uma-familia-humana-pao-justica-para-todas-pessoas\/\"><\/div><\/li><li class=\"ssb_linkedin\" style=\"width:64px\"><script src=\"\/\/platform.linkedin.com\/in.js\" type=\"text\/javascript\">lang: en_US<\/script><script type=\"IN\/Share\" data-url=\"https:\/\/www.caritasne2.org.br\/site\/caritas-diocesana-de-pesqueira-lanca-campanha-uma-familia-humana-pao-justica-para-todas-pessoas\/\" data-counter=\"right\"><\/script><\/li><\/ul>","protected":false},"excerpt":{"rendered":"<p>Durante a prociss\u00e3o de Corpus Christi ser\u00e1 lan\u00e7ada a Campanha Mundial para a erradica\u00e7\u00e3o da fome Dia de Corpus Christi uma festa crist\u00e3 realizada na quinta-feira seguinte ao domingo da Sant\u00edssima Trindade que, por sua vez, acontece no domingo seguinte ao de Pentecostes. \u00c9 uma celebra\u00e7\u00e3o que para os cat\u00f3licos representa o testemunho p\u00fablico e a adora\u00e7\u00e3o e a venera\u00e7\u00e3o para com a Sant\u00edssima Eucaristia, [&hellip;]<\/p>\n<ul class=\"ssb_list_wrapper\"><li class=\"fb2\" style=\"width:135px\"><iframe src=\"\/\/www.facebook.com\/plugins\/like.php?href=https%3A%2F%2Fwww.caritasne2.org.br%2Fsite%2Fcaritas-diocesana-de-pesqueira-lanca-campanha-uma-familia-humana-pao-justica-para-todas-pessoas%2F&amp;layout=button_count&amp;action=like&amp;show_faces=false&amp;share=true&amp;width=135&amp;height=21&amp;appId=307091639398582\" scrolling=\"no\" frameborder=\"0\" style=\"border:none; overflow:hidden;  width:150px; height:21px;\" allowTransparency=\"true\"><\/iframe><\/li><li class=\"twtr\" style=\"width:90px\"><a href=\"https:\/\/twitter.com\/share\" class=\"twitter-share-button\" data-url=\"https:\/\/www.caritasne2.org.br\/site\/caritas-diocesana-de-pesqueira-lanca-campanha-uma-familia-humana-pao-justica-para-todas-pessoas\/\">&nbsp;<\/a><script>!function(d,s,id){var js,fjs=d.getElementsByTagName(s)[0],p=\/^http:\/.test(d.location)?'http':'https';if(!d.getElementById(id)){js=d.createElement(s);js.id=id;js.src=p+':\/\/platform.twitter.com\/widgets.js';fjs.parentNode.insertBefore(js,fjs);}}(document, 'script', 'twitter-wjs');<\/script><\/li><li class=\"gplus\" style=\"width:68px\"><div class=\"g-plusone\" data-size=\"medium\" data-href=\"https:\/\/www.caritasne2.org.br\/site\/caritas-diocesana-de-pesqueira-lanca-campanha-uma-familia-humana-pao-justica-para-todas-pessoas\/\"><\/div><\/li><li class=\"ssb_linkedin\" style=\"width:64px\"><script src=\"\/\/platform.linkedin.com\/in.js\" type=\"text\/javascript\">lang: en_US<\/script><script type=\"IN\/Share\" data-url=\"https:\/\/www.caritasne2.org.br\/site\/caritas-diocesana-de-pesqueira-lanca-campanha-uma-familia-humana-pao-justica-para-todas-pessoas\/\" data-counter=\"right\"><\/script><\/li><\/ul>","protected":false},"author":4,"featured_media":1827,"comment_status":"open","ping_status":"open","sticky":false,"template":"","format":"standard","meta":[],"categories":[417,20],"tags":[309,313,67,310],"_links":{"self":[{"href":"https:\/\/www.caritasne2.org.br\/site\/wp-json\/wp\/v2\/posts\/1826"}],"collection":[{"href":"https:\/\/www.caritasne2.org.br\/site\/wp-json\/wp\/v2\/posts"}],"about":[{"href":"https:\/\/www.caritasne2.org.br\/site\/wp-json\/wp\/v2\/types\/post"}],"author":[{"embeddable":true,"href":"https:\/\/www.caritasne2.org.br\/site\/wp-json\/wp\/v2\/users\/4"}],"replies":[{"embeddable":true,"href":"https:\/\/www.caritasne2.org.br\/site\/wp-json\/wp\/v2\/comments?post=1826"}],"version-history":[{"count":0,"href":"https:\/\/www.caritasne2.org.br\/site\/wp-json\/wp\/v2\/posts\/1826\/revisions"}],"wp:featuredmedia":[{"embeddable":true,"href":"https:\/\/www.caritasne2.org.br\/site\/wp-json\/"}],"wp:attachment":[{"href":"https:\/\/www.caritasne2.org.br\/site\/wp-json\/wp\/v2\/media?parent=1826"}],"wp:term":[{"taxonomy":"category","embeddable":true,"href":"https:\/\/www.caritasne2.org.br\/site\/wp-json\/wp\/v2\/categories?post=1826"},{"taxonomy":"post_tag","embeddable":true,"href":"https:\/\/www.caritasne2.org.br\/site\/wp-json\/wp\/v2\/tags?post=1826"}],"curies":[{"name":"wp","href":"https:\/\/api.w.org\/{rel}","templated":true}]}}