{"id":1796,"date":"2014-06-05T10:57:26","date_gmt":"2014-06-05T13:57:26","guid":{"rendered":"http:\/\/ne2.caritas.org.br.s174889.gridserver.com\/?p=1796"},"modified":"2017-07-11T15:21:53","modified_gmt":"2017-07-11T18:21:53","slug":"caritas-celebra-tres-anos-de-execucao-p12-municipio-de-terezinha","status":"publish","type":"post","link":"https:\/\/www.caritasne2.org.br\/site\/caritas-celebra-tres-anos-de-execucao-p12-municipio-de-terezinha\/","title":{"rendered":"C\u00e1ritas celebra tr\u00eas anos de execu\u00e7\u00e3o do P1+2 no munic\u00edpio de Terezinha"},"content":{"rendered":"<p style=\"text-align: justify;\">A C\u00e1ritas Brasileira Regional Nordeste 2, em parceria com a Par\u00f3quia de Santa Terezinha e a Comiss\u00e3o Municipal, realizou, no \u00faltimo domingo (01\/06), na Associa\u00e7\u00e3o de Desenvolvimento Rural de Terezinha, localizada na comunidade Lagoa Grande, no munic\u00edpio, uma comemora\u00e7\u00e3o com as fam\u00edlias agricultoras contempladas pelo Programa Uma Terra e Duas \u00c1guas (P1+2). O Termo de Parceria firmado entre a Articula\u00e7\u00e3o do Semi\u00e1rido (ASA) e o Minist\u00e9rio do Desenvolvimento Social e Combate \u00e0 Fome (MDS) \u00e9 executado na zona rural do munic\u00edpio desde 2012.<\/p>\n<p style=\"text-align: justify;\">A mesa de abertura foi composta pelos agentes C\u00e1ritas, Maria Aparecida Mafra e pelos coordenadores t\u00e9cnicos do P1+2 com patroc\u00ednio da Petrobras e do financiamento do MDS, Edimilson Paulino e Flavianeide Pereira, respectivamente. Participaram tamb\u00e9m o respons\u00e1vel pela Par\u00f3quia, padre Valdevan Bezerra, o prefeito de Terezinha, Alexandre Martins, e o vereador Adriano Campos, al\u00e9m dos presidentes dos Sindicatos dos Trabalhadores\/as Rurais dos munic\u00edpios de Angelim, Ivand\u00edlson Bezerra, e de Salo\u00e1, Z\u00e9 do Padre, juntamente com a representante da Federa\u00e7\u00e3o dos Trabalhadores na Agricultura do Estado de Pernambuco (Fetape), Lucimar Oliveira.<\/p>\n<p style=\"text-align: justify;\">Ao longo da fala, Mafra lembrou a hist\u00f3ria de luta da C\u00e1ritas Brasileira Regional Nordeste 2 em favor do homem e da mulher do campo. \u201cEm 1999, o Programa El Ni\u00f1o virou uma linha de a\u00e7\u00e3o intitulada \u201cConviv\u00eancia com o Semi\u00e1rido\u201d. Em um trabalho conjunto com ASA, a cara do Semi\u00e1rido no Brasil est\u00e1 mudando. Parab\u00e9ns \u00e0 Par\u00f3quia pelo apoio, aos Sindicatos, mas principalmente \u00e0s fam\u00edlias agricultoras por fazer o P1+2 acontecer\u201d, afirmou. De acordo com Edimilson, os agricultores e agricultoras s\u00e3o, de fato, os privilegiados por receberem as tecnologias de capta\u00e7\u00e3o e armazenamento de \u00e1gua. \u201cOs n\u00fameros mostram o que n\u00f3s podemos medir, mas h\u00e1 muitas outras coisas que n\u00e3o podem ser contabilizadas em um banner, que s\u00e3o os frutos desse Programa\u201d, completou o coordenador.<\/p>\n<p style=\"text-align: justify;\">Em tr\u00eas anos de execu\u00e7\u00e3o e a partir da constru\u00e7\u00e3o de tecnologias individuais e coletivas, com capacidade m\u00ednima de armazenamento de 52 mil litros de \u00e1gua, o P1+2 j\u00e1 contemplou mais de 270 fam\u00edlias agricultoras com as sete implementa\u00e7\u00f5es destinadas \u00e0 \u00e1gua para produ\u00e7\u00e3o de alimentos, que est\u00e3o espalhadas por 18 comunidades rurais do munic\u00edpio. Os n\u00fameros mostram a grandiosidade das constru\u00e7\u00f5es: s\u00e3o 103 cisternas-cal\u00e7ad\u00e3o, 69 cisternas-enxurrada, 39 barreiros-trincheira, 15 barraginhas, 4 bombas de \u00e1gua popular (bap), 3 tanques de pedra e 1 barragem subterr\u00e2nea. De acordo com a capacidade que cada tecnologia tem, calcula-se que o munic\u00edpio de Terezinha armazene mais de 45 milh\u00f5es de litros de \u00e1gua da chuva.<\/p>\n<p style=\"text-align: justify;\">No munic\u00edpio, h\u00e1 exemplos como o da agricultora Sebastiana Silva (48), que antes precisava buscar \u00e1gua numa cacimba, mas, hoje, com a cisterna-enxurrada no terreiro de casa, n\u00e3o precisa mais fazer o percurso. Al\u00e9m disso, ela conta que desde ent\u00e3o a vida da fam\u00edlia come\u00e7ou a mudar, pois antes o que era produzido destinava-se ao consumo pr\u00f3prio e, agora, com uma produ\u00e7\u00e3o maior \u00e9 poss\u00edvel comercializar o excedente. \u201cRecebemos essa cisterna grande que \u00e9 uma riqueza, porque com as condi\u00e7\u00f5es que temos, n\u00e3o poder\u00edamos construir um reservat\u00f3rio desse porte. Com ela, teremos \u00e1gua para o ano inteiro e assim teremos mais condi\u00e7\u00f5es de plantar e criar os animais\u201d, afirmou.<\/p>\n<p style=\"text-align: justify;\">De acordo com a coordenadora t\u00e9cnica do P1+2, Flavianeide Pereira, o evento foi um momento de apresenta\u00e7\u00e3o dos resultados obtidos. \u201cTrata-se de uma ocasi\u00e3o de confraterniza\u00e7\u00e3o entre a C\u00e1ritas e as fam\u00edlias agricultoras, que al\u00e9m de contempladas com as tecnologias, tamb\u00e9m receberam forma\u00e7\u00f5es e puderam trocar experi\u00eancias entre si. Realizar este evento no ano em que a C\u00e1ritas completa 20 anos \u00e9 ainda mais especial, j\u00e1 que uma das preocupa\u00e7\u00f5es da institui\u00e7\u00e3o sempre foi trabalhar em prol da inclus\u00e3o de agricultoras e agricultores ao acesso \u00e0s pol\u00edticas p\u00fablicas de conviv\u00eancia com o Semi\u00e1rido\u201d, finalizou.<\/p>\n<p style=\"text-align: justify;\">Na ocasi\u00e3o, houve uma pr\u00e9-comemora\u00e7\u00e3o dos 20 anos da C\u00e1ritas Brasileira Regional Nordeste 2.<\/p>\n<p style=\"text-align: justify;\">Assista o v\u00eddeo aqui:<\/p>\n<p style=\"text-align: justify;\"><iframe loading=\"lazy\" width=\"500\" height=\"375\" src=\"https:\/\/www.youtube.com\/embed\/rsrJFMu3hbk?feature=oembed\" frameborder=\"0\" allowfullscreen><\/iframe><\/p>\n<p style=\"text-align: justify;\"><a href=\"http:\/\/ne2.caritas.org.br.s174889.gridserver.com\/2014\/06\/05\/caritas-celebra-tres-anos-de-execucao-p12-municipio-de-terezinha\/foto-02-terezinha\/\" rel=\"attachment wp-att-1798\"><img decoding=\"async\" loading=\"lazy\" class=\"aligncenter size-medium wp-image-1798\" title=\"Foto 02 terezinha\" src=\"http:\/\/ne2.caritas.org.br.s174889.gridserver.com\/wp-content\/uploads\/2014\/06\/Foto-02-terezinha-300x225.jpg\" alt=\"\" width=\"300\" height=\"225\" \/><\/a><\/p>\n<p style=\"text-align: justify;\">por Lidiane Santos | Comunicadora Popular do P1+2 pela C\u00e1ritas Regional NE2<\/p>\n<p>&nbsp;<\/p>\n<ul class=\"ssb_list_wrapper\"><li class=\"fb2\" style=\"width:135px\"><iframe src=\"\/\/www.facebook.com\/plugins\/like.php?href=https%3A%2F%2Fwww.caritasne2.org.br%2Fsite%2Fcaritas-celebra-tres-anos-de-execucao-p12-municipio-de-terezinha%2F&amp;layout=button_count&amp;action=like&amp;show_faces=false&amp;share=true&amp;width=135&amp;height=21&amp;appId=307091639398582\" scrolling=\"no\" frameborder=\"0\" style=\"border:none; overflow:hidden;  width:150px; height:21px;\" allowTransparency=\"true\"><\/iframe><\/li><li class=\"twtr\" style=\"width:90px\"><a href=\"https:\/\/twitter.com\/share\" class=\"twitter-share-button\" data-url=\"https:\/\/www.caritasne2.org.br\/site\/caritas-celebra-tres-anos-de-execucao-p12-municipio-de-terezinha\/\">&nbsp;<\/a><script>!function(d,s,id){var js,fjs=d.getElementsByTagName(s)[0],p=\/^http:\/.test(d.location)?'http':'https';if(!d.getElementById(id)){js=d.createElement(s);js.id=id;js.src=p+':\/\/platform.twitter.com\/widgets.js';fjs.parentNode.insertBefore(js,fjs);}}(document, 'script', 'twitter-wjs');<\/script><\/li><li class=\"gplus\" style=\"width:68px\"><div class=\"g-plusone\" data-size=\"medium\" data-href=\"https:\/\/www.caritasne2.org.br\/site\/caritas-celebra-tres-anos-de-execucao-p12-municipio-de-terezinha\/\"><\/div><\/li><li class=\"ssb_linkedin\" style=\"width:64px\"><script src=\"\/\/platform.linkedin.com\/in.js\" type=\"text\/javascript\">lang: en_US<\/script><script type=\"IN\/Share\" data-url=\"https:\/\/www.caritasne2.org.br\/site\/caritas-celebra-tres-anos-de-execucao-p12-municipio-de-terezinha\/\" data-counter=\"right\"><\/script><\/li><\/ul>","protected":false},"excerpt":{"rendered":"<p>A C\u00e1ritas Brasileira Regional Nordeste 2, em parceria com a Par\u00f3quia de Santa Terezinha e a Comiss\u00e3o Municipal, realizou, no \u00faltimo domingo (01\/06), na Associa\u00e7\u00e3o de Desenvolvimento Rural de Terezinha, localizada na comunidade Lagoa Grande, no munic\u00edpio, uma comemora\u00e7\u00e3o com as fam\u00edlias agricultoras contempladas pelo Programa Uma Terra e Duas \u00c1guas (P1+2). O Termo de Parceria firmado entre a Articula\u00e7\u00e3o do Semi\u00e1rido (ASA) e o [&hellip;]<\/p>\n<ul class=\"ssb_list_wrapper\"><li class=\"fb2\" style=\"width:135px\"><iframe src=\"\/\/www.facebook.com\/plugins\/like.php?href=https%3A%2F%2Fwww.caritasne2.org.br%2Fsite%2Fcaritas-celebra-tres-anos-de-execucao-p12-municipio-de-terezinha%2F&amp;layout=button_count&amp;action=like&amp;show_faces=false&amp;share=true&amp;width=135&amp;height=21&amp;appId=307091639398582\" scrolling=\"no\" frameborder=\"0\" style=\"border:none; overflow:hidden;  width:150px; height:21px;\" allowTransparency=\"true\"><\/iframe><\/li><li class=\"twtr\" style=\"width:90px\"><a href=\"https:\/\/twitter.com\/share\" class=\"twitter-share-button\" data-url=\"https:\/\/www.caritasne2.org.br\/site\/caritas-celebra-tres-anos-de-execucao-p12-municipio-de-terezinha\/\">&nbsp;<\/a><script>!function(d,s,id){var js,fjs=d.getElementsByTagName(s)[0],p=\/^http:\/.test(d.location)?'http':'https';if(!d.getElementById(id)){js=d.createElement(s);js.id=id;js.src=p+':\/\/platform.twitter.com\/widgets.js';fjs.parentNode.insertBefore(js,fjs);}}(document, 'script', 'twitter-wjs');<\/script><\/li><li class=\"gplus\" style=\"width:68px\"><div class=\"g-plusone\" data-size=\"medium\" data-href=\"https:\/\/www.caritasne2.org.br\/site\/caritas-celebra-tres-anos-de-execucao-p12-municipio-de-terezinha\/\"><\/div><\/li><li class=\"ssb_linkedin\" style=\"width:64px\"><script src=\"\/\/platform.linkedin.com\/in.js\" type=\"text\/javascript\">lang: en_US<\/script><script type=\"IN\/Share\" data-url=\"https:\/\/www.caritasne2.org.br\/site\/caritas-celebra-tres-anos-de-execucao-p12-municipio-de-terezinha\/\" data-counter=\"right\"><\/script><\/li><\/ul>","protected":false},"author":4,"featured_media":2904,"comment_status":"open","ping_status":"open","sticky":false,"template":"","format":"standard","meta":[],"categories":[20],"tags":[408,67,160,409,410],"_links":{"self":[{"href":"https:\/\/www.caritasne2.org.br\/site\/wp-json\/wp\/v2\/posts\/1796"}],"collection":[{"href":"https:\/\/www.caritasne2.org.br\/site\/wp-json\/wp\/v2\/posts"}],"about":[{"href":"https:\/\/www.caritasne2.org.br\/site\/wp-json\/wp\/v2\/types\/post"}],"author":[{"embeddable":true,"href":"https:\/\/www.caritasne2.org.br\/site\/wp-json\/wp\/v2\/users\/4"}],"replies":[{"embeddable":true,"href":"https:\/\/www.caritasne2.org.br\/site\/wp-json\/wp\/v2\/comments?post=1796"}],"version-history":[{"count":0,"href":"https:\/\/www.caritasne2.org.br\/site\/wp-json\/wp\/v2\/posts\/1796\/revisions"}],"wp:featuredmedia":[{"embeddable":true,"href":"https:\/\/www.caritasne2.org.br\/site\/wp-json\/wp\/v2\/media\/2904"}],"wp:attachment":[{"href":"https:\/\/www.caritasne2.org.br\/site\/wp-json\/wp\/v2\/media?parent=1796"}],"wp:term":[{"taxonomy":"category","embeddable":true,"href":"https:\/\/www.caritasne2.org.br\/site\/wp-json\/wp\/v2\/categories?post=1796"},{"taxonomy":"post_tag","embeddable":true,"href":"https:\/\/www.caritasne2.org.br\/site\/wp-json\/wp\/v2\/tags?post=1796"}],"curies":[{"name":"wp","href":"https:\/\/api.w.org\/{rel}","templated":true}]}}