{"id":1792,"date":"2014-06-05T10:14:24","date_gmt":"2014-06-05T13:14:24","guid":{"rendered":"http:\/\/ne2.caritas.org.br.s174889.gridserver.com\/?p=1792"},"modified":"2017-07-11T15:22:25","modified_gmt":"2017-07-11T18:22:25","slug":"semana-meio-ambiente-mudancas-climaticas-acoes-homem-producao-de-alimentos","status":"publish","type":"post","link":"https:\/\/www.caritasne2.org.br\/site\/semana-meio-ambiente-mudancas-climaticas-acoes-homem-producao-de-alimentos\/","title":{"rendered":"Semana do meio ambiente: mudan\u00e7as clim\u00e1ticas, a\u00e7\u00f5es do homem e produ\u00e7\u00e3o de alimentos"},"content":{"rendered":"<p style=\"text-align: justify;\">Todos os anos, os primeiros dias de junho s\u00e3o dedicados a celebrar a Semana do Meio Ambiente. Dia 5 de junho, comemora-se o Dia Mundial do Meio Ambiente e um dos assuntos que mais tem chamado a aten\u00e7\u00e3o em torno do tema s\u00e3o as mudan\u00e7as clim\u00e1ticas que a cada dia est\u00e3o mais presentes na vida das pessoas. Centenas de milhares no Brasil e no mundo j\u00e1 sofreram ou ainda sofrem graves consequ\u00eancias causadas por inunda\u00e7\u00f5es, deslizamentos ou grandes per\u00edodos de estiagem.<\/p>\n<p style=\"text-align: justify;\">\u00a0<strong>Aquecimento Global<\/strong><\/p>\n<p style=\"text-align: justify;\">Grande parte desses desastres socioambientais tem rela\u00e7\u00e3o direta com o aquecimento global t\u00e3o discutido nos \u00faltimos tempos por governos de diversos pa\u00edses. O \u00faltimo relat\u00f3rio do Painel Intergovernamental sobre Mudan\u00e7as Clim\u00e1ticas lan\u00e7ado com a denomina\u00e7\u00e3o \u201cMudan\u00e7as Clim\u00e1ticas 2014: impactos, adapta\u00e7\u00e3o e vulnerabilidade\u201d confirmou proje\u00e7\u00f5es anteriores de que as mudan\u00e7as clim\u00e1ticas em virtude do aquecimento antropog\u00eanico, ou seja, relacionados com a atividade humana, continuam aumentando. Em 2013, dados divulgados pelo Centro Americano de Controle da Atmosfera, apontaram emiss\u00e3o recorde de g\u00e1s carb\u00f4nico, atingindo em maio do mesmo ano, 400 partes por milh\u00e3o.<\/p>\n<p style=\"text-align: justify;\">\n<p style=\"text-align: justify;\">O \u00faltimo relat\u00f3rio do Painel Intergovernamental sobre Mudan\u00e7as Clim\u00e1ticas (IPCC), elaborado por especialistas das ONU, afirma que s\u00e3o necess\u00e1rias mais medidas para cortar as emiss\u00f5es de gases de efeito estufa para limitar o aquecimento do planeta em 2\u00baC at\u00e9 2100. Conforme os cientistas \u00e9 preciso romper com os combust\u00edveis f\u00f3sseis poluentes e usar fontes mais limpas. Se as emiss\u00f5es continuarem como est\u00e3o, a temperatura da Terra poder\u00e1 aumentar entre 3,7\u00baC e 4,8\u00baC antes de 2100, atingindo assim um n\u00edvel catastr\u00f3fico.<\/p>\n<p style=\"text-align: justify;\"><strong>A\u00e7\u00f5es do homem<\/strong><\/p>\n<p style=\"text-align: justify;\">Ivo Poletto, do F\u00f3rum de Mudan\u00e7as Clim\u00e1ticas e Justi\u00e7a Social, afirma que as mudan\u00e7as clim\u00e1ticas agravam os fen\u00f4menos que ele ironiza dizendo que, muitas vezes, s\u00e3o reportados como \u201cnaturais\u201d. De acordo com ele, os fen\u00f4menos s\u00e3o, principalmente, causados por a\u00e7\u00f5es praticadas pelo homem. \u201cEstudos concluem que os fen\u00f4menos s\u00e3o agravados e \u00e9 produto de a\u00e7\u00f5es humanas que t\u00eam interferido em tudo que tem a ver com o clima. O aquecimento \u00e9 global, mas os efeitos s\u00e3o desiguais. As popula\u00e7\u00f5es mais empobrecidas s\u00e3o as que mais sofrem os impactos das mudan\u00e7as clim\u00e1ticas\u201d.<\/p>\n<p style=\"text-align: justify;\">Segundo Poletto, a a\u00e7\u00e3o do homem interfere na composi\u00e7\u00e3o atmosf\u00e9rica aumentando gravemente a emiss\u00e3o de gases. \u201cNosso planeta est\u00e1 entrando em outro ciclo de sua hist\u00f3ria, o antropog\u00eanico, fortemente marcado por a\u00e7\u00f5es humanas. Essa interven\u00e7\u00e3o \u00e9 t\u00e3o grave que est\u00e1 determinando um novo clico da Terra\u201d, alertou.<\/p>\n<p style=\"text-align: justify;\"><strong>\u00a0Mudan\u00e7as clim\u00e1ticas e produ\u00e7\u00e3o de alimentos<\/strong><\/p>\n<p style=\"text-align: justify;\">Os desastres socioambientais est\u00e3o diretamente relacionados com as mudan\u00e7as clim\u00e1ticas. Al\u00e9m de agravar as situa\u00e7\u00f5es de emerg\u00eancias, as mudan\u00e7as clim\u00e1ticas afetam diretamente a produ\u00e7\u00e3o de alimentos. Per\u00edodos de grandes estiagens, bem como de inunda\u00e7\u00f5es refletem na qualidade e na quantidade da produ\u00e7\u00e3o, por exemplo, refletindo na sustentabilidade alimentar das pessoas.<\/p>\n<p style=\"text-align: justify;\">O conceito de soberania alimentar considera que para ser livre um povo precisa ser soberano e essa soberania passa, necessariamente, pela alimenta\u00e7\u00e3o. Ser soberano significa produzir e comercializar comida localmente, vinculada a cultura e ao modo de vida da popula\u00e7\u00e3o, afastando a depend\u00eancia que existe dos grandes mercados internacionais para alimentar o povo de um pa\u00eds. A soberania passa ainda pela sa\u00fade, com uma produ\u00e7\u00e3o limpa, sem agrot\u00f3xicos ou veneno, e tem por objetivo o equil\u00edbrio ambiental.<\/p>\n<p style=\"text-align: justify;\">Segundo o ministro de Rela\u00e7\u00f5es Exteriores, Milton Rond\u00f3, o conceito de soberania alimentar agrega a capacidade de cada pa\u00eds em garantir pol\u00edticas p\u00fablicas de alimenta\u00e7\u00e3o. Rond\u00f3 tamb\u00e9m \u00e9 coordenador geral de a\u00e7\u00f5es internacionais de luta contra a fome.<\/p>\n<p style=\"text-align: justify;\">\u201cNo Brasil tr\u00eas cadeias de supermercados controlam 70% da distribui\u00e7\u00e3o dos alimentos e para ter acesso a esse alimento a pessoas tem de ter uma renda m\u00ednima para compr\u00e1-lo. O problema da alimenta\u00e7\u00e3o n\u00e3o \u00e9 a quantidade, mas a distribui\u00e7\u00e3o, o acesso ao alimento\u201d, afirmou o ministro. Ele lembrou que o pa\u00eds tem a s\u00e9tima maior economia mundial, sendo um dos maiores produtores de alimentos, por\u00e9m milhares de pessoas ainda passam fome.<\/p>\n<p style=\"text-align: justify;\">M\u00e1rcio Adriano, da C\u00e1ritas Brasileira Regional Minas Gerais, destacou que a quest\u00e3o da alimenta\u00e7\u00e3o, especialmente no Brasil, passa necessariamente por uma reforma pol\u00edtica. \u201cNosso congresso \u00e9 dominado por uma bancada ruralista que atende aos interesses do agroneg\u00f3cio. N\u00e3o temos representa\u00e7\u00e3o negra, feminina, campesina efetiva\u201d, ressaltou. Nesta perspectiva, Rond\u00f3 afirmou: \u201ca fome n\u00e3o \u00e9 algo natural, a fome \u00e9 um problema pol\u00edtico!\u201d<\/p>\n<p style=\"text-align: justify;\">Nesta perspectiva, a campanha mundial contra a fome, a pobreza e as desigualdades \u201cUma fam\u00edlia humana, p\u00e3o e justi\u00e7a para todas as pessoas\u201d, promovida pela Rede C\u00e1ritas em 150 pa\u00edses discute, principalmente, o direito \u00e0 alimenta\u00e7\u00e3o. O problema da alimenta\u00e7\u00e3o n\u00e3o \u00e9 a falta de comida no mundo, mas a distribui\u00e7\u00e3o, o acesso. Isso \u00e9 uma quest\u00e3o de justi\u00e7a social. Quando falamos de alimenta\u00e7\u00e3o, n\u00e3o falamos somente do ato de comer, mas de todo o processo desde a produ\u00e7\u00e3o, por exemplo\u201d, destacou Adriana Oppromolla, da Caritas Internationalis.<\/p>\n<p style=\"text-align: justify;\">\u00a0por Thays Puzzi, assessora de Comunica\u00e7\u00e3o da C\u00e1ritas Brasileira | Secretariado Nacional<\/p>\n<ul class=\"ssb_list_wrapper\"><li class=\"fb2\" style=\"width:135px\"><iframe src=\"\/\/www.facebook.com\/plugins\/like.php?href=https%3A%2F%2Fwww.caritasne2.org.br%2Fsite%2Fsemana-meio-ambiente-mudancas-climaticas-acoes-homem-producao-de-alimentos%2F&amp;layout=button_count&amp;action=like&amp;show_faces=false&amp;share=true&amp;width=135&amp;height=21&amp;appId=307091639398582\" scrolling=\"no\" frameborder=\"0\" style=\"border:none; overflow:hidden;  width:150px; height:21px;\" allowTransparency=\"true\"><\/iframe><\/li><li class=\"twtr\" style=\"width:90px\"><a href=\"https:\/\/twitter.com\/share\" class=\"twitter-share-button\" data-url=\"https:\/\/www.caritasne2.org.br\/site\/semana-meio-ambiente-mudancas-climaticas-acoes-homem-producao-de-alimentos\/\">&nbsp;<\/a><script>!function(d,s,id){var js,fjs=d.getElementsByTagName(s)[0],p=\/^http:\/.test(d.location)?'http':'https';if(!d.getElementById(id)){js=d.createElement(s);js.id=id;js.src=p+':\/\/platform.twitter.com\/widgets.js';fjs.parentNode.insertBefore(js,fjs);}}(document, 'script', 'twitter-wjs');<\/script><\/li><li class=\"gplus\" style=\"width:68px\"><div class=\"g-plusone\" data-size=\"medium\" data-href=\"https:\/\/www.caritasne2.org.br\/site\/semana-meio-ambiente-mudancas-climaticas-acoes-homem-producao-de-alimentos\/\"><\/div><\/li><li class=\"ssb_linkedin\" style=\"width:64px\"><script src=\"\/\/platform.linkedin.com\/in.js\" type=\"text\/javascript\">lang: en_US<\/script><script type=\"IN\/Share\" data-url=\"https:\/\/www.caritasne2.org.br\/site\/semana-meio-ambiente-mudancas-climaticas-acoes-homem-producao-de-alimentos\/\" data-counter=\"right\"><\/script><\/li><\/ul>","protected":false},"excerpt":{"rendered":"<p>Todos os anos, os primeiros dias de junho s\u00e3o dedicados a celebrar a Semana do Meio Ambiente. Dia 5 de junho, comemora-se o Dia Mundial do Meio Ambiente e um dos assuntos que mais tem chamado a aten\u00e7\u00e3o em torno do tema s\u00e3o as mudan\u00e7as clim\u00e1ticas que a cada dia est\u00e3o mais presentes na vida das pessoas. Centenas de milhares no Brasil e no mundo [&hellip;]<\/p>\n<ul class=\"ssb_list_wrapper\"><li class=\"fb2\" style=\"width:135px\"><iframe src=\"\/\/www.facebook.com\/plugins\/like.php?href=https%3A%2F%2Fwww.caritasne2.org.br%2Fsite%2Fsemana-meio-ambiente-mudancas-climaticas-acoes-homem-producao-de-alimentos%2F&amp;layout=button_count&amp;action=like&amp;show_faces=false&amp;share=true&amp;width=135&amp;height=21&amp;appId=307091639398582\" scrolling=\"no\" frameborder=\"0\" style=\"border:none; overflow:hidden;  width:150px; height:21px;\" allowTransparency=\"true\"><\/iframe><\/li><li class=\"twtr\" style=\"width:90px\"><a href=\"https:\/\/twitter.com\/share\" class=\"twitter-share-button\" data-url=\"https:\/\/www.caritasne2.org.br\/site\/semana-meio-ambiente-mudancas-climaticas-acoes-homem-producao-de-alimentos\/\">&nbsp;<\/a><script>!function(d,s,id){var js,fjs=d.getElementsByTagName(s)[0],p=\/^http:\/.test(d.location)?'http':'https';if(!d.getElementById(id)){js=d.createElement(s);js.id=id;js.src=p+':\/\/platform.twitter.com\/widgets.js';fjs.parentNode.insertBefore(js,fjs);}}(document, 'script', 'twitter-wjs');<\/script><\/li><li class=\"gplus\" style=\"width:68px\"><div class=\"g-plusone\" data-size=\"medium\" data-href=\"https:\/\/www.caritasne2.org.br\/site\/semana-meio-ambiente-mudancas-climaticas-acoes-homem-producao-de-alimentos\/\"><\/div><\/li><li class=\"ssb_linkedin\" style=\"width:64px\"><script src=\"\/\/platform.linkedin.com\/in.js\" type=\"text\/javascript\">lang: en_US<\/script><script type=\"IN\/Share\" data-url=\"https:\/\/www.caritasne2.org.br\/site\/semana-meio-ambiente-mudancas-climaticas-acoes-homem-producao-de-alimentos\/\" data-counter=\"right\"><\/script><\/li><\/ul>","protected":false},"author":4,"featured_media":1793,"comment_status":"open","ping_status":"open","sticky":false,"template":"","format":"standard","meta":[],"categories":[20,406],"tags":[67,407],"_links":{"self":[{"href":"https:\/\/www.caritasne2.org.br\/site\/wp-json\/wp\/v2\/posts\/1792"}],"collection":[{"href":"https:\/\/www.caritasne2.org.br\/site\/wp-json\/wp\/v2\/posts"}],"about":[{"href":"https:\/\/www.caritasne2.org.br\/site\/wp-json\/wp\/v2\/types\/post"}],"author":[{"embeddable":true,"href":"https:\/\/www.caritasne2.org.br\/site\/wp-json\/wp\/v2\/users\/4"}],"replies":[{"embeddable":true,"href":"https:\/\/www.caritasne2.org.br\/site\/wp-json\/wp\/v2\/comments?post=1792"}],"version-history":[{"count":0,"href":"https:\/\/www.caritasne2.org.br\/site\/wp-json\/wp\/v2\/posts\/1792\/revisions"}],"wp:featuredmedia":[{"embeddable":true,"href":"https:\/\/www.caritasne2.org.br\/site\/wp-json\/"}],"wp:attachment":[{"href":"https:\/\/www.caritasne2.org.br\/site\/wp-json\/wp\/v2\/media?parent=1792"}],"wp:term":[{"taxonomy":"category","embeddable":true,"href":"https:\/\/www.caritasne2.org.br\/site\/wp-json\/wp\/v2\/categories?post=1792"},{"taxonomy":"post_tag","embeddable":true,"href":"https:\/\/www.caritasne2.org.br\/site\/wp-json\/wp\/v2\/tags?post=1792"}],"curies":[{"name":"wp","href":"https:\/\/api.w.org\/{rel}","templated":true}]}}