{"id":1773,"date":"2014-05-21T09:45:21","date_gmt":"2014-05-21T12:45:21","guid":{"rendered":"http:\/\/ne2.caritas.org.br.s174889.gridserver.com\/?p=1773"},"modified":"2017-07-11T15:22:25","modified_gmt":"2017-07-11T18:22:25","slug":"marco-regulatorio-das-organizacoes-da-sociedade-civil-e-pauta-de-seminario","status":"publish","type":"post","link":"https:\/\/www.caritasne2.org.br\/site\/marco-regulatorio-das-organizacoes-da-sociedade-civil-e-pauta-de-seminario\/","title":{"rendered":"Marco Regulat\u00f3rio das Organiza\u00e7\u00f5es da Sociedade Civil \u00e9 pauta de semin\u00e1rio"},"content":{"rendered":"<p style=\"text-align: justify;\">Nos dias 22 e 23 de maio, ser\u00e1 realizado o II Semin\u00e1rio Internacional do Marco Regulat\u00f3rio das Organiza\u00e7\u00f5es da Sociedade Civil.<\/p>\n<p style=\"text-align: justify;\">O evento ser\u00e1 promovido pela Secretaria-Geral da Presid\u00eancia da Rep\u00fablica, e ter\u00e1 o apoio da Uni\u00e3o Europeia (Projeto Di\u00e1logos Setoriais Uni\u00e3o Europeia\/Brasil) e do Programa das Na\u00e7\u00f5es Unidas para o Desenvolvimento (Pnud). A abertura ocorre \u00e0s 18h do dia 21 de maio, no Centro Internacional de Conven\u00e7\u00f5es do Brasil (CICB), em Bras\u00edlia e o restante do evento acontece no \u00e2mbito da Arena da Participa\u00e7\u00e3o Social.<\/p>\n<p style=\"text-align: justify;\">Este semin\u00e1rio ter\u00e1 como objetivo estimular o debate sobre ambiente jur\u00eddico e institucional relacionado \u00e0s organiza\u00e7\u00f5es da sociedade civil e suas rela\u00e7\u00f5es de parceria com o Estado, ampliando o conhecimento sobre a agenda. Estar\u00e3o presentes especialistas nacionais e internacionais, com o objetivo de realizar um balan\u00e7o da agenda do Marco Regulat\u00f3rio e dialogar sobre perspectivas para os pr\u00f3ximos anos.<\/p>\n<p style=\"text-align: justify;\">Entre os temas debatidos est\u00e3o a rela\u00e7\u00e3o da sociedade civil organizada com o Estado, a sustentabilidade econ\u00f4mica das organiza\u00e7\u00f5es e os modelos de certifica\u00e7\u00e3o. No grupo de palestrantes est\u00e3o o economista e professor da PUC-SP, Ladislaw Dowbor; a educadora e diretora da Associa\u00e7\u00e3o Brasileira de Organiza\u00e7\u00f5es N\u00e3o-Governamentais (Abong), Vera Masag\u00e3o; o economista e secret\u00e1rio Nacional de Economia Solid\u00e1ria do Minist\u00e9rio do Trabalho e Emprego, Paul Singer; o jornalista e cientista pol\u00edtico Leonardo Sakamoto; o gerente de projetos do Banco Mundial, Roberto Senderowitsch; e a vice-presidente do International Center for Not-for-Profit Law (ICNL), Nilda Bullain.<\/p>\n<p style=\"text-align: justify;\">Ser\u00e3o realizadas oficinas, um estande de tira-d\u00favidas e a Maratona Hacker das Organiza\u00e7\u00f5es da Sociedade Civil, que envolver\u00e1 hackers, designers, pesquisadores na cria\u00e7\u00e3o de aplicativos e solu\u00e7\u00f5es tecnol\u00f3gicas sobre o universo das organiza\u00e7\u00f5es da sociedade civil e ir\u00e1 ampliar o conhecimento sobre a sua import\u00e2ncia.<\/p>\n<p style=\"text-align: justify;\">Tamb\u00e9m estar\u00e3o presentes pesquisadores, gestores p\u00fablicos e observat\u00f3rios de pol\u00edticas p\u00fablicas na atividade Pensando as Organiza\u00e7\u00f5es da Sociedade Civil: a forma\u00e7\u00e3o de uma rede de pesquisa. A articula\u00e7\u00e3o para a cria\u00e7\u00e3o da rede ir\u00e1 promover o mapeamento e a reflex\u00e3o cr\u00edtica sobre a produ\u00e7\u00e3o de conhecimento atual relacionada ao tema. Estar\u00e3o em discuss\u00e3o os estudos relacionados Marco Regulat\u00f3rio das Organiza\u00e7\u00f5es da Sociedade bem como a import\u00e2ncia da sociedade civil organizada relevante da participa\u00e7\u00e3o social. A atividade buscar\u00e1 construir uma agenda comum entre os participantes e identificar temas de interesse que subsidiem o fomento a pesquisas futuras.<\/p>\n<p style=\"text-align: justify;\">A C\u00e1ritas Brasileira \u00e9 uma das entidades que promotoras dessa mobiliza\u00e7\u00e3o e que faz parte da Plataforma por um Novo Marco Regulat\u00f3rio das OSCs (Organiza\u00e7\u00f5es da Sociedade Civil).<\/p>\n<p style=\"text-align: justify;\"><strong>Servi\u00e7o:<\/strong><\/p>\n<p style=\"text-align: justify;\">II Semin\u00e1rio Internacional do Marco Regulat\u00f3rio das Organiza\u00e7\u00f5es da Sociedade Civil<\/p>\n<p style=\"text-align: justify;\">Quando: 21 a 23 de maio de 2014<\/p>\n<p style=\"text-align: justify;\">Onde: Centro Internacional de Conven\u00e7\u00f5es do Brasil (CICB), Bras\u00edlia.<\/p>\n<p style=\"text-align: justify;\">Mais informa\u00e7\u00f5es: www.participa.br\/osc<\/p>\n<ul class=\"ssb_list_wrapper\"><li class=\"fb2\" style=\"width:135px\"><iframe src=\"\/\/www.facebook.com\/plugins\/like.php?href=https%3A%2F%2Fwww.caritasne2.org.br%2Fsite%2Fmarco-regulatorio-das-organizacoes-da-sociedade-civil-e-pauta-de-seminario%2F&amp;layout=button_count&amp;action=like&amp;show_faces=false&amp;share=true&amp;width=135&amp;height=21&amp;appId=307091639398582\" scrolling=\"no\" frameborder=\"0\" style=\"border:none; overflow:hidden;  width:150px; height:21px;\" allowTransparency=\"true\"><\/iframe><\/li><li class=\"twtr\" style=\"width:90px\"><a href=\"https:\/\/twitter.com\/share\" class=\"twitter-share-button\" data-url=\"https:\/\/www.caritasne2.org.br\/site\/marco-regulatorio-das-organizacoes-da-sociedade-civil-e-pauta-de-seminario\/\">&nbsp;<\/a><script>!function(d,s,id){var js,fjs=d.getElementsByTagName(s)[0],p=\/^http:\/.test(d.location)?'http':'https';if(!d.getElementById(id)){js=d.createElement(s);js.id=id;js.src=p+':\/\/platform.twitter.com\/widgets.js';fjs.parentNode.insertBefore(js,fjs);}}(document, 'script', 'twitter-wjs');<\/script><\/li><li class=\"gplus\" style=\"width:68px\"><div class=\"g-plusone\" data-size=\"medium\" data-href=\"https:\/\/www.caritasne2.org.br\/site\/marco-regulatorio-das-organizacoes-da-sociedade-civil-e-pauta-de-seminario\/\"><\/div><\/li><li class=\"ssb_linkedin\" style=\"width:64px\"><script src=\"\/\/platform.linkedin.com\/in.js\" type=\"text\/javascript\">lang: en_US<\/script><script type=\"IN\/Share\" data-url=\"https:\/\/www.caritasne2.org.br\/site\/marco-regulatorio-das-organizacoes-da-sociedade-civil-e-pauta-de-seminario\/\" data-counter=\"right\"><\/script><\/li><\/ul>","protected":false},"excerpt":{"rendered":"<p>Nos dias 22 e 23 de maio, ser\u00e1 realizado o II Semin\u00e1rio Internacional do Marco Regulat\u00f3rio das Organiza\u00e7\u00f5es da Sociedade Civil. O evento ser\u00e1 promovido pela Secretaria-Geral da Presid\u00eancia da Rep\u00fablica, e ter\u00e1 o apoio da Uni\u00e3o Europeia (Projeto Di\u00e1logos Setoriais Uni\u00e3o Europeia\/Brasil) e do Programa das Na\u00e7\u00f5es Unidas para o Desenvolvimento (Pnud). A abertura ocorre \u00e0s 18h do dia 21 de maio, no Centro [&hellip;]<\/p>\n<ul class=\"ssb_list_wrapper\"><li class=\"fb2\" style=\"width:135px\"><iframe src=\"\/\/www.facebook.com\/plugins\/like.php?href=https%3A%2F%2Fwww.caritasne2.org.br%2Fsite%2Fmarco-regulatorio-das-organizacoes-da-sociedade-civil-e-pauta-de-seminario%2F&amp;layout=button_count&amp;action=like&amp;show_faces=false&amp;share=true&amp;width=135&amp;height=21&amp;appId=307091639398582\" scrolling=\"no\" frameborder=\"0\" style=\"border:none; overflow:hidden;  width:150px; height:21px;\" allowTransparency=\"true\"><\/iframe><\/li><li class=\"twtr\" style=\"width:90px\"><a href=\"https:\/\/twitter.com\/share\" class=\"twitter-share-button\" data-url=\"https:\/\/www.caritasne2.org.br\/site\/marco-regulatorio-das-organizacoes-da-sociedade-civil-e-pauta-de-seminario\/\">&nbsp;<\/a><script>!function(d,s,id){var js,fjs=d.getElementsByTagName(s)[0],p=\/^http:\/.test(d.location)?'http':'https';if(!d.getElementById(id)){js=d.createElement(s);js.id=id;js.src=p+':\/\/platform.twitter.com\/widgets.js';fjs.parentNode.insertBefore(js,fjs);}}(document, 'script', 'twitter-wjs');<\/script><\/li><li class=\"gplus\" style=\"width:68px\"><div class=\"g-plusone\" data-size=\"medium\" data-href=\"https:\/\/www.caritasne2.org.br\/site\/marco-regulatorio-das-organizacoes-da-sociedade-civil-e-pauta-de-seminario\/\"><\/div><\/li><li class=\"ssb_linkedin\" style=\"width:64px\"><script src=\"\/\/platform.linkedin.com\/in.js\" type=\"text\/javascript\">lang: en_US<\/script><script type=\"IN\/Share\" data-url=\"https:\/\/www.caritasne2.org.br\/site\/marco-regulatorio-das-organizacoes-da-sociedade-civil-e-pauta-de-seminario\/\" data-counter=\"right\"><\/script><\/li><\/ul>","protected":false},"author":4,"featured_media":1774,"comment_status":"open","ping_status":"open","sticky":false,"template":"","format":"standard","meta":[],"categories":[20],"tags":[67,399,400,401],"_links":{"self":[{"href":"https:\/\/www.caritasne2.org.br\/site\/wp-json\/wp\/v2\/posts\/1773"}],"collection":[{"href":"https:\/\/www.caritasne2.org.br\/site\/wp-json\/wp\/v2\/posts"}],"about":[{"href":"https:\/\/www.caritasne2.org.br\/site\/wp-json\/wp\/v2\/types\/post"}],"author":[{"embeddable":true,"href":"https:\/\/www.caritasne2.org.br\/site\/wp-json\/wp\/v2\/users\/4"}],"replies":[{"embeddable":true,"href":"https:\/\/www.caritasne2.org.br\/site\/wp-json\/wp\/v2\/comments?post=1773"}],"version-history":[{"count":0,"href":"https:\/\/www.caritasne2.org.br\/site\/wp-json\/wp\/v2\/posts\/1773\/revisions"}],"wp:featuredmedia":[{"embeddable":true,"href":"https:\/\/www.caritasne2.org.br\/site\/wp-json\/"}],"wp:attachment":[{"href":"https:\/\/www.caritasne2.org.br\/site\/wp-json\/wp\/v2\/media?parent=1773"}],"wp:term":[{"taxonomy":"category","embeddable":true,"href":"https:\/\/www.caritasne2.org.br\/site\/wp-json\/wp\/v2\/categories?post=1773"},{"taxonomy":"post_tag","embeddable":true,"href":"https:\/\/www.caritasne2.org.br\/site\/wp-json\/wp\/v2\/tags?post=1773"}],"curies":[{"name":"wp","href":"https:\/\/api.w.org\/{rel}","templated":true}]}}