{"id":1770,"date":"2014-05-19T15:53:14","date_gmt":"2014-05-19T18:53:14","guid":{"rendered":"http:\/\/ne2.caritas.org.br.s174889.gridserver.com\/?p=1770"},"modified":"2017-07-11T15:22:25","modified_gmt":"2017-07-11T18:22:25","slug":"encontro-internacional-debate-gestao-de-risco-emergencia-em-brasilia","status":"publish","type":"post","link":"https:\/\/www.caritasne2.org.br\/site\/encontro-internacional-debate-gestao-de-risco-emergencia-em-brasilia\/","title":{"rendered":"Encontro internacional debate Gest\u00e3o de Risco e Emerg\u00eancia em Bras\u00edlia"},"content":{"rendered":"<p style=\"text-align: center;\"><em>O ministro de Rela\u00e7\u00f5es Exteriores, Milton Rond\u00f3, e a secret\u00e1ria nacional da Defesa Civil, Cristiane Antunes, participar\u00e3o do evento que reunir\u00e1 representantes de todos os pa\u00edses da Am\u00e9rica Latina e do Caribe<\/em><\/p>\n<p style=\"text-align: center;\"><em>\u00a0<\/em><\/p>\n<p style=\"text-align: justify;\">Situa\u00e7\u00f5es de emerg\u00eancias provocadas por desastres naturais como grandes enchentes e deslizamentos s\u00e3o, em grande parte, socialmente produzidas e vinculadas a processos de vulnerabilidades sociais e econ\u00f4micas. Nesta perspectiva, ocorrer\u00e1 em Bras\u00edlia (DF), de 20 a 23 de maio, o VIII Encontro de Meio Ambiente, Gest\u00e3o de Risco e Emerg\u00eancias da Rede C\u00e1ritas da Am\u00e9rica Latina e do Caribe.<\/p>\n<p style=\"text-align: justify;\">De acordo com Jos\u00e9 Magalh\u00e3es de Sousa, assessor nacional da C\u00e1ritas Brasileira, o evento tem o objetivo de contribuir com a redu\u00e7\u00e3o de danos humanos, sociais e econ\u00f4micos dos desastres em popula\u00e7\u00f5es vulner\u00e1veis, al\u00e9m de refor\u00e7ar a capacidade de gest\u00e3o de risco e debater estrat\u00e9gias de adapta\u00e7\u00e3o \u00e0s mudan\u00e7as clim\u00e1ticas para a garantia da seguran\u00e7a alimentar.<\/p>\n<p style=\"text-align: justify;\">Para isso ser\u00e3o expostos e debatidos temas como a situa\u00e7\u00e3o de pol\u00edticas e processos de gest\u00e3o de risco, a pol\u00edtica do Brasil para a redu\u00e7\u00e3o de riscos e as diretrizes de seguran\u00e7a alimentar. Participar\u00e3o do encontro representantes de todos os pa\u00edses da Am\u00e9rica Latina e do Caribe e da Caritas Internationalis, a secret\u00e1ria nacional da Defesa Civil, Cristiane Antunes, e o ministro de Rela\u00e7\u00f5es Exteriores, Milton Rond\u00f3.<\/p>\n<p style=\"text-align: justify;\">A Rede C\u00e1ritas desenvolve projetos e promove a\u00e7\u00f5es de solidariedade nacionais e internacionais de atendimento a comunidades afetadas por desastres socioambientais ou que est\u00e3o em situa\u00e7\u00e3o de vulnerabilidade em \u00e1reas de risco.<\/p>\n<p style=\"text-align: justify;\">As mesas ser\u00e3o transmitidas ao vivo pela internet no site da C\u00e1ritas Brasileira. Confira:<\/p>\n<p><strong>20 de maio | ter\u00e7a-feira<\/strong><\/p>\n<p>9h30 \u2013 Situa\u00e7\u00e3o de pol\u00edticas e processos de gest\u00e3o de risco<\/p>\n<p>10h45 \u2013 Marco de A\u00e7\u00e3o de Hyogo e Plataformas Nacionais de Redu\u00e7\u00e3o de Risco<\/p>\n<p>13h30 \u2013 A pol\u00edtica do Brasil em redu\u00e7\u00e3o de riscos<\/p>\n<p>16h45 \u2013 Estrat\u00e9gias de incid\u00eancia em gest\u00e3o de risco<\/p>\n<p><strong>21 de maio | quarta-feira<\/strong><\/p>\n<p>9h \u2013 Enfoque na equidade na gest\u00e3o de risco<\/p>\n<p>14h \u2013 Situa\u00e7\u00e3o e perspectiva sobre protocolos nacionais de prepara\u00e7\u00e3o a emerg\u00eancias<\/p>\n<p>15h \u2013 Caixa de ferramentas de Emerg\u00eancias da Caritas Internationalis<\/p>\n<p><strong>22 de maio | quinta-feira<\/strong><\/p>\n<p>8h30 \u2013 Situa\u00e7\u00e3o das mudan\u00e7as clim\u00e1ticas e Marco das Na\u00e7\u00f5es Unidas<\/p>\n<p>10h15 \u2013 Diretrizes de Seguran\u00e7a Alimentar<\/p>\n<p>14h \u2013 Campanha Mundial \u201cUma fam\u00edlia humana, p\u00e3o e justi\u00e7a para todas as pessoas\u201d<\/p>\n<p>15h30 \u2013 Estrat\u00e9gias e incid\u00eancia frente \u00e0s mudan\u00e7as clim\u00e1ticas para a seguran\u00e7a alimentar<\/p>\n<p><strong>Servi\u00e7o<\/strong><\/p>\n<p>VIII Encontro de Meio Ambiente, Gest\u00e3o de Risco e Emerg\u00eancias da Rede C\u00e1ritas da Am\u00e9rica Latina e do Caribe.<\/p>\n<p>De 20 a 23 de maio de 2014.<\/p>\n<p>Na sede do Secretariado Nacional da C\u00e1ritas Brasileira \u2013 SGAN Quadra 601 M\u00f3dulo F \u2013 Asa Norte \u2013 Bras\u00edlia (DF).<\/p>\n<p>por Thays Puzzi, assessora de Comunica\u00e7\u00e3o da C\u00e1ritas Brasileira | Secretariado Nacional<\/p>\n<ul class=\"ssb_list_wrapper\"><li class=\"fb2\" style=\"width:135px\"><iframe src=\"\/\/www.facebook.com\/plugins\/like.php?href=https%3A%2F%2Fwww.caritasne2.org.br%2Fsite%2Fencontro-internacional-debate-gestao-de-risco-emergencia-em-brasilia%2F&amp;layout=button_count&amp;action=like&amp;show_faces=false&amp;share=true&amp;width=135&amp;height=21&amp;appId=307091639398582\" scrolling=\"no\" frameborder=\"0\" style=\"border:none; overflow:hidden;  width:150px; height:21px;\" allowTransparency=\"true\"><\/iframe><\/li><li class=\"twtr\" style=\"width:90px\"><a href=\"https:\/\/twitter.com\/share\" class=\"twitter-share-button\" data-url=\"https:\/\/www.caritasne2.org.br\/site\/encontro-internacional-debate-gestao-de-risco-emergencia-em-brasilia\/\">&nbsp;<\/a><script>!function(d,s,id){var js,fjs=d.getElementsByTagName(s)[0],p=\/^http:\/.test(d.location)?'http':'https';if(!d.getElementById(id)){js=d.createElement(s);js.id=id;js.src=p+':\/\/platform.twitter.com\/widgets.js';fjs.parentNode.insertBefore(js,fjs);}}(document, 'script', 'twitter-wjs');<\/script><\/li><li class=\"gplus\" style=\"width:68px\"><div class=\"g-plusone\" data-size=\"medium\" data-href=\"https:\/\/www.caritasne2.org.br\/site\/encontro-internacional-debate-gestao-de-risco-emergencia-em-brasilia\/\"><\/div><\/li><li class=\"ssb_linkedin\" style=\"width:64px\"><script src=\"\/\/platform.linkedin.com\/in.js\" type=\"text\/javascript\">lang: en_US<\/script><script type=\"IN\/Share\" data-url=\"https:\/\/www.caritasne2.org.br\/site\/encontro-internacional-debate-gestao-de-risco-emergencia-em-brasilia\/\" data-counter=\"right\"><\/script><\/li><\/ul>","protected":false},"excerpt":{"rendered":"<p>O ministro de Rela\u00e7\u00f5es Exteriores, Milton Rond\u00f3, e a secret\u00e1ria nacional da Defesa Civil, Cristiane Antunes, participar\u00e3o do evento que reunir\u00e1 representantes de todos os pa\u00edses da Am\u00e9rica Latina e do Caribe \u00a0 Situa\u00e7\u00f5es de emerg\u00eancias provocadas por desastres naturais como grandes enchentes e deslizamentos s\u00e3o, em grande parte, socialmente produzidas e vinculadas a processos de vulnerabilidades sociais e econ\u00f4micas. Nesta perspectiva, ocorrer\u00e1 em Bras\u00edlia [&hellip;]<\/p>\n<ul class=\"ssb_list_wrapper\"><li class=\"fb2\" style=\"width:135px\"><iframe src=\"\/\/www.facebook.com\/plugins\/like.php?href=https%3A%2F%2Fwww.caritasne2.org.br%2Fsite%2Fencontro-internacional-debate-gestao-de-risco-emergencia-em-brasilia%2F&amp;layout=button_count&amp;action=like&amp;show_faces=false&amp;share=true&amp;width=135&amp;height=21&amp;appId=307091639398582\" scrolling=\"no\" frameborder=\"0\" style=\"border:none; overflow:hidden;  width:150px; height:21px;\" allowTransparency=\"true\"><\/iframe><\/li><li class=\"twtr\" style=\"width:90px\"><a href=\"https:\/\/twitter.com\/share\" class=\"twitter-share-button\" data-url=\"https:\/\/www.caritasne2.org.br\/site\/encontro-internacional-debate-gestao-de-risco-emergencia-em-brasilia\/\">&nbsp;<\/a><script>!function(d,s,id){var js,fjs=d.getElementsByTagName(s)[0],p=\/^http:\/.test(d.location)?'http':'https';if(!d.getElementById(id)){js=d.createElement(s);js.id=id;js.src=p+':\/\/platform.twitter.com\/widgets.js';fjs.parentNode.insertBefore(js,fjs);}}(document, 'script', 'twitter-wjs');<\/script><\/li><li class=\"gplus\" style=\"width:68px\"><div class=\"g-plusone\" data-size=\"medium\" data-href=\"https:\/\/www.caritasne2.org.br\/site\/encontro-internacional-debate-gestao-de-risco-emergencia-em-brasilia\/\"><\/div><\/li><li class=\"ssb_linkedin\" style=\"width:64px\"><script src=\"\/\/platform.linkedin.com\/in.js\" type=\"text\/javascript\">lang: en_US<\/script><script type=\"IN\/Share\" data-url=\"https:\/\/www.caritasne2.org.br\/site\/encontro-internacional-debate-gestao-de-risco-emergencia-em-brasilia\/\" data-counter=\"right\"><\/script><\/li><\/ul>","protected":false},"author":4,"featured_media":1771,"comment_status":"open","ping_status":"open","sticky":false,"template":"","format":"standard","meta":[],"categories":[20],"tags":[67,301,304,302],"_links":{"self":[{"href":"https:\/\/www.caritasne2.org.br\/site\/wp-json\/wp\/v2\/posts\/1770"}],"collection":[{"href":"https:\/\/www.caritasne2.org.br\/site\/wp-json\/wp\/v2\/posts"}],"about":[{"href":"https:\/\/www.caritasne2.org.br\/site\/wp-json\/wp\/v2\/types\/post"}],"author":[{"embeddable":true,"href":"https:\/\/www.caritasne2.org.br\/site\/wp-json\/wp\/v2\/users\/4"}],"replies":[{"embeddable":true,"href":"https:\/\/www.caritasne2.org.br\/site\/wp-json\/wp\/v2\/comments?post=1770"}],"version-history":[{"count":0,"href":"https:\/\/www.caritasne2.org.br\/site\/wp-json\/wp\/v2\/posts\/1770\/revisions"}],"wp:featuredmedia":[{"embeddable":true,"href":"https:\/\/www.caritasne2.org.br\/site\/wp-json\/"}],"wp:attachment":[{"href":"https:\/\/www.caritasne2.org.br\/site\/wp-json\/wp\/v2\/media?parent=1770"}],"wp:term":[{"taxonomy":"category","embeddable":true,"href":"https:\/\/www.caritasne2.org.br\/site\/wp-json\/wp\/v2\/categories?post=1770"},{"taxonomy":"post_tag","embeddable":true,"href":"https:\/\/www.caritasne2.org.br\/site\/wp-json\/wp\/v2\/tags?post=1770"}],"curies":[{"name":"wp","href":"https:\/\/api.w.org\/{rel}","templated":true}]}}