{"id":1759,"date":"2014-05-08T13:54:50","date_gmt":"2014-05-08T16:54:50","guid":{"rendered":"http:\/\/ne2.caritas.org.br.s174889.gridserver.com\/?p=1759"},"modified":"2017-07-11T15:22:25","modified_gmt":"2017-07-11T18:22:25","slug":"bispos-elegem-nova-presidencia-da-cnbb-ne2-nesta-quinta","status":"publish","type":"post","link":"https:\/\/www.caritasne2.org.br\/site\/bispos-elegem-nova-presidencia-da-cnbb-ne2-nesta-quinta\/","title":{"rendered":"Bispos elegem nova presid\u00eancia da CNBB-NE2 nesta quinta"},"content":{"rendered":"<p style=\"text-align: justify;\"><a href=\"http:\/\/ne2.caritas.org.br.s174889.gridserver.com\/2014\/05\/08\/bispos-elegem-nova-presidencia-da-cnbb-ne2-nesta-quinta\/download-4\/\" rel=\"attachment wp-att-1767\"><img decoding=\"async\" loading=\"lazy\" class=\"aligncenter size-full wp-image-1767\" title=\"download\" src=\"http:\/\/ne2.caritas.org.br.s174889.gridserver.com\/wp-content\/uploads\/2014\/05\/download3.jpg\" alt=\"\" width=\"258\" height=\"196\" \/><\/a>Os bispos do Regional NE2, reunidos na 52\u00aa Assembleia Geral da CNBB desde o \u00faltimo dia 01, elegem na tarde desta quinta-feira (08), a nova presid\u00eancia da CNBB NE2.<\/p>\n<p style=\"text-align: justify;\">Esta elei\u00e7\u00e3o, inicialmente prevista para 2015, foi antecipada em fun\u00e7\u00e3o da sucess\u00e3o can\u00f4nica na Diocese de Palmares, prevista para o primeiro dia do m\u00eas de junho. A partir de ent\u00e3o, Dom Genival Saraiva \u2013 Bispo de Palmares e Presidente do Regional \u2013 ser\u00e1, de acordo com o C\u00f3digo do Direito Can\u00f4nico, afastado de suas fun\u00e7\u00f5es ap\u00f3s completar 75 anos.<\/p>\n<p style=\"text-align: justify;\">\n<p style=\"text-align: justify;\">Por Valdemir Fran\u00e7a &#8211;\u00a0assessoria de imprensa da CNBB NE2<\/p>\n<ul class=\"ssb_list_wrapper\"><li class=\"fb2\" style=\"width:135px\"><iframe src=\"\/\/www.facebook.com\/plugins\/like.php?href=https%3A%2F%2Fwww.caritasne2.org.br%2Fsite%2Fbispos-elegem-nova-presidencia-da-cnbb-ne2-nesta-quinta%2F&amp;layout=button_count&amp;action=like&amp;show_faces=false&amp;share=true&amp;width=135&amp;height=21&amp;appId=307091639398582\" scrolling=\"no\" frameborder=\"0\" style=\"border:none; overflow:hidden;  width:150px; height:21px;\" allowTransparency=\"true\"><\/iframe><\/li><li class=\"twtr\" style=\"width:90px\"><a href=\"https:\/\/twitter.com\/share\" class=\"twitter-share-button\" data-url=\"https:\/\/www.caritasne2.org.br\/site\/bispos-elegem-nova-presidencia-da-cnbb-ne2-nesta-quinta\/\">&nbsp;<\/a><script>!function(d,s,id){var js,fjs=d.getElementsByTagName(s)[0],p=\/^http:\/.test(d.location)?'http':'https';if(!d.getElementById(id)){js=d.createElement(s);js.id=id;js.src=p+':\/\/platform.twitter.com\/widgets.js';fjs.parentNode.insertBefore(js,fjs);}}(document, 'script', 'twitter-wjs');<\/script><\/li><li class=\"gplus\" style=\"width:68px\"><div class=\"g-plusone\" data-size=\"medium\" data-href=\"https:\/\/www.caritasne2.org.br\/site\/bispos-elegem-nova-presidencia-da-cnbb-ne2-nesta-quinta\/\"><\/div><\/li><li class=\"ssb_linkedin\" style=\"width:64px\"><script src=\"\/\/platform.linkedin.com\/in.js\" type=\"text\/javascript\">lang: en_US<\/script><script type=\"IN\/Share\" data-url=\"https:\/\/www.caritasne2.org.br\/site\/bispos-elegem-nova-presidencia-da-cnbb-ne2-nesta-quinta\/\" data-counter=\"right\"><\/script><\/li><\/ul>","protected":false},"excerpt":{"rendered":"<p>Os bispos do Regional NE2, reunidos na 52\u00aa Assembleia Geral da CNBB desde o \u00faltimo dia 01, elegem na tarde desta quinta-feira (08), a nova presid\u00eancia da CNBB NE2. Esta elei\u00e7\u00e3o, inicialmente prevista para 2015, foi antecipada em fun\u00e7\u00e3o da sucess\u00e3o can\u00f4nica na Diocese de Palmares, prevista para o primeiro dia do m\u00eas de junho. A partir de ent\u00e3o, Dom Genival Saraiva \u2013 Bispo de [&hellip;]<\/p>\n<ul class=\"ssb_list_wrapper\"><li class=\"fb2\" style=\"width:135px\"><iframe src=\"\/\/www.facebook.com\/plugins\/like.php?href=https%3A%2F%2Fwww.caritasne2.org.br%2Fsite%2Fbispos-elegem-nova-presidencia-da-cnbb-ne2-nesta-quinta%2F&amp;layout=button_count&amp;action=like&amp;show_faces=false&amp;share=true&amp;width=135&amp;height=21&amp;appId=307091639398582\" scrolling=\"no\" frameborder=\"0\" style=\"border:none; overflow:hidden;  width:150px; height:21px;\" allowTransparency=\"true\"><\/iframe><\/li><li class=\"twtr\" style=\"width:90px\"><a href=\"https:\/\/twitter.com\/share\" class=\"twitter-share-button\" data-url=\"https:\/\/www.caritasne2.org.br\/site\/bispos-elegem-nova-presidencia-da-cnbb-ne2-nesta-quinta\/\">&nbsp;<\/a><script>!function(d,s,id){var js,fjs=d.getElementsByTagName(s)[0],p=\/^http:\/.test(d.location)?'http':'https';if(!d.getElementById(id)){js=d.createElement(s);js.id=id;js.src=p+':\/\/platform.twitter.com\/widgets.js';fjs.parentNode.insertBefore(js,fjs);}}(document, 'script', 'twitter-wjs');<\/script><\/li><li class=\"gplus\" style=\"width:68px\"><div class=\"g-plusone\" data-size=\"medium\" data-href=\"https:\/\/www.caritasne2.org.br\/site\/bispos-elegem-nova-presidencia-da-cnbb-ne2-nesta-quinta\/\"><\/div><\/li><li class=\"ssb_linkedin\" style=\"width:64px\"><script src=\"\/\/platform.linkedin.com\/in.js\" type=\"text\/javascript\">lang: en_US<\/script><script type=\"IN\/Share\" data-url=\"https:\/\/www.caritasne2.org.br\/site\/bispos-elegem-nova-presidencia-da-cnbb-ne2-nesta-quinta\/\" data-counter=\"right\"><\/script><\/li><\/ul>","protected":false},"author":4,"featured_media":0,"comment_status":"open","ping_status":"open","sticky":false,"template":"","format":"standard","meta":[],"categories":[20],"tags":[397,398],"_links":{"self":[{"href":"https:\/\/www.caritasne2.org.br\/site\/wp-json\/wp\/v2\/posts\/1759"}],"collection":[{"href":"https:\/\/www.caritasne2.org.br\/site\/wp-json\/wp\/v2\/posts"}],"about":[{"href":"https:\/\/www.caritasne2.org.br\/site\/wp-json\/wp\/v2\/types\/post"}],"author":[{"embeddable":true,"href":"https:\/\/www.caritasne2.org.br\/site\/wp-json\/wp\/v2\/users\/4"}],"replies":[{"embeddable":true,"href":"https:\/\/www.caritasne2.org.br\/site\/wp-json\/wp\/v2\/comments?post=1759"}],"version-history":[{"count":0,"href":"https:\/\/www.caritasne2.org.br\/site\/wp-json\/wp\/v2\/posts\/1759\/revisions"}],"wp:attachment":[{"href":"https:\/\/www.caritasne2.org.br\/site\/wp-json\/wp\/v2\/media?parent=1759"}],"wp:term":[{"taxonomy":"category","embeddable":true,"href":"https:\/\/www.caritasne2.org.br\/site\/wp-json\/wp\/v2\/categories?post=1759"},{"taxonomy":"post_tag","embeddable":true,"href":"https:\/\/www.caritasne2.org.br\/site\/wp-json\/wp\/v2\/tags?post=1759"}],"curies":[{"name":"wp","href":"https:\/\/api.w.org\/{rel}","templated":true}]}}