{"id":1753,"date":"2014-05-07T10:16:59","date_gmt":"2014-05-07T13:16:59","guid":{"rendered":"http:\/\/ne2.caritas.org.br.s174889.gridserver.com\/?p=1753"},"modified":"2017-07-11T15:22:25","modified_gmt":"2017-07-11T18:22:25","slug":"bispos-participam-de-celebracao-ecumenica-cristo-nao-esta-dividido","status":"publish","type":"post","link":"https:\/\/www.caritasne2.org.br\/site\/bispos-participam-de-celebracao-ecumenica-cristo-nao-esta-dividido\/","title":{"rendered":"Bispos participam de celebra\u00e7\u00e3o ecum\u00eanica: \u201cCristo n\u00e3o est\u00e1 dividido\u201d"},"content":{"rendered":"<p style=\"text-align: justify;\">Como j\u00e1 \u00e9 tradi\u00e7\u00e3o nas Assembleias Gerais da CNBB, foi realizada ontem, 6 de maio, uma celebra\u00e7\u00e3o ecum\u00eanica com a participa\u00e7\u00e3o dos bispos e de representantes de diversas igrejas crist\u00e3s. A cerim\u00f4nia foi organizada pela Comiss\u00e3o Episcopal Pastoral para o Ecumenismo e o Di\u00e1logo Inter-religioso da CNBB.<\/p>\n<p style=\"text-align: justify;\">Para o presidente da Comiss\u00e3o, dom Francisco Biasin, este \u00e9 um evento muito importante na programa\u00e7\u00e3o da Assembleia Geral. \u201cNeste tempo de pluralismo religioso, temos que valorizar o diferente, o di\u00e1logo e o respeito. \u00c9 uma atitude de abertura e acolhimento de toda a riqueza que as igrejas e as religi\u00f5es podem dar ao nosso caminho de f\u00e9\u201d, disse.<\/p>\n<p style=\"text-align: justify;\">Participaram da celebra\u00e7\u00e3o representantes da Igreja Arm\u00eania, da Igreja Ortodoxa de Antioquia, da Igreja Episcopal Anglicana no Brasil e outras denomina\u00e7\u00f5es. Tamb\u00e9m estava presente a secret\u00e1ria geral do Conselho Nacional de Igrejas Crist\u00e3s, a pastora Romi Bencke, e a representante da Coordenadoria Ecum\u00eanica de Servi\u00e7o, pastora Eleni Rodrigues.<\/p>\n<p style=\"text-align: justify;\">O tema da celebra\u00e7\u00e3o foi o mesmo da Semana de Ora\u00e7\u00e3o pela Unidade dos Crist\u00e3os 2014, que ser\u00e1 realizado entre 1\u00ba e 8 de junho: \u201cAcaso, Cristo est\u00e1 dividido?\u201d. O questionamento de S\u00e3o Paulo na Primeira Carta aos Cor\u00edntios pautou a reflex\u00e3o apresentada durante a cerim\u00f4nia pela pastora Anita Sue Wright Torres, da Igreja Presbiteriana Unida. \u201cEsta celebra\u00e7\u00e3o mostra que Cristo n\u00e3o est\u00e1 dividido. Estamos unidos pela mesma causa, a mesma f\u00e9, um s\u00f3 Senhor e um s\u00f3 batismo. \u00c9 nisso que cremos, e aqui compartilhamos este sentimento e esta certeza de nossa f\u00e9\u201d, afirmou.<\/p>\n<p style=\"text-align: justify;\">Fonte: Site CNBB<\/p>\n<ul class=\"ssb_list_wrapper\"><li class=\"fb2\" style=\"width:135px\"><iframe src=\"\/\/www.facebook.com\/plugins\/like.php?href=https%3A%2F%2Fwww.caritasne2.org.br%2Fsite%2Fbispos-participam-de-celebracao-ecumenica-cristo-nao-esta-dividido%2F&amp;layout=button_count&amp;action=like&amp;show_faces=false&amp;share=true&amp;width=135&amp;height=21&amp;appId=307091639398582\" scrolling=\"no\" frameborder=\"0\" style=\"border:none; overflow:hidden;  width:150px; height:21px;\" allowTransparency=\"true\"><\/iframe><\/li><li class=\"twtr\" style=\"width:90px\"><a href=\"https:\/\/twitter.com\/share\" class=\"twitter-share-button\" data-url=\"https:\/\/www.caritasne2.org.br\/site\/bispos-participam-de-celebracao-ecumenica-cristo-nao-esta-dividido\/\">&nbsp;<\/a><script>!function(d,s,id){var js,fjs=d.getElementsByTagName(s)[0],p=\/^http:\/.test(d.location)?'http':'https';if(!d.getElementById(id)){js=d.createElement(s);js.id=id;js.src=p+':\/\/platform.twitter.com\/widgets.js';fjs.parentNode.insertBefore(js,fjs);}}(document, 'script', 'twitter-wjs');<\/script><\/li><li class=\"gplus\" style=\"width:68px\"><div class=\"g-plusone\" data-size=\"medium\" data-href=\"https:\/\/www.caritasne2.org.br\/site\/bispos-participam-de-celebracao-ecumenica-cristo-nao-esta-dividido\/\"><\/div><\/li><li class=\"ssb_linkedin\" style=\"width:64px\"><script src=\"\/\/platform.linkedin.com\/in.js\" type=\"text\/javascript\">lang: en_US<\/script><script type=\"IN\/Share\" data-url=\"https:\/\/www.caritasne2.org.br\/site\/bispos-participam-de-celebracao-ecumenica-cristo-nao-esta-dividido\/\" data-counter=\"right\"><\/script><\/li><\/ul>","protected":false},"excerpt":{"rendered":"<p>Como j\u00e1 \u00e9 tradi\u00e7\u00e3o nas Assembleias Gerais da CNBB, foi realizada ontem, 6 de maio, uma celebra\u00e7\u00e3o ecum\u00eanica com a participa\u00e7\u00e3o dos bispos e de representantes de diversas igrejas crist\u00e3s. A cerim\u00f4nia foi organizada pela Comiss\u00e3o Episcopal Pastoral para o Ecumenismo e o Di\u00e1logo Inter-religioso da CNBB. Para o presidente da Comiss\u00e3o, dom Francisco Biasin, este \u00e9 um evento muito importante na programa\u00e7\u00e3o da Assembleia [&hellip;]<\/p>\n<ul class=\"ssb_list_wrapper\"><li class=\"fb2\" style=\"width:135px\"><iframe src=\"\/\/www.facebook.com\/plugins\/like.php?href=https%3A%2F%2Fwww.caritasne2.org.br%2Fsite%2Fbispos-participam-de-celebracao-ecumenica-cristo-nao-esta-dividido%2F&amp;layout=button_count&amp;action=like&amp;show_faces=false&amp;share=true&amp;width=135&amp;height=21&amp;appId=307091639398582\" scrolling=\"no\" frameborder=\"0\" style=\"border:none; overflow:hidden;  width:150px; height:21px;\" allowTransparency=\"true\"><\/iframe><\/li><li class=\"twtr\" style=\"width:90px\"><a href=\"https:\/\/twitter.com\/share\" class=\"twitter-share-button\" data-url=\"https:\/\/www.caritasne2.org.br\/site\/bispos-participam-de-celebracao-ecumenica-cristo-nao-esta-dividido\/\">&nbsp;<\/a><script>!function(d,s,id){var js,fjs=d.getElementsByTagName(s)[0],p=\/^http:\/.test(d.location)?'http':'https';if(!d.getElementById(id)){js=d.createElement(s);js.id=id;js.src=p+':\/\/platform.twitter.com\/widgets.js';fjs.parentNode.insertBefore(js,fjs);}}(document, 'script', 'twitter-wjs');<\/script><\/li><li class=\"gplus\" style=\"width:68px\"><div class=\"g-plusone\" data-size=\"medium\" data-href=\"https:\/\/www.caritasne2.org.br\/site\/bispos-participam-de-celebracao-ecumenica-cristo-nao-esta-dividido\/\"><\/div><\/li><li class=\"ssb_linkedin\" style=\"width:64px\"><script src=\"\/\/platform.linkedin.com\/in.js\" type=\"text\/javascript\">lang: en_US<\/script><script type=\"IN\/Share\" data-url=\"https:\/\/www.caritasne2.org.br\/site\/bispos-participam-de-celebracao-ecumenica-cristo-nao-esta-dividido\/\" data-counter=\"right\"><\/script><\/li><\/ul>","protected":false},"author":4,"featured_media":1754,"comment_status":"open","ping_status":"open","sticky":false,"template":"","format":"standard","meta":[],"categories":[20],"tags":[],"_links":{"self":[{"href":"https:\/\/www.caritasne2.org.br\/site\/wp-json\/wp\/v2\/posts\/1753"}],"collection":[{"href":"https:\/\/www.caritasne2.org.br\/site\/wp-json\/wp\/v2\/posts"}],"about":[{"href":"https:\/\/www.caritasne2.org.br\/site\/wp-json\/wp\/v2\/types\/post"}],"author":[{"embeddable":true,"href":"https:\/\/www.caritasne2.org.br\/site\/wp-json\/wp\/v2\/users\/4"}],"replies":[{"embeddable":true,"href":"https:\/\/www.caritasne2.org.br\/site\/wp-json\/wp\/v2\/comments?post=1753"}],"version-history":[{"count":0,"href":"https:\/\/www.caritasne2.org.br\/site\/wp-json\/wp\/v2\/posts\/1753\/revisions"}],"wp:featuredmedia":[{"embeddable":true,"href":"https:\/\/www.caritasne2.org.br\/site\/wp-json\/"}],"wp:attachment":[{"href":"https:\/\/www.caritasne2.org.br\/site\/wp-json\/wp\/v2\/media?parent=1753"}],"wp:term":[{"taxonomy":"category","embeddable":true,"href":"https:\/\/www.caritasne2.org.br\/site\/wp-json\/wp\/v2\/categories?post=1753"},{"taxonomy":"post_tag","embeddable":true,"href":"https:\/\/www.caritasne2.org.br\/site\/wp-json\/wp\/v2\/tags?post=1753"}],"curies":[{"name":"wp","href":"https:\/\/api.w.org\/{rel}","templated":true}]}}