{"id":1747,"date":"2014-04-30T18:46:12","date_gmt":"2014-04-30T21:46:12","guid":{"rendered":"http:\/\/ne2.caritas.org.br.s174889.gridserver.com\/?p=1747"},"modified":"2017-07-11T15:22:25","modified_gmt":"2017-07-11T18:22:25","slug":"colombianito-cone-sul-encerra-seminario-relembrando-testemunho-de-dom-helder-camara","status":"publish","type":"post","link":"https:\/\/www.caritasne2.org.br\/site\/colombianito-cone-sul-encerra-seminario-relembrando-testemunho-de-dom-helder-camara\/","title":{"rendered":"Colombianito Cone Sul encerra semin\u00e1rio relembrando testemunho de dom Helder C\u00e2mara"},"content":{"rendered":"<p style=\"text-align: justify;\">Dom Helder C\u00e2mara era refer\u00eancia na luta pela paz e justi\u00e7a social. Seu trabalho \u00e9 conhecido em todo o mundo, e seus exemplos e palavras foram perpetuados at\u00e9 hoje. Ele foi arcebispo de Olinda e Recife, e \u00e9 fundador da C\u00e1ritas Brasileira. Inspirados pelo seu testemunho, os participantes do semin\u00e1rio \u201cColombianito Cone Sul\u201d realizaram uma cerim\u00f4nia de encerramento na tarde de ontem (29). A celebra\u00e7\u00e3o aconteceu na Igreja da S\u00e9, em Olinda (PE).<\/p>\n<p style=\"text-align: justify;\">Conduzida pelo presidente da \u00e1rea Pastoral Social Caritas Chile, monsenhor Pedro Ossand\u00f3n, a celebra\u00e7\u00e3o foi realizada na Igreja da S\u00e9 por um motivo especial. O local abriga uma capela especialmente projetada para guarda os restos mortais de dom Helder.<\/p>\n<p style=\"text-align: justify;\">No in\u00edcio da celebra\u00e7\u00e3o, monsenhor Pedro, fez um momento de sil\u00eancio e convidou a todos a trazer \u00e0 mem\u00f3ria a lembran\u00e7a dos mais empobrecidos. Em seguida, monsenhor Ossand\u00f3n relembrou a trajet\u00f3ria e os ensinamentos deixados por dom Helder. \u201cEra um profeta dos pobres para os pobres. Pensava numa Igreja na Am\u00e9rica Latina para os pobres\u201d, refletiu Ossand\u00f3n.<\/p>\n<p style=\"text-align: justify;\">Na ocasi\u00e3o, o secret\u00e1rio da C\u00e1ritas Brasileira Regional Nordeste 2, Angelo Zanr\u00e9, que teve a oportunidade de conhecer pessoalmente<a href=\"http:\/\/ne2.caritas.org.br.s174889.gridserver.com\/2014\/04\/30\/colombianito-cone-sul-encerra-seminario-relembrando-testemunho-de-dom-helder-camara\/img_3296\/\" rel=\"attachment wp-att-1748\"><img decoding=\"async\" loading=\"lazy\" class=\"alignright size-medium wp-image-1748\" title=\"IMG_3296\" src=\"http:\/\/ne2.caritas.org.br.s174889.gridserver.com\/wp-content\/uploads\/2014\/04\/IMG_3296-300x200.jpg\" alt=\"\" width=\"300\" height=\"200\" \/><\/a> dom Helder, tamb\u00e9m relembrou e destacou a simplicidade e garra do \u201cdom da Paz\u201d na luta pela causa dos mais pobres e necessitados.<\/p>\n<p style=\"text-align: justify;\">O segundo momento da celebra\u00e7\u00e3o foi conduzido pela assessora nacional do Programa Inf\u00e2ncia, Adolesc\u00eancia e Juventude (PIAJ), Alessandra Miranda, e pelo assessor do PIAJ no Regional Minas Gerais, Leon Patrick. Como parte das mobiliza\u00e7\u00f5es para a campanha mundial \u201cUma fam\u00edlia humana, p\u00e3o e justi\u00e7a para todas as pessoas\u201d, bem como um gesto simb\u00f3lico de partilha, os participantes do Colombianito se reuniram em volta da mesa, no altar da igreja, para fazer ora\u00e7\u00f5es e refletir sobre o verdadeiro sentido da campanha.<\/p>\n<p style=\"text-align: justify;\">De acordo com Miranda, a mesa \u00e9 um s\u00edmbolo muito representativo da campanha mundial. \u201cNa mesa vivemos e sonhamos as utopias. Queremos que este s\u00edmbolo v\u00e1 a todos os Colombianitos e desejamos que esta comunh\u00e3o se estenda a cada um\/a que participou desse semin\u00e1rio\u201d, diz.<\/p>\n<p style=\"text-align: justify;\">Fazendo men\u00e7\u00e3o aos s\u00edmbolos da eucaristia e destacando a import\u00e2ncia da campanha mundial, monsenhor Ossand\u00f3n, encerrou a celebra\u00e7\u00e3o de envio deixando uma mensagem a todos os participantes do Colombianito: \u201cQue Cristo seja um p\u00e3o partido e que todos sejam alimentados por este p\u00e3o\u201d, disse.<\/p>\n<p>&nbsp;<\/p>\n<p>Por Kilma Ferreira | Assessoria de Comunica\u00e7\u00e3o C\u00e1ritas Regional NE2.<\/p>\n<ul class=\"ssb_list_wrapper\"><li class=\"fb2\" style=\"width:135px\"><iframe src=\"\/\/www.facebook.com\/plugins\/like.php?href=https%3A%2F%2Fwww.caritasne2.org.br%2Fsite%2Fcolombianito-cone-sul-encerra-seminario-relembrando-testemunho-de-dom-helder-camara%2F&amp;layout=button_count&amp;action=like&amp;show_faces=false&amp;share=true&amp;width=135&amp;height=21&amp;appId=307091639398582\" scrolling=\"no\" frameborder=\"0\" style=\"border:none; overflow:hidden;  width:150px; height:21px;\" allowTransparency=\"true\"><\/iframe><\/li><li class=\"twtr\" style=\"width:90px\"><a href=\"https:\/\/twitter.com\/share\" class=\"twitter-share-button\" data-url=\"https:\/\/www.caritasne2.org.br\/site\/colombianito-cone-sul-encerra-seminario-relembrando-testemunho-de-dom-helder-camara\/\">&nbsp;<\/a><script>!function(d,s,id){var js,fjs=d.getElementsByTagName(s)[0],p=\/^http:\/.test(d.location)?'http':'https';if(!d.getElementById(id)){js=d.createElement(s);js.id=id;js.src=p+':\/\/platform.twitter.com\/widgets.js';fjs.parentNode.insertBefore(js,fjs);}}(document, 'script', 'twitter-wjs');<\/script><\/li><li class=\"gplus\" style=\"width:68px\"><div class=\"g-plusone\" data-size=\"medium\" data-href=\"https:\/\/www.caritasne2.org.br\/site\/colombianito-cone-sul-encerra-seminario-relembrando-testemunho-de-dom-helder-camara\/\"><\/div><\/li><li class=\"ssb_linkedin\" style=\"width:64px\"><script src=\"\/\/platform.linkedin.com\/in.js\" type=\"text\/javascript\">lang: en_US<\/script><script type=\"IN\/Share\" data-url=\"https:\/\/www.caritasne2.org.br\/site\/colombianito-cone-sul-encerra-seminario-relembrando-testemunho-de-dom-helder-camara\/\" data-counter=\"right\"><\/script><\/li><\/ul>","protected":false},"excerpt":{"rendered":"<p>Dom Helder C\u00e2mara era refer\u00eancia na luta pela paz e justi\u00e7a social. Seu trabalho \u00e9 conhecido em todo o mundo, e seus exemplos e palavras foram perpetuados at\u00e9 hoje. Ele foi arcebispo de Olinda e Recife, e \u00e9 fundador da C\u00e1ritas Brasileira. Inspirados pelo seu testemunho, os participantes do semin\u00e1rio \u201cColombianito Cone Sul\u201d realizaram uma cerim\u00f4nia de encerramento na tarde de ontem (29). A celebra\u00e7\u00e3o [&hellip;]<\/p>\n<ul class=\"ssb_list_wrapper\"><li class=\"fb2\" style=\"width:135px\"><iframe src=\"\/\/www.facebook.com\/plugins\/like.php?href=https%3A%2F%2Fwww.caritasne2.org.br%2Fsite%2Fcolombianito-cone-sul-encerra-seminario-relembrando-testemunho-de-dom-helder-camara%2F&amp;layout=button_count&amp;action=like&amp;show_faces=false&amp;share=true&amp;width=135&amp;height=21&amp;appId=307091639398582\" scrolling=\"no\" frameborder=\"0\" style=\"border:none; overflow:hidden;  width:150px; height:21px;\" allowTransparency=\"true\"><\/iframe><\/li><li class=\"twtr\" style=\"width:90px\"><a href=\"https:\/\/twitter.com\/share\" class=\"twitter-share-button\" data-url=\"https:\/\/www.caritasne2.org.br\/site\/colombianito-cone-sul-encerra-seminario-relembrando-testemunho-de-dom-helder-camara\/\">&nbsp;<\/a><script>!function(d,s,id){var js,fjs=d.getElementsByTagName(s)[0],p=\/^http:\/.test(d.location)?'http':'https';if(!d.getElementById(id)){js=d.createElement(s);js.id=id;js.src=p+':\/\/platform.twitter.com\/widgets.js';fjs.parentNode.insertBefore(js,fjs);}}(document, 'script', 'twitter-wjs');<\/script><\/li><li class=\"gplus\" style=\"width:68px\"><div class=\"g-plusone\" data-size=\"medium\" data-href=\"https:\/\/www.caritasne2.org.br\/site\/colombianito-cone-sul-encerra-seminario-relembrando-testemunho-de-dom-helder-camara\/\"><\/div><\/li><li class=\"ssb_linkedin\" style=\"width:64px\"><script src=\"\/\/platform.linkedin.com\/in.js\" type=\"text\/javascript\">lang: en_US<\/script><script type=\"IN\/Share\" data-url=\"https:\/\/www.caritasne2.org.br\/site\/colombianito-cone-sul-encerra-seminario-relembrando-testemunho-de-dom-helder-camara\/\" data-counter=\"right\"><\/script><\/li><\/ul>","protected":false},"author":4,"featured_media":1749,"comment_status":"open","ping_status":"open","sticky":false,"template":"","format":"standard","meta":[],"categories":[391,20],"tags":[67,396],"_links":{"self":[{"href":"https:\/\/www.caritasne2.org.br\/site\/wp-json\/wp\/v2\/posts\/1747"}],"collection":[{"href":"https:\/\/www.caritasne2.org.br\/site\/wp-json\/wp\/v2\/posts"}],"about":[{"href":"https:\/\/www.caritasne2.org.br\/site\/wp-json\/wp\/v2\/types\/post"}],"author":[{"embeddable":true,"href":"https:\/\/www.caritasne2.org.br\/site\/wp-json\/wp\/v2\/users\/4"}],"replies":[{"embeddable":true,"href":"https:\/\/www.caritasne2.org.br\/site\/wp-json\/wp\/v2\/comments?post=1747"}],"version-history":[{"count":0,"href":"https:\/\/www.caritasne2.org.br\/site\/wp-json\/wp\/v2\/posts\/1747\/revisions"}],"wp:featuredmedia":[{"embeddable":true,"href":"https:\/\/www.caritasne2.org.br\/site\/wp-json\/"}],"wp:attachment":[{"href":"https:\/\/www.caritasne2.org.br\/site\/wp-json\/wp\/v2\/media?parent=1747"}],"wp:term":[{"taxonomy":"category","embeddable":true,"href":"https:\/\/www.caritasne2.org.br\/site\/wp-json\/wp\/v2\/categories?post=1747"},{"taxonomy":"post_tag","embeddable":true,"href":"https:\/\/www.caritasne2.org.br\/site\/wp-json\/wp\/v2\/tags?post=1747"}],"curies":[{"name":"wp","href":"https:\/\/api.w.org\/{rel}","templated":true}]}}