{"id":1739,"date":"2014-04-29T00:37:53","date_gmt":"2014-04-29T03:37:53","guid":{"rendered":"http:\/\/ne2.caritas.org.br.s174889.gridserver.com\/?p=1739"},"modified":"2017-07-11T15:22:25","modified_gmt":"2017-07-11T18:22:25","slug":"desenvolvimento-seguranca-alimentar-pobreza-sao-temas-abordados-em-exposicao","status":"publish","type":"post","link":"https:\/\/www.caritasne2.org.br\/site\/desenvolvimento-seguranca-alimentar-pobreza-sao-temas-abordados-em-exposicao\/","title":{"rendered":"Desenvolvimento, Seguran\u00e7a Alimentar e Pobreza s\u00e3o temas abordados em exposi\u00e7\u00e3o"},"content":{"rendered":"<p style=\"text-align: justify;\">O segundo dia do Colombianito Cone Sul, evento preparat\u00f3rio para o XVII Congresso Latino Americano e Caribenho da C\u00e1ritas, contou com uma exposi\u00e7\u00e3o intitulada \u201cDesenvolvimento, seguran\u00e7a alimentar e pobreza: um olhar para a Am\u00e9rica Latina\u201d. O evento, que \u00e9 realizado no audit\u00f3rio do Sindsprev, em Recife (PE), teve in\u00edcio no \u00faltimo domingo (27) e segue at\u00e9 a pr\u00f3xima ter\u00e7a-feira (29).<\/p>\n<p style=\"text-align: justify;\">A mesa foi mediada pela presidente da C\u00e1ritas Brasileira, Anadete Reis, e teve as contribui\u00e7\u00f5es do membro do Conselho Nacional de Seguran\u00e7a Alimentar e Nutricional (Consea), \u00cdrio Luiz Conti, e do assessor t\u00e9cnico da C\u00e1ritas Brasileira Regional Minas Gerais, M\u00e1rcio Camargo.<\/p>\n<p style=\"text-align: justify;\">No primeiro painel, a realidade de fome e m\u00e1 nutri\u00e7\u00e3o existente no mundo aparece como um contraponto ao sobrepeso e \u00e0 obesidade, que, atualmente, s\u00e3o consideradas como problemas de sa\u00fade p\u00fablica. De acordo com Conti, programas de transfer\u00eancia de rendas n\u00e3o est\u00e3o dentro das pol\u00edticas estruturais de supera\u00e7\u00e3o da fome, mas servem como a\u00e7\u00f5es emergenciais.<\/p>\n<p style=\"text-align: justify;\">Durante a apresenta\u00e7\u00e3o, Conti destacou ainda os desafios lan\u00e7ados para a supera\u00e7\u00e3o da fome. No \u00e2mbito produtivo, o acesso \u00e0 \u00e1gua, aos recursos de trabalho, o enfrentamento aos transg\u00eanicos e o combate ao uso de agrot\u00f3xicos e desperd\u00edcio de alimentos s\u00e3o pontos fundamentais para que esta realidade seja modificada. Por sua vez, na esfera social, aparecem a redu\u00e7\u00e3o da desigualdade e a oferta de empregos como fatores de a\u00e7\u00e3o para enfrentar a fome.<\/p>\n<p style=\"text-align: justify;\">Al\u00e9m disso, ele prop\u00f5e que haja uma nova postura, com novos olhares e pensamentos sobre todos e todas que se encontram na linha de fome. \u201cA pobreza n\u00e3o \u00e9 natural, ela \u00e9 produzida. Os pobres n\u00e3o s\u00e3o objetos de caridade, s\u00e3o sujeitos que t\u00eam direitos, s\u00e3o cidad\u00e3os\u201d, completou.<\/p>\n<p style=\"text-align: justify;\">O segundo painel levou os participantes a refletirem o tipo de desenvolvimento que se tem e o modelo a ser alcan\u00e7ado. De acordo com Camargo, o contexto atual est\u00e1 voltado para a concentra\u00e7\u00e3o de renda. \u201cO crescimento econ\u00f4mico n\u00e3o pode ser a nossa \u00fanica concep\u00e7\u00e3o de desenvolvimento\u201d, afirmou o assessor, que acredita que para se t\u00ea-lo, \u00e9 necess\u00e1rio que sejam compreendidas as dimens\u00f5es social, cultural, pol\u00edtica e ambiental.<\/p>\n<p style=\"text-align: justify;\">\u201cQueremos condi\u00e7\u00f5es mais humanas. Elas s\u00e3o passos para que se obtenham o necess\u00e1rio e tamb\u00e9m a vit\u00f3ria sobre esses flagelos sociais, assim como a valoriza\u00e7\u00e3o e a dignidade, mas principalmente a coopera\u00e7\u00e3o para o bem comum\u201d, finalizou.<\/p>\n<p style=\"text-align: justify;\">\u00a0por Lidiane Santos | Comunicadora popular da C\u00e1ritas Brasileira Regional NE2<\/p>\n<ul class=\"ssb_list_wrapper\"><li class=\"fb2\" style=\"width:135px\"><iframe src=\"\/\/www.facebook.com\/plugins\/like.php?href=https%3A%2F%2Fwww.caritasne2.org.br%2Fsite%2Fdesenvolvimento-seguranca-alimentar-pobreza-sao-temas-abordados-em-exposicao%2F&amp;layout=button_count&amp;action=like&amp;show_faces=false&amp;share=true&amp;width=135&amp;height=21&amp;appId=307091639398582\" scrolling=\"no\" frameborder=\"0\" style=\"border:none; overflow:hidden;  width:150px; height:21px;\" allowTransparency=\"true\"><\/iframe><\/li><li class=\"twtr\" style=\"width:90px\"><a href=\"https:\/\/twitter.com\/share\" class=\"twitter-share-button\" data-url=\"https:\/\/www.caritasne2.org.br\/site\/desenvolvimento-seguranca-alimentar-pobreza-sao-temas-abordados-em-exposicao\/\">&nbsp;<\/a><script>!function(d,s,id){var js,fjs=d.getElementsByTagName(s)[0],p=\/^http:\/.test(d.location)?'http':'https';if(!d.getElementById(id)){js=d.createElement(s);js.id=id;js.src=p+':\/\/platform.twitter.com\/widgets.js';fjs.parentNode.insertBefore(js,fjs);}}(document, 'script', 'twitter-wjs');<\/script><\/li><li class=\"gplus\" style=\"width:68px\"><div class=\"g-plusone\" data-size=\"medium\" data-href=\"https:\/\/www.caritasne2.org.br\/site\/desenvolvimento-seguranca-alimentar-pobreza-sao-temas-abordados-em-exposicao\/\"><\/div><\/li><li class=\"ssb_linkedin\" style=\"width:64px\"><script src=\"\/\/platform.linkedin.com\/in.js\" type=\"text\/javascript\">lang: en_US<\/script><script type=\"IN\/Share\" data-url=\"https:\/\/www.caritasne2.org.br\/site\/desenvolvimento-seguranca-alimentar-pobreza-sao-temas-abordados-em-exposicao\/\" data-counter=\"right\"><\/script><\/li><\/ul>","protected":false},"excerpt":{"rendered":"<p>O segundo dia do Colombianito Cone Sul, evento preparat\u00f3rio para o XVII Congresso Latino Americano e Caribenho da C\u00e1ritas, contou com uma exposi\u00e7\u00e3o intitulada \u201cDesenvolvimento, seguran\u00e7a alimentar e pobreza: um olhar para a Am\u00e9rica Latina\u201d. O evento, que \u00e9 realizado no audit\u00f3rio do Sindsprev, em Recife (PE), teve in\u00edcio no \u00faltimo domingo (27) e segue at\u00e9 a pr\u00f3xima ter\u00e7a-feira (29). A mesa foi mediada pela [&hellip;]<\/p>\n<ul class=\"ssb_list_wrapper\"><li class=\"fb2\" style=\"width:135px\"><iframe src=\"\/\/www.facebook.com\/plugins\/like.php?href=https%3A%2F%2Fwww.caritasne2.org.br%2Fsite%2Fdesenvolvimento-seguranca-alimentar-pobreza-sao-temas-abordados-em-exposicao%2F&amp;layout=button_count&amp;action=like&amp;show_faces=false&amp;share=true&amp;width=135&amp;height=21&amp;appId=307091639398582\" scrolling=\"no\" frameborder=\"0\" style=\"border:none; overflow:hidden;  width:150px; height:21px;\" allowTransparency=\"true\"><\/iframe><\/li><li class=\"twtr\" style=\"width:90px\"><a href=\"https:\/\/twitter.com\/share\" class=\"twitter-share-button\" data-url=\"https:\/\/www.caritasne2.org.br\/site\/desenvolvimento-seguranca-alimentar-pobreza-sao-temas-abordados-em-exposicao\/\">&nbsp;<\/a><script>!function(d,s,id){var js,fjs=d.getElementsByTagName(s)[0],p=\/^http:\/.test(d.location)?'http':'https';if(!d.getElementById(id)){js=d.createElement(s);js.id=id;js.src=p+':\/\/platform.twitter.com\/widgets.js';fjs.parentNode.insertBefore(js,fjs);}}(document, 'script', 'twitter-wjs');<\/script><\/li><li class=\"gplus\" style=\"width:68px\"><div class=\"g-plusone\" data-size=\"medium\" data-href=\"https:\/\/www.caritasne2.org.br\/site\/desenvolvimento-seguranca-alimentar-pobreza-sao-temas-abordados-em-exposicao\/\"><\/div><\/li><li class=\"ssb_linkedin\" style=\"width:64px\"><script src=\"\/\/platform.linkedin.com\/in.js\" type=\"text\/javascript\">lang: en_US<\/script><script type=\"IN\/Share\" data-url=\"https:\/\/www.caritasne2.org.br\/site\/desenvolvimento-seguranca-alimentar-pobreza-sao-temas-abordados-em-exposicao\/\" data-counter=\"right\"><\/script><\/li><\/ul>","protected":false},"author":4,"featured_media":1741,"comment_status":"open","ping_status":"open","sticky":false,"template":"","format":"standard","meta":[],"categories":[391,20],"tags":[362,67,275],"_links":{"self":[{"href":"https:\/\/www.caritasne2.org.br\/site\/wp-json\/wp\/v2\/posts\/1739"}],"collection":[{"href":"https:\/\/www.caritasne2.org.br\/site\/wp-json\/wp\/v2\/posts"}],"about":[{"href":"https:\/\/www.caritasne2.org.br\/site\/wp-json\/wp\/v2\/types\/post"}],"author":[{"embeddable":true,"href":"https:\/\/www.caritasne2.org.br\/site\/wp-json\/wp\/v2\/users\/4"}],"replies":[{"embeddable":true,"href":"https:\/\/www.caritasne2.org.br\/site\/wp-json\/wp\/v2\/comments?post=1739"}],"version-history":[{"count":0,"href":"https:\/\/www.caritasne2.org.br\/site\/wp-json\/wp\/v2\/posts\/1739\/revisions"}],"wp:featuredmedia":[{"embeddable":true,"href":"https:\/\/www.caritasne2.org.br\/site\/wp-json\/"}],"wp:attachment":[{"href":"https:\/\/www.caritasne2.org.br\/site\/wp-json\/wp\/v2\/media?parent=1739"}],"wp:term":[{"taxonomy":"category","embeddable":true,"href":"https:\/\/www.caritasne2.org.br\/site\/wp-json\/wp\/v2\/categories?post=1739"},{"taxonomy":"post_tag","embeddable":true,"href":"https:\/\/www.caritasne2.org.br\/site\/wp-json\/wp\/v2\/tags?post=1739"}],"curies":[{"name":"wp","href":"https:\/\/api.w.org\/{rel}","templated":true}]}}