{"id":1734,"date":"2014-04-28T23:33:30","date_gmt":"2014-04-29T02:33:30","guid":{"rendered":"http:\/\/ne2.caritas.org.br.s174889.gridserver.com\/?p=1734"},"modified":"2017-07-11T15:22:25","modified_gmt":"2017-07-11T18:22:25","slug":"cone-sul-rede-caritas-discute-conjuntura-politica-social-da-america-latina-da-igreja","status":"publish","type":"post","link":"https:\/\/www.caritasne2.org.br\/site\/cone-sul-rede-caritas-discute-conjuntura-politica-social-da-america-latina-da-igreja\/","title":{"rendered":"Cone Sul: Rede C\u00e1ritas discute conjuntura pol\u00edtica e social da Am\u00e9rica Latina e da Igreja"},"content":{"rendered":"<p style=\"text-align: justify;\">O \u201cColombianito Cone Sul\u201d, semin\u00e1rio preparat\u00f3rio ao XVIII Congresso Latino Americano e Caribenho da C\u00e1ritas iniciou na manh\u00e3 de ontem (27), em Recife, Pernambuco, em uma cerim\u00f4nia marcada por uma celebra\u00e7\u00e3o eucar\u00edstica e momentos de reflex\u00f5es sobre a fome e pobreza na Am\u00e9rica Latina. O encontro segue at\u00e9 amanh\u00e3 (29), no audit\u00f3rio do SINDSPREV-PE, com debates, grupos de trabalho e troca de experi\u00eancias entre os pa\u00edses.<\/p>\n<p style=\"text-align: justify;\">O evento, que re\u00fane representantes da entidade no Brasil, da Argentina, do Chile, do Paraguai e do Uruguai, pa\u00edses que comp\u00f5em a Zona Cone Sul da Rede C\u00e1ritas na Am\u00e9rica Latina e Caribe, tem como proposta responder ao desafio da Rede C\u00e1ritas na regi\u00e3o em viver com entusiasmo e alegria o Evangelho da fraternidade e da justi\u00e7a no tempo atual.<\/p>\n<p style=\"text-align: justify;\">A abertura do semin\u00e1rio ficou por conta da mesa <em>\u201cA realidade pol\u00edtica e social da Am\u00e9rica Latina e da Igreja\u201d<\/em>, com os debatedores dom Jos\u00e9 Luis Azuaje Ayala, da Venezuela e presidente da C\u00e1ritas da Am\u00e9rica Latina e Caribe; Paulo Henrique Martins, p\u00f3s doutor em Sociologia e professor da Universidade Federal de Pernambuco (UFPE); Alder J\u00falio Calado, doutor em Antropologia e sociologia Pol\u00edtica. O debate foi conduzido por \u00c2ngelo Zanr\u00e9, secret\u00e1rio da C\u00e1ritas Brasileira Regional Nordeste 2.<\/p>\n<p style=\"text-align: justify;\">Para facilitar a constru\u00e7\u00e3o da reflex\u00e3o sobre o tema da conjuntura social e pol\u00edtica na Am\u00e9rica Latina, Paulo Henrique Martins, fez sua reflex\u00e3o com foco em dois planos: o primeiro diz respeito a algumas informa\u00e7\u00f5es sobre o desenvolvimento de um pensamento critico e pr\u00e1tico na Am\u00e9rica Latina. Segundo ele, a ideia de se desenvolver para promover democracia, bem estar e seguran\u00e7a social \u00e9 uma utopia que marca as mudan\u00e7as da regi\u00e3o h\u00e1 v\u00e1rias d\u00e9cadas.<\/p>\n<p style=\"text-align: justify;\">Ainda de acordo com Martins, a retomada de alguns movimentos contribuem para o enfrentamento das elites, desconstruindo, dessa forma, a soberania do processo de explora\u00e7\u00e3o, que \u00e9 exercido sobre as classes menos favorecidas. A partir dessa ressignifica\u00e7\u00e3o de sentidos s\u00e3o ressaltadas outras possibilidades, como por exemplo, a economia solid\u00e1ria, a consci\u00eancia dos direitos humanos, o respeito aos direitos coletivos como prioridade, entre outros.<\/p>\n<p style=\"text-align: justify;\">Na ocasi\u00e3o, Alder J\u00falio Calado, abordou as dimens\u00f5es que s\u00e3o patrim\u00f4nios da humanidade: esperan\u00e7a, mem\u00f3ria hist\u00f3rica, e a utopia. Entre as dimens\u00f5es ele destaca a esperan\u00e7a, como \u201cum novo mundo poss\u00edvel e necess\u00e1rio\u201d. De acordo com ele, \u00e9 a esperan\u00e7a que fortalece as lutas presentes no dia a dia, bem como fortalece a necessidade de lutar por um mundo em que todos sejam respeitados em sua dignidade.<\/p>\n<p style=\"text-align: justify;\">\u201cOs caminhos percorridos para animar a esperan\u00e7a t\u00eam sido frustrados e frustrantes. Muitos desses caminhos foram interditados pelos grandes projetos. H\u00e1 fragilidades por parte dos Estados em responder as necessidades, como por exemplo, as manifesta\u00e7\u00f5es de rua. Ou seja, o Estado n\u00e3o \u00e9 capaz de responder as aspira\u00e7\u00f5es dos povos dos diversos pa\u00edses\u201d. Calado complementa, \u201cmas \u00e9 a esperan\u00e7a que nos sustenta, sobretudo, frente \u00e0s realidades pol\u00edticas, econ\u00f4micas e culturais\u201d.<\/p>\n<p style=\"text-align: justify;\">De acordo com a an\u00e1lise de conjuntura feita por dom Jos\u00e9 Luis Ayala, uma s\u00e9rie de elementos percebidos por ele merece destaque, entre eles: a retomada da op\u00e7\u00e3o pelos pobres; a busca de uma Igreja com o rosto feminino marcado pela presen\u00e7a e participa\u00e7\u00e3o das mulheres, tornando-a sens\u00edvel e materna; bem como uma maior consci\u00eancia pastoral sobre a ecologia e preserva\u00e7\u00e3o do meio ambiente.<\/p>\n<p style=\"text-align: justify;\">por Kilma Ferreira | Assessoria de Comunica\u00e7\u00e3o da C\u00e1ritas Brasileira Regional NE2<\/p>\n<p style=\"text-align: justify;\">\n<ul class=\"ssb_list_wrapper\"><li class=\"fb2\" style=\"width:135px\"><iframe src=\"\/\/www.facebook.com\/plugins\/like.php?href=https%3A%2F%2Fwww.caritasne2.org.br%2Fsite%2Fcone-sul-rede-caritas-discute-conjuntura-politica-social-da-america-latina-da-igreja%2F&amp;layout=button_count&amp;action=like&amp;show_faces=false&amp;share=true&amp;width=135&amp;height=21&amp;appId=307091639398582\" scrolling=\"no\" frameborder=\"0\" style=\"border:none; overflow:hidden;  width:150px; height:21px;\" allowTransparency=\"true\"><\/iframe><\/li><li class=\"twtr\" style=\"width:90px\"><a href=\"https:\/\/twitter.com\/share\" class=\"twitter-share-button\" data-url=\"https:\/\/www.caritasne2.org.br\/site\/cone-sul-rede-caritas-discute-conjuntura-politica-social-da-america-latina-da-igreja\/\">&nbsp;<\/a><script>!function(d,s,id){var js,fjs=d.getElementsByTagName(s)[0],p=\/^http:\/.test(d.location)?'http':'https';if(!d.getElementById(id)){js=d.createElement(s);js.id=id;js.src=p+':\/\/platform.twitter.com\/widgets.js';fjs.parentNode.insertBefore(js,fjs);}}(document, 'script', 'twitter-wjs');<\/script><\/li><li class=\"gplus\" style=\"width:68px\"><div class=\"g-plusone\" data-size=\"medium\" data-href=\"https:\/\/www.caritasne2.org.br\/site\/cone-sul-rede-caritas-discute-conjuntura-politica-social-da-america-latina-da-igreja\/\"><\/div><\/li><li class=\"ssb_linkedin\" style=\"width:64px\"><script src=\"\/\/platform.linkedin.com\/in.js\" type=\"text\/javascript\">lang: en_US<\/script><script type=\"IN\/Share\" data-url=\"https:\/\/www.caritasne2.org.br\/site\/cone-sul-rede-caritas-discute-conjuntura-politica-social-da-america-latina-da-igreja\/\" data-counter=\"right\"><\/script><\/li><\/ul>","protected":false},"excerpt":{"rendered":"<p>O \u201cColombianito Cone Sul\u201d, semin\u00e1rio preparat\u00f3rio ao XVIII Congresso Latino Americano e Caribenho da C\u00e1ritas iniciou na manh\u00e3 de ontem (27), em Recife, Pernambuco, em uma cerim\u00f4nia marcada por uma celebra\u00e7\u00e3o eucar\u00edstica e momentos de reflex\u00f5es sobre a fome e pobreza na Am\u00e9rica Latina. O encontro segue at\u00e9 amanh\u00e3 (29), no audit\u00f3rio do SINDSPREV-PE, com debates, grupos de trabalho e troca de experi\u00eancias entre os [&hellip;]<\/p>\n<ul class=\"ssb_list_wrapper\"><li class=\"fb2\" style=\"width:135px\"><iframe src=\"\/\/www.facebook.com\/plugins\/like.php?href=https%3A%2F%2Fwww.caritasne2.org.br%2Fsite%2Fcone-sul-rede-caritas-discute-conjuntura-politica-social-da-america-latina-da-igreja%2F&amp;layout=button_count&amp;action=like&amp;show_faces=false&amp;share=true&amp;width=135&amp;height=21&amp;appId=307091639398582\" scrolling=\"no\" frameborder=\"0\" style=\"border:none; overflow:hidden;  width:150px; height:21px;\" allowTransparency=\"true\"><\/iframe><\/li><li class=\"twtr\" style=\"width:90px\"><a href=\"https:\/\/twitter.com\/share\" class=\"twitter-share-button\" data-url=\"https:\/\/www.caritasne2.org.br\/site\/cone-sul-rede-caritas-discute-conjuntura-politica-social-da-america-latina-da-igreja\/\">&nbsp;<\/a><script>!function(d,s,id){var js,fjs=d.getElementsByTagName(s)[0],p=\/^http:\/.test(d.location)?'http':'https';if(!d.getElementById(id)){js=d.createElement(s);js.id=id;js.src=p+':\/\/platform.twitter.com\/widgets.js';fjs.parentNode.insertBefore(js,fjs);}}(document, 'script', 'twitter-wjs');<\/script><\/li><li class=\"gplus\" style=\"width:68px\"><div class=\"g-plusone\" data-size=\"medium\" data-href=\"https:\/\/www.caritasne2.org.br\/site\/cone-sul-rede-caritas-discute-conjuntura-politica-social-da-america-latina-da-igreja\/\"><\/div><\/li><li class=\"ssb_linkedin\" style=\"width:64px\"><script src=\"\/\/platform.linkedin.com\/in.js\" type=\"text\/javascript\">lang: en_US<\/script><script type=\"IN\/Share\" data-url=\"https:\/\/www.caritasne2.org.br\/site\/cone-sul-rede-caritas-discute-conjuntura-politica-social-da-america-latina-da-igreja\/\" data-counter=\"right\"><\/script><\/li><\/ul>","protected":false},"author":4,"featured_media":1735,"comment_status":"open","ping_status":"open","sticky":false,"template":"","format":"standard","meta":[],"categories":[391,20],"tags":[67,394,395],"_links":{"self":[{"href":"https:\/\/www.caritasne2.org.br\/site\/wp-json\/wp\/v2\/posts\/1734"}],"collection":[{"href":"https:\/\/www.caritasne2.org.br\/site\/wp-json\/wp\/v2\/posts"}],"about":[{"href":"https:\/\/www.caritasne2.org.br\/site\/wp-json\/wp\/v2\/types\/post"}],"author":[{"embeddable":true,"href":"https:\/\/www.caritasne2.org.br\/site\/wp-json\/wp\/v2\/users\/4"}],"replies":[{"embeddable":true,"href":"https:\/\/www.caritasne2.org.br\/site\/wp-json\/wp\/v2\/comments?post=1734"}],"version-history":[{"count":0,"href":"https:\/\/www.caritasne2.org.br\/site\/wp-json\/wp\/v2\/posts\/1734\/revisions"}],"wp:featuredmedia":[{"embeddable":true,"href":"https:\/\/www.caritasne2.org.br\/site\/wp-json\/"}],"wp:attachment":[{"href":"https:\/\/www.caritasne2.org.br\/site\/wp-json\/wp\/v2\/media?parent=1734"}],"wp:term":[{"taxonomy":"category","embeddable":true,"href":"https:\/\/www.caritasne2.org.br\/site\/wp-json\/wp\/v2\/categories?post=1734"},{"taxonomy":"post_tag","embeddable":true,"href":"https:\/\/www.caritasne2.org.br\/site\/wp-json\/wp\/v2\/tags?post=1734"}],"curies":[{"name":"wp","href":"https:\/\/api.w.org\/{rel}","templated":true}]}}