{"id":1731,"date":"2014-04-26T12:48:10","date_gmt":"2014-04-26T15:48:10","guid":{"rendered":"http:\/\/ne2.caritas.org.br.s174889.gridserver.com\/?p=1731"},"modified":"2017-07-11T15:22:25","modified_gmt":"2017-07-11T18:22:25","slug":"seminario-reune-paises-cone-sul-para-discutir-fome-pobreza-na-america-latina","status":"publish","type":"post","link":"https:\/\/www.caritasne2.org.br\/site\/seminario-reune-paises-cone-sul-para-discutir-fome-pobreza-na-america-latina\/","title":{"rendered":"Semin\u00e1rio re\u00fane pa\u00edses do Cone Sul para discutir fome e pobreza na Am\u00e9rica Latina"},"content":{"rendered":"<p style=\"text-align: justify;\">Para iniciar o processo preparat\u00f3rio rumo ao XVII Congresso Latino Americano e Caribenho de C\u00e1ritas, ocorrer\u00e1 de 27 a 29 de abril, em Recife (PE), o \u201cColombianito Cone Sul\u201d, um semin\u00e1rio que reunir\u00e1 representantes da entidade do Brasil, da Argentina, do Chile, do Paraguai e do Uruguai, pa\u00edses que comp\u00f5e a Zona Cone Sul da Rede C\u00e1ritas na Am\u00e9rica Latina e Caribe.<\/p>\n<p style=\"text-align: justify;\">Com o tema A dimens\u00e3o social da evangeliza\u00e7\u00e3o na Am\u00e9rica Latina e no Caribe e o lema Uma S\u00f3 Fam\u00edlia, alimento para todos, o semin\u00e1rio, de acordo com Maria Cristina dos Anjos, Diretora Executiva Nacional da C\u00e1ritas Brasileira, ir\u00e1 responder ao desafio da Rede C\u00e1ritas na regi\u00e3o em viver com entusiasmo e alegria o Evangelho da fraternidade e da justi\u00e7a no tempo atual.<\/p>\n<p style=\"text-align: justify;\">Como parte das mobiliza\u00e7\u00f5es para a campanha mundial Uma fam\u00edlia humana, p\u00e3o e justi\u00e7a para todas as pessoas, o semin\u00e1rio ir\u00e1 debater temas relacionados ao desenvolvimento, a seguran\u00e7a alimentar e a pobreza. Al\u00e9m de uma an\u00e1lise de conjuntura da realidade pol\u00edtica e social da Am\u00e9rica Latina e da Igreja, grupos tem\u00e1ticos ir\u00e3o discutir t\u00f3picos como emerg\u00eancias e gest\u00e3o de riscos, equidade entre mulheres e homens, juventude e comunica\u00e7\u00e3o. O semin\u00e1rio, conforme Maria Cristina, tamb\u00e9m ser\u00e1 um momento de avalia\u00e7\u00e3o dos \u00faltimos quatro anos de caminhada da Rede C\u00e1ritas na Am\u00e9rica Latina e da constru\u00e7\u00e3o de a\u00e7\u00f5es conjuntas para os pr\u00f3ximos anos.<\/p>\n<p style=\"text-align: justify;\">Para Maria Cristina dos Anjos, al\u00e9m das C\u00e1ritas presentes no Cone Sul poderem dialogar sobre os avan\u00e7os e os desafios de cada pa\u00eds, a import\u00e2ncia do semin\u00e1rio tamb\u00e9m se d\u00e1 \u201cquando criamos oportunidades de constru\u00e7\u00e3o conjunta de a\u00e7\u00f5es\u201d, tendo em vista a realiza\u00e7\u00e3o do Congresso Latino Americano e Caribenho que ir\u00e1 aprofundar as tem\u00e1ticas da fome, da pobreza e das desigualdades na regi\u00e3o. \u201cNesse Colombianito vamos nos debru\u00e7ar sobre as nossas realidades no Cone Sul\u201d, comentou.<\/p>\n<p style=\"text-align: justify;\">Neste sentido, a Rede C\u00e1ritas d\u00e1 continuidade na constru\u00e7\u00e3o e defini\u00e7\u00e3o de propostas de a\u00e7\u00f5es para a campanha mundial Uma fam\u00edlia humana, p\u00e3o e justi\u00e7a para todas as pessoas. \u201cA campanha nos desafia a enfrentar a realidade de pobreza, de fome e de desigualdade que milh\u00f5es de pessoas ainda sofrem. Ela nos d\u00e1 a oportunidade de voltar o nosso olhar para os empobrecidos para construirmos propostas efetivas de mudan\u00e7a. Vivenciar e enfrentar essas realidades, \u00e9 buscar viver verdadeiramente o projeto de Jesus Cristo\u201d, salientou Cristina.<\/p>\n<p style=\"text-align: justify;\">\u00a0Participam das mesas de debates durante o evento, a fil\u00f3sofa e te\u00f3loga, Maristela Tezza; o mestre em Sociologia, especialista em Direitos Humanos e doutorando em Desenvolvimento Rural, Irio Luiz Conti; o p\u00f3s doutor em Sociologia, Paulo Henrique Novaes Martins de Albuquerque; o assessor da C\u00e1ritas Brasileira Regional Minas Gerais, M\u00e1rcio Adriano Lima; e o doutor em Antropologia e Sociologia Pol\u00edtica, Alder J\u00falio Ferreira Calado. Tamb\u00e9m estar\u00e1 presente o bispo presidente da C\u00e1ritas Am\u00e9rica Latina e Caribe, dom Jos\u00e9 Luis Azuaje Ayala.<\/p>\n<p style=\"text-align: justify;\">\n<p style=\"text-align: justify;\">por Thays Puzzi, Assessora de Comunica\u00e7\u00e3o da C\u00e1ritas Brasileira | Secretariado Nacional<\/p>\n<p style=\"text-align: justify;\">\n<ul class=\"ssb_list_wrapper\"><li class=\"fb2\" style=\"width:135px\"><iframe src=\"\/\/www.facebook.com\/plugins\/like.php?href=https%3A%2F%2Fwww.caritasne2.org.br%2Fsite%2Fseminario-reune-paises-cone-sul-para-discutir-fome-pobreza-na-america-latina%2F&amp;layout=button_count&amp;action=like&amp;show_faces=false&amp;share=true&amp;width=135&amp;height=21&amp;appId=307091639398582\" scrolling=\"no\" frameborder=\"0\" style=\"border:none; overflow:hidden;  width:150px; height:21px;\" allowTransparency=\"true\"><\/iframe><\/li><li class=\"twtr\" style=\"width:90px\"><a href=\"https:\/\/twitter.com\/share\" class=\"twitter-share-button\" data-url=\"https:\/\/www.caritasne2.org.br\/site\/seminario-reune-paises-cone-sul-para-discutir-fome-pobreza-na-america-latina\/\">&nbsp;<\/a><script>!function(d,s,id){var js,fjs=d.getElementsByTagName(s)[0],p=\/^http:\/.test(d.location)?'http':'https';if(!d.getElementById(id)){js=d.createElement(s);js.id=id;js.src=p+':\/\/platform.twitter.com\/widgets.js';fjs.parentNode.insertBefore(js,fjs);}}(document, 'script', 'twitter-wjs');<\/script><\/li><li class=\"gplus\" style=\"width:68px\"><div class=\"g-plusone\" data-size=\"medium\" data-href=\"https:\/\/www.caritasne2.org.br\/site\/seminario-reune-paises-cone-sul-para-discutir-fome-pobreza-na-america-latina\/\"><\/div><\/li><li class=\"ssb_linkedin\" style=\"width:64px\"><script src=\"\/\/platform.linkedin.com\/in.js\" type=\"text\/javascript\">lang: en_US<\/script><script type=\"IN\/Share\" data-url=\"https:\/\/www.caritasne2.org.br\/site\/seminario-reune-paises-cone-sul-para-discutir-fome-pobreza-na-america-latina\/\" data-counter=\"right\"><\/script><\/li><\/ul>","protected":false},"excerpt":{"rendered":"<p>Para iniciar o processo preparat\u00f3rio rumo ao XVII Congresso Latino Americano e Caribenho de C\u00e1ritas, ocorrer\u00e1 de 27 a 29 de abril, em Recife (PE), o \u201cColombianito Cone Sul\u201d, um semin\u00e1rio que reunir\u00e1 representantes da entidade do Brasil, da Argentina, do Chile, do Paraguai e do Uruguai, pa\u00edses que comp\u00f5e a Zona Cone Sul da Rede C\u00e1ritas na Am\u00e9rica Latina e Caribe. Com o tema [&hellip;]<\/p>\n<ul class=\"ssb_list_wrapper\"><li class=\"fb2\" style=\"width:135px\"><iframe src=\"\/\/www.facebook.com\/plugins\/like.php?href=https%3A%2F%2Fwww.caritasne2.org.br%2Fsite%2Fseminario-reune-paises-cone-sul-para-discutir-fome-pobreza-na-america-latina%2F&amp;layout=button_count&amp;action=like&amp;show_faces=false&amp;share=true&amp;width=135&amp;height=21&amp;appId=307091639398582\" scrolling=\"no\" frameborder=\"0\" style=\"border:none; overflow:hidden;  width:150px; height:21px;\" allowTransparency=\"true\"><\/iframe><\/li><li class=\"twtr\" style=\"width:90px\"><a href=\"https:\/\/twitter.com\/share\" class=\"twitter-share-button\" data-url=\"https:\/\/www.caritasne2.org.br\/site\/seminario-reune-paises-cone-sul-para-discutir-fome-pobreza-na-america-latina\/\">&nbsp;<\/a><script>!function(d,s,id){var js,fjs=d.getElementsByTagName(s)[0],p=\/^http:\/.test(d.location)?'http':'https';if(!d.getElementById(id)){js=d.createElement(s);js.id=id;js.src=p+':\/\/platform.twitter.com\/widgets.js';fjs.parentNode.insertBefore(js,fjs);}}(document, 'script', 'twitter-wjs');<\/script><\/li><li class=\"gplus\" style=\"width:68px\"><div class=\"g-plusone\" data-size=\"medium\" data-href=\"https:\/\/www.caritasne2.org.br\/site\/seminario-reune-paises-cone-sul-para-discutir-fome-pobreza-na-america-latina\/\"><\/div><\/li><li class=\"ssb_linkedin\" style=\"width:64px\"><script src=\"\/\/platform.linkedin.com\/in.js\" type=\"text\/javascript\">lang: en_US<\/script><script type=\"IN\/Share\" data-url=\"https:\/\/www.caritasne2.org.br\/site\/seminario-reune-paises-cone-sul-para-discutir-fome-pobreza-na-america-latina\/\" data-counter=\"right\"><\/script><\/li><\/ul>","protected":false},"author":4,"featured_media":1732,"comment_status":"open","ping_status":"open","sticky":false,"template":"","format":"standard","meta":[],"categories":[20],"tags":[67,310,390,311],"_links":{"self":[{"href":"https:\/\/www.caritasne2.org.br\/site\/wp-json\/wp\/v2\/posts\/1731"}],"collection":[{"href":"https:\/\/www.caritasne2.org.br\/site\/wp-json\/wp\/v2\/posts"}],"about":[{"href":"https:\/\/www.caritasne2.org.br\/site\/wp-json\/wp\/v2\/types\/post"}],"author":[{"embeddable":true,"href":"https:\/\/www.caritasne2.org.br\/site\/wp-json\/wp\/v2\/users\/4"}],"replies":[{"embeddable":true,"href":"https:\/\/www.caritasne2.org.br\/site\/wp-json\/wp\/v2\/comments?post=1731"}],"version-history":[{"count":0,"href":"https:\/\/www.caritasne2.org.br\/site\/wp-json\/wp\/v2\/posts\/1731\/revisions"}],"wp:featuredmedia":[{"embeddable":true,"href":"https:\/\/www.caritasne2.org.br\/site\/wp-json\/"}],"wp:attachment":[{"href":"https:\/\/www.caritasne2.org.br\/site\/wp-json\/wp\/v2\/media?parent=1731"}],"wp:term":[{"taxonomy":"category","embeddable":true,"href":"https:\/\/www.caritasne2.org.br\/site\/wp-json\/wp\/v2\/categories?post=1731"},{"taxonomy":"post_tag","embeddable":true,"href":"https:\/\/www.caritasne2.org.br\/site\/wp-json\/wp\/v2\/tags?post=1731"}],"curies":[{"name":"wp","href":"https:\/\/api.w.org\/{rel}","templated":true}]}}