{"id":1726,"date":"2014-04-17T16:54:14","date_gmt":"2014-04-17T19:54:14","guid":{"rendered":"http:\/\/ne2.caritas.org.br.s174889.gridserver.com\/?p=1726"},"modified":"2017-07-11T15:22:26","modified_gmt":"2017-07-11T18:22:26","slug":"mensagem-de-pascoa-cardeal-oscar-rodriguez-maradiaga-2014","status":"publish","type":"post","link":"https:\/\/www.caritasne2.org.br\/site\/mensagem-de-pascoa-cardeal-oscar-rodriguez-maradiaga-2014\/","title":{"rendered":"Mensagem de P\u00e1scoa do Cardeal Oscar Rodr\u00edguez Maradiaga \u2013 2014"},"content":{"rendered":"<p>Caros amigos,<\/p>\n<p>H\u00e1 momentos em nossas vidas em que nos encontramos perdidos no deserto e longe de casa. Estes s\u00e3o momentos em que sentimos medo, falta de amor e como se o nosso sofrimento nunca fosse chegar ao fim.<\/p>\n<p>Olhe ao redor e voc\u00ea vai ver as pessoas que est\u00e3o atravessando o deserto literalmente. Eles s\u00e3o refugiados da S\u00edria, pessoas deslocadas ou sob a amea\u00e7a de grupos armados e mil\u00edcias na Rep\u00fablica Centro Africana, migrantes desesperados que tentam atravessar a terra est\u00e9ril entre o M\u00e9xico e os Estados Unidos, e muitos mais.<\/p>\n<p>A esperan\u00e7a \u00e9 a \u00fanica coisa que nos impulsiona para a frente em nossa jornada. \u00c9 a \u00fanica coisa que vai garantir saiamos do deserto para ver a luz de outro dia. Nunca devemos perder a esperan\u00e7a. \u201d Nunca percamos a esperan\u00e7a! \u201c, disse o papa Francisco.<\/p>\n<p>Ap\u00f3s o longo per\u00edodo no deserto, que \u00e9 a Quaresma, chegamos a P\u00e1scoa. A ressurrei\u00e7\u00e3o \u00e9 a vit\u00f3ria da vida sobre a morte. \u00c9 a vit\u00f3ria de Cristo sobre a opress\u00e3o.<\/p>\n<p>N\u00e3o h\u00e1 maior amor do que aquele que d\u00e1 a sua vida para que outros possam viver (Jo 15,13 ) . N\u00f3s recebemos a maravilhosa promessa de uma nova vida, mas \u00e9 preciso coragem para abra\u00e7ar a Cristo e seguir seus passos.<\/p>\n<p>Quando ouvimos falar sobre a morte e sofrimento que afligem nossos irm\u00e3os e irm\u00e3s, temos de lutar contra a indiferen\u00e7a.<\/p>\n<p>Ao abrir os nossos cora\u00e7\u00f5es para o sofrimento de outras pessoas n\u00f3s colocamos a n\u00f3s mesmos abertos \u00e0 gra\u00e7a transformadora. Estamos abrindo nossos cora\u00e7\u00f5es para a humanidade, com toda a sua dor, sofrimento e imperfei\u00e7\u00e3o? Estamos sendo um exemplo vivo de caritas?<\/p>\n<p>Estamos prestes a entrar num per\u00edodo de grande alegria. A celebra\u00e7\u00e3o da ressurrei\u00e7\u00e3o de Cristo nos tira do nosso deserto e nos coloca no caminho da esperan\u00e7a e da vida eterna.<\/p>\n<p>Seu em Cristo,<\/p>\n<p>Cardeal Oscar Andr\u00e9s Rodr\u00edguez Maradiaga , SDB<\/p>\n<p>Presidente, Caritas Internationalis<\/p>\n<p>&nbsp;<\/p>\n<ul class=\"ssb_list_wrapper\"><li class=\"fb2\" style=\"width:135px\"><iframe src=\"\/\/www.facebook.com\/plugins\/like.php?href=https%3A%2F%2Fwww.caritasne2.org.br%2Fsite%2Fmensagem-de-pascoa-cardeal-oscar-rodriguez-maradiaga-2014%2F&amp;layout=button_count&amp;action=like&amp;show_faces=false&amp;share=true&amp;width=135&amp;height=21&amp;appId=307091639398582\" scrolling=\"no\" frameborder=\"0\" style=\"border:none; overflow:hidden;  width:150px; height:21px;\" allowTransparency=\"true\"><\/iframe><\/li><li class=\"twtr\" style=\"width:90px\"><a href=\"https:\/\/twitter.com\/share\" class=\"twitter-share-button\" data-url=\"https:\/\/www.caritasne2.org.br\/site\/mensagem-de-pascoa-cardeal-oscar-rodriguez-maradiaga-2014\/\">&nbsp;<\/a><script>!function(d,s,id){var js,fjs=d.getElementsByTagName(s)[0],p=\/^http:\/.test(d.location)?'http':'https';if(!d.getElementById(id)){js=d.createElement(s);js.id=id;js.src=p+':\/\/platform.twitter.com\/widgets.js';fjs.parentNode.insertBefore(js,fjs);}}(document, 'script', 'twitter-wjs');<\/script><\/li><li class=\"gplus\" style=\"width:68px\"><div class=\"g-plusone\" data-size=\"medium\" data-href=\"https:\/\/www.caritasne2.org.br\/site\/mensagem-de-pascoa-cardeal-oscar-rodriguez-maradiaga-2014\/\"><\/div><\/li><li class=\"ssb_linkedin\" style=\"width:64px\"><script src=\"\/\/platform.linkedin.com\/in.js\" type=\"text\/javascript\">lang: en_US<\/script><script type=\"IN\/Share\" data-url=\"https:\/\/www.caritasne2.org.br\/site\/mensagem-de-pascoa-cardeal-oscar-rodriguez-maradiaga-2014\/\" data-counter=\"right\"><\/script><\/li><\/ul>","protected":false},"excerpt":{"rendered":"<p>Caros amigos, H\u00e1 momentos em nossas vidas em que nos encontramos perdidos no deserto e longe de casa. Estes s\u00e3o momentos em que sentimos medo, falta de amor e como se o nosso sofrimento nunca fosse chegar ao fim. Olhe ao redor e voc\u00ea vai ver as pessoas que est\u00e3o atravessando o deserto literalmente. Eles s\u00e3o refugiados da S\u00edria, pessoas deslocadas ou sob a amea\u00e7a [&hellip;]<\/p>\n<ul class=\"ssb_list_wrapper\"><li class=\"fb2\" style=\"width:135px\"><iframe src=\"\/\/www.facebook.com\/plugins\/like.php?href=https%3A%2F%2Fwww.caritasne2.org.br%2Fsite%2Fmensagem-de-pascoa-cardeal-oscar-rodriguez-maradiaga-2014%2F&amp;layout=button_count&amp;action=like&amp;show_faces=false&amp;share=true&amp;width=135&amp;height=21&amp;appId=307091639398582\" scrolling=\"no\" frameborder=\"0\" style=\"border:none; overflow:hidden;  width:150px; height:21px;\" allowTransparency=\"true\"><\/iframe><\/li><li class=\"twtr\" style=\"width:90px\"><a href=\"https:\/\/twitter.com\/share\" class=\"twitter-share-button\" data-url=\"https:\/\/www.caritasne2.org.br\/site\/mensagem-de-pascoa-cardeal-oscar-rodriguez-maradiaga-2014\/\">&nbsp;<\/a><script>!function(d,s,id){var js,fjs=d.getElementsByTagName(s)[0],p=\/^http:\/.test(d.location)?'http':'https';if(!d.getElementById(id)){js=d.createElement(s);js.id=id;js.src=p+':\/\/platform.twitter.com\/widgets.js';fjs.parentNode.insertBefore(js,fjs);}}(document, 'script', 'twitter-wjs');<\/script><\/li><li class=\"gplus\" style=\"width:68px\"><div class=\"g-plusone\" data-size=\"medium\" data-href=\"https:\/\/www.caritasne2.org.br\/site\/mensagem-de-pascoa-cardeal-oscar-rodriguez-maradiaga-2014\/\"><\/div><\/li><li class=\"ssb_linkedin\" style=\"width:64px\"><script src=\"\/\/platform.linkedin.com\/in.js\" type=\"text\/javascript\">lang: en_US<\/script><script type=\"IN\/Share\" data-url=\"https:\/\/www.caritasne2.org.br\/site\/mensagem-de-pascoa-cardeal-oscar-rodriguez-maradiaga-2014\/\" data-counter=\"right\"><\/script><\/li><\/ul>","protected":false},"author":4,"featured_media":1727,"comment_status":"open","ping_status":"open","sticky":false,"template":"","format":"standard","meta":[],"categories":[20],"tags":[67,387],"_links":{"self":[{"href":"https:\/\/www.caritasne2.org.br\/site\/wp-json\/wp\/v2\/posts\/1726"}],"collection":[{"href":"https:\/\/www.caritasne2.org.br\/site\/wp-json\/wp\/v2\/posts"}],"about":[{"href":"https:\/\/www.caritasne2.org.br\/site\/wp-json\/wp\/v2\/types\/post"}],"author":[{"embeddable":true,"href":"https:\/\/www.caritasne2.org.br\/site\/wp-json\/wp\/v2\/users\/4"}],"replies":[{"embeddable":true,"href":"https:\/\/www.caritasne2.org.br\/site\/wp-json\/wp\/v2\/comments?post=1726"}],"version-history":[{"count":0,"href":"https:\/\/www.caritasne2.org.br\/site\/wp-json\/wp\/v2\/posts\/1726\/revisions"}],"wp:featuredmedia":[{"embeddable":true,"href":"https:\/\/www.caritasne2.org.br\/site\/wp-json\/"}],"wp:attachment":[{"href":"https:\/\/www.caritasne2.org.br\/site\/wp-json\/wp\/v2\/media?parent=1726"}],"wp:term":[{"taxonomy":"category","embeddable":true,"href":"https:\/\/www.caritasne2.org.br\/site\/wp-json\/wp\/v2\/categories?post=1726"},{"taxonomy":"post_tag","embeddable":true,"href":"https:\/\/www.caritasne2.org.br\/site\/wp-json\/wp\/v2\/tags?post=1726"}],"curies":[{"name":"wp","href":"https:\/\/api.w.org\/{rel}","templated":true}]}}