{"id":1721,"date":"2014-04-11T18:29:19","date_gmt":"2014-04-11T21:29:19","guid":{"rendered":"http:\/\/ne2.caritas.org.br.s174889.gridserver.com\/?p=1721"},"modified":"2017-07-11T15:22:26","modified_gmt":"2017-07-11T18:22:26","slug":"seminario-comemora-os-10-anos-da-escola-regional-pe-humberto-plummen","status":"publish","type":"post","link":"https:\/\/www.caritasne2.org.br\/site\/seminario-comemora-os-10-anos-da-escola-regional-pe-humberto-plummen\/","title":{"rendered":"Semin\u00e1rio comemora os 10 anos da Escola Regional Pe. Humberto Plummen"},"content":{"rendered":"<p style=\"text-align: justify;\">Com o tema, \u201c10 anos comprometida com o Evangelho na Luta por Direitos Sociais&#8221;, o semin\u00e1rio regional refletiu e celebrou a caminhada da Escola Pe. Humberto Plummen e apontou as perspectivas de continuidade desta valorosa experi\u00eancia.<\/p>\n<p style=\"text-align: justify;\">Representantes das 11 Escolas de F\u00e9 e Pol\u00edtica &#8211; em atividade NE 2 \u2013 estiveram reunidos nos dias 28, 29 e 30 de mar\u00e7o, em Olinda-PE, perfazendo um total de 40 pessoas, vindas dos quatro estados do nosso regional.<\/p>\n<p style=\"text-align: justify;\">Promovida pelo Setor Pastoral Social do NE 2, a Escola Regional de F\u00e9 e Pol\u00edtica Pe. Humberto Plummen \u00e9 um espa\u00e7o formativo de agentes pastorais e militantes sociais, organizada em seis m\u00f3dulos, com o intuito de formar e informar na f\u00e9 crist\u00e3, qualificando estes agentes para o agir na dimens\u00e3o social.<\/p>\n<p style=\"text-align: justify;\">A participa\u00e7\u00e3o de alunos\/as, ex-alunos\/as e assessores enriqueceu as discuss\u00f5es a cerca da continuidade desta experi\u00eancia que segundo Arivaldo Sezytha &#8220;nascemos coletivos e nascemos refer\u00eancia&#8221;. Sinalizando o grande mutir\u00e3o para a realiza\u00e7\u00e3o da escola que surge antes do Centro Nacional de F\u00e9 e Pol\u00edtica Dom H\u00e9lder C\u00e2mara.<\/p>\n<p style=\"text-align: justify;\">O Bispo acompanhante das Pastorais Sociais, Dom Jos\u00e9 Luis Sales, se fez presente, saudando os participantes e fazendo a mem\u00f3ria do Pe. Humberto, que assim como ele, \u00e9 da ordem dos padres redentoristas.<\/p>\n<p style=\"text-align: justify;\">Em sua mensagem, Dom Jos\u00e9, recordou o alerta do amigo de congrega\u00e7\u00e3o, em rela\u00e7\u00e3o ao cen\u00e1rio pol\u00edtico. O Pe. Humberto dizia: \u201cvai chegar o tempo em que n\u00e3o teremos mais esquerda nem direita, vai t\u00e1 tudo misturado, o cen\u00e1rio vai ficar cinzento&#8230;\u201d<\/p>\n<p style=\"text-align: justify;\">O Pe. Humberto tinha raz\u00e3o, j\u00e1 estamos vivenciando esta conjuntura, para tanto se faz necess\u00e1rio ter clareza das for\u00e7as pol\u00edticas e das suas rela\u00e7\u00f5es, sendo de suma import\u00e2ncia a forma\u00e7\u00e3o, pela qual, ele tanto primava, acreditando na for\u00e7a do evangelho para a transforma\u00e7\u00e3o social.<\/p>\n<p style=\"text-align: justify;\">Com informa\u00e7\u00f5es do Setor Pastoral Social da CNBB NE2.<\/p>\n<p>&nbsp;<\/p>\n<p>&nbsp;<\/p>\n<ul class=\"ssb_list_wrapper\"><li class=\"fb2\" style=\"width:135px\"><iframe src=\"\/\/www.facebook.com\/plugins\/like.php?href=https%3A%2F%2Fwww.caritasne2.org.br%2Fsite%2Fseminario-comemora-os-10-anos-da-escola-regional-pe-humberto-plummen%2F&amp;layout=button_count&amp;action=like&amp;show_faces=false&amp;share=true&amp;width=135&amp;height=21&amp;appId=307091639398582\" scrolling=\"no\" frameborder=\"0\" style=\"border:none; overflow:hidden;  width:150px; height:21px;\" allowTransparency=\"true\"><\/iframe><\/li><li class=\"twtr\" style=\"width:90px\"><a href=\"https:\/\/twitter.com\/share\" class=\"twitter-share-button\" data-url=\"https:\/\/www.caritasne2.org.br\/site\/seminario-comemora-os-10-anos-da-escola-regional-pe-humberto-plummen\/\">&nbsp;<\/a><script>!function(d,s,id){var js,fjs=d.getElementsByTagName(s)[0],p=\/^http:\/.test(d.location)?'http':'https';if(!d.getElementById(id)){js=d.createElement(s);js.id=id;js.src=p+':\/\/platform.twitter.com\/widgets.js';fjs.parentNode.insertBefore(js,fjs);}}(document, 'script', 'twitter-wjs');<\/script><\/li><li class=\"gplus\" style=\"width:68px\"><div class=\"g-plusone\" data-size=\"medium\" data-href=\"https:\/\/www.caritasne2.org.br\/site\/seminario-comemora-os-10-anos-da-escola-regional-pe-humberto-plummen\/\"><\/div><\/li><li class=\"ssb_linkedin\" style=\"width:64px\"><script src=\"\/\/platform.linkedin.com\/in.js\" type=\"text\/javascript\">lang: en_US<\/script><script type=\"IN\/Share\" data-url=\"https:\/\/www.caritasne2.org.br\/site\/seminario-comemora-os-10-anos-da-escola-regional-pe-humberto-plummen\/\" data-counter=\"right\"><\/script><\/li><\/ul>","protected":false},"excerpt":{"rendered":"<p>Com o tema, \u201c10 anos comprometida com o Evangelho na Luta por Direitos Sociais&#8221;, o semin\u00e1rio regional refletiu e celebrou a caminhada da Escola Pe. Humberto Plummen e apontou as perspectivas de continuidade desta valorosa experi\u00eancia. Representantes das 11 Escolas de F\u00e9 e Pol\u00edtica &#8211; em atividade NE 2 \u2013 estiveram reunidos nos dias 28, 29 e 30 de mar\u00e7o, em Olinda-PE, perfazendo um total [&hellip;]<\/p>\n<ul class=\"ssb_list_wrapper\"><li class=\"fb2\" style=\"width:135px\"><iframe src=\"\/\/www.facebook.com\/plugins\/like.php?href=https%3A%2F%2Fwww.caritasne2.org.br%2Fsite%2Fseminario-comemora-os-10-anos-da-escola-regional-pe-humberto-plummen%2F&amp;layout=button_count&amp;action=like&amp;show_faces=false&amp;share=true&amp;width=135&amp;height=21&amp;appId=307091639398582\" scrolling=\"no\" frameborder=\"0\" style=\"border:none; overflow:hidden;  width:150px; height:21px;\" allowTransparency=\"true\"><\/iframe><\/li><li class=\"twtr\" style=\"width:90px\"><a href=\"https:\/\/twitter.com\/share\" class=\"twitter-share-button\" data-url=\"https:\/\/www.caritasne2.org.br\/site\/seminario-comemora-os-10-anos-da-escola-regional-pe-humberto-plummen\/\">&nbsp;<\/a><script>!function(d,s,id){var js,fjs=d.getElementsByTagName(s)[0],p=\/^http:\/.test(d.location)?'http':'https';if(!d.getElementById(id)){js=d.createElement(s);js.id=id;js.src=p+':\/\/platform.twitter.com\/widgets.js';fjs.parentNode.insertBefore(js,fjs);}}(document, 'script', 'twitter-wjs');<\/script><\/li><li class=\"gplus\" style=\"width:68px\"><div class=\"g-plusone\" data-size=\"medium\" data-href=\"https:\/\/www.caritasne2.org.br\/site\/seminario-comemora-os-10-anos-da-escola-regional-pe-humberto-plummen\/\"><\/div><\/li><li class=\"ssb_linkedin\" style=\"width:64px\"><script src=\"\/\/platform.linkedin.com\/in.js\" type=\"text\/javascript\">lang: en_US<\/script><script type=\"IN\/Share\" data-url=\"https:\/\/www.caritasne2.org.br\/site\/seminario-comemora-os-10-anos-da-escola-regional-pe-humberto-plummen\/\" data-counter=\"right\"><\/script><\/li><\/ul>","protected":false},"author":4,"featured_media":1723,"comment_status":"open","ping_status":"open","sticky":false,"template":"","format":"standard","meta":[],"categories":[20],"tags":[67,385,386],"_links":{"self":[{"href":"https:\/\/www.caritasne2.org.br\/site\/wp-json\/wp\/v2\/posts\/1721"}],"collection":[{"href":"https:\/\/www.caritasne2.org.br\/site\/wp-json\/wp\/v2\/posts"}],"about":[{"href":"https:\/\/www.caritasne2.org.br\/site\/wp-json\/wp\/v2\/types\/post"}],"author":[{"embeddable":true,"href":"https:\/\/www.caritasne2.org.br\/site\/wp-json\/wp\/v2\/users\/4"}],"replies":[{"embeddable":true,"href":"https:\/\/www.caritasne2.org.br\/site\/wp-json\/wp\/v2\/comments?post=1721"}],"version-history":[{"count":0,"href":"https:\/\/www.caritasne2.org.br\/site\/wp-json\/wp\/v2\/posts\/1721\/revisions"}],"wp:featuredmedia":[{"embeddable":true,"href":"https:\/\/www.caritasne2.org.br\/site\/wp-json\/"}],"wp:attachment":[{"href":"https:\/\/www.caritasne2.org.br\/site\/wp-json\/wp\/v2\/media?parent=1721"}],"wp:term":[{"taxonomy":"category","embeddable":true,"href":"https:\/\/www.caritasne2.org.br\/site\/wp-json\/wp\/v2\/categories?post=1721"},{"taxonomy":"post_tag","embeddable":true,"href":"https:\/\/www.caritasne2.org.br\/site\/wp-json\/wp\/v2\/tags?post=1721"}],"curies":[{"name":"wp","href":"https:\/\/api.w.org\/{rel}","templated":true}]}}