{"id":1702,"date":"2014-04-09T18:11:37","date_gmt":"2014-04-09T21:11:37","guid":{"rendered":"http:\/\/ne2.caritas.org.br.s174889.gridserver.com\/?p=1702"},"modified":"2017-07-11T15:22:26","modified_gmt":"2017-07-11T18:22:26","slug":"protagonismo-juvenil-caritas-escola-da-rede-estadual-assinam-termo-de-parceria-para-reducao-da-violencia","status":"publish","type":"post","link":"https:\/\/www.caritasne2.org.br\/site\/protagonismo-juvenil-caritas-escola-da-rede-estadual-assinam-termo-de-parceria-para-reducao-da-violencia\/","title":{"rendered":"Protagonismo: C\u00e1ritas e escola da rede estadual assinam termo de parceria para redu\u00e7\u00e3o da viol\u00eancia"},"content":{"rendered":"<p style=\"text-align: center;\"><em>A iniciativa \u00e9 uma das a\u00e7\u00f5es do projeto \u201cRedu\u00e7\u00e3o da Viol\u00eancia atrav\u00e9s do Protagonismo Juvenil no Espa\u00e7o Escolar\u201d, que \u00e9 desenvolvido pela C\u00e1ritas Brasileira NE2 em parceria com outras organiza\u00e7\u00f5es.<\/em><\/p>\n<p style=\"text-align: justify;\">Cinco escolas da rede p\u00fablica dos Estados de Pernambuco, Para\u00edba e Alagoas, v\u00eam recebendo atividades do projeto <em>\u201cRedu\u00e7\u00e3o da Viol\u00eancia atrav\u00e9s do Protagonismo Juvenil no Espa\u00e7o Escolar\u201d.<\/em> O projeto \u00e9 uma parceria da C\u00e1ritas Alem\u00e3 com as organiza\u00e7\u00f5es C\u00e1ritas Brasileira Regional NE2 \u2013 atrav\u00e9s do Programa, Inf\u00e2ncia, Adolesc\u00eancia e Juventude (PIAJ), Coletivo Mulher Vida, Servi\u00e7o Pastoral dos Migrantes do Nordeste (SPM), Grupo Ruas e Pra\u00e7as, e Adolescer.<\/p>\n<p style=\"text-align: justify;\">A proposta do projeto \u00e9 desenvolver um modelo de interven\u00e7\u00e3o para o espa\u00e7o escolar, com a perspectiva de uma pr\u00e1tica escolar comunit\u00e1ria, capaz de construir respostas frente aos mecanismos geradores de viol\u00eancia e exclus\u00e3o social.<\/p>\n<p style=\"text-align: justify;\">Em Pernambuco, a escola estadual Professor Pedro Augusto Carneiro Le\u00e3o, no<a href=\"http:\/\/ne2.caritas.org.br.s174889.gridserver.com\/2014\/04\/09\/protagonismo-juvenil-caritas-escola-da-rede-estadual-assinam-termo-de-parceria-para-reducao-da-violencia\/termo-assinado-6\/\" rel=\"attachment wp-att-1715\"><img decoding=\"async\" loading=\"lazy\" class=\"alignright  wp-image-1715\" title=\"Termo assinado\" src=\"http:\/\/ne2.caritas.org.br.s174889.gridserver.com\/wp-content\/uploads\/2014\/04\/Termo-assinado5-150x150.jpg\" alt=\"\" width=\"166\" height=\"166\" \/><\/a> bairro do Fund\u00e3o, Zona Norte do Recife, vem sendo acompanhada pela C\u00e1ritas Regional NE2. De acordo com a pedagoga e educadora social do PIAJ, Bibiana Santana, que acompanha diretamente as a\u00e7\u00f5es na escola, no dia 28 de mar\u00e7o, foi assinado um termo de parceria entre a C\u00e1ritas e a escola.<\/p>\n<p style=\"text-align: justify;\">\u201cA perspectiva da C\u00e1ritas \u00e9 juntamente com as outras institui\u00e7\u00f5es contribuir com a comunidade escolar no entendimento e enfrentamento dos mecanismos geradores da viol\u00eancia. Ent\u00e3o, a assinatura do termo vem firmando o trabalho e atua\u00e7\u00e3o do projeto no ambiente escolar\u201d, explicou Bibiana.<\/p>\n<p style=\"text-align: justify;\"><span style=\"text-decoration: underline;\"><strong>Iniciativa:<\/strong><\/span><\/p>\n<p style=\"text-align: justify;\">As a\u00e7\u00f5es do projeto iniciaram no m\u00eas de janeiro, deste ano. No primeiro momento, houve uma etapa de aproxima\u00e7\u00e3o dos agentes C\u00e1ritas com a escola. Em seguida, uma proposta de interven\u00e7\u00e3o foi apresentada para a equipe de gest\u00e3o, coordena\u00e7\u00e3o, professores, alunos e comunidade. Atualmente, o projeto encontra-se na etapa de identifica\u00e7\u00e3o dos l\u00edderes. Ou seja, nessa etapa, professores e funcion\u00e1rios da institui\u00e7\u00e3o de ensino indicam alunos do 6\u00ba ao 9\u00ba ano do fundamental, que demonstram perfil de lideran\u00e7a, bem como tenham interesse em participar e contribuir com a proposta de interven\u00e7\u00e3o na escola e na comunidade onde est\u00e1 inserida.<\/p>\n<p style=\"text-align: left;\">\u00a0 \u00a0 \u00a0 \u00a0\u00a0 <a href=\"http:\/\/ne2.caritas.org.br.s174889.gridserver.com\/2014\/04\/09\/protagonismo-juvenil-caritas-escola-da-rede-estadual-assinam-termo-de-parceria-para-reducao-da-violencia\/aproximacao-com-a-escola-para-assinatura-do-termo-2\/\" rel=\"attachment wp-att-1711\"><img decoding=\"async\" loading=\"lazy\" class=\"wp-image-1711\" title=\"Aproxima\u00e7\u00e3o com a escola para assinatura do termo\" src=\"http:\/\/ne2.caritas.org.br.s174889.gridserver.com\/wp-content\/uploads\/2014\/04\/Aproxima\u00e7\u00e3o-com-a-escola-para-assinatura-do-termo1-300x204.jpg\" alt=\"\" width=\"206\" height=\"137\" \/><\/a><a href=\"http:\/\/ne2.caritas.org.br.s174889.gridserver.com\/2014\/04\/09\/protagonismo-juvenil-caritas-escola-da-rede-estadual-assinam-termo-de-parceria-para-reducao-da-violencia\/escola-acompanhada-pela-caritas\/\" rel=\"attachment wp-att-1706\"><img decoding=\"async\" loading=\"lazy\" class=\" wp-image-1706 alignleft\" title=\"Escola acompanhada pela C\u00e1ritas\" src=\"http:\/\/ne2.caritas.org.br.s174889.gridserver.com\/wp-content\/uploads\/2014\/04\/Escola-acompanhada-pela-C\u00e1ritas-300x168.jpg\" alt=\"\" width=\"239\" height=\"129\" \/><\/a><\/p>\n<p style=\"text-align: left;\">\u00a0 por Kilma Ferreira | Assessoria de Comunica\u00e7\u00e3o da C\u00e1ritas NE2.<\/p>\n<ul class=\"ssb_list_wrapper\"><li class=\"fb2\" style=\"width:135px\"><iframe src=\"\/\/www.facebook.com\/plugins\/like.php?href=https%3A%2F%2Fwww.caritasne2.org.br%2Fsite%2Fprotagonismo-juvenil-caritas-escola-da-rede-estadual-assinam-termo-de-parceria-para-reducao-da-violencia%2F&amp;layout=button_count&amp;action=like&amp;show_faces=false&amp;share=true&amp;width=135&amp;height=21&amp;appId=307091639398582\" scrolling=\"no\" frameborder=\"0\" style=\"border:none; overflow:hidden;  width:150px; height:21px;\" allowTransparency=\"true\"><\/iframe><\/li><li class=\"twtr\" style=\"width:90px\"><a href=\"https:\/\/twitter.com\/share\" class=\"twitter-share-button\" data-url=\"https:\/\/www.caritasne2.org.br\/site\/protagonismo-juvenil-caritas-escola-da-rede-estadual-assinam-termo-de-parceria-para-reducao-da-violencia\/\">&nbsp;<\/a><script>!function(d,s,id){var js,fjs=d.getElementsByTagName(s)[0],p=\/^http:\/.test(d.location)?'http':'https';if(!d.getElementById(id)){js=d.createElement(s);js.id=id;js.src=p+':\/\/platform.twitter.com\/widgets.js';fjs.parentNode.insertBefore(js,fjs);}}(document, 'script', 'twitter-wjs');<\/script><\/li><li class=\"gplus\" style=\"width:68px\"><div class=\"g-plusone\" data-size=\"medium\" data-href=\"https:\/\/www.caritasne2.org.br\/site\/protagonismo-juvenil-caritas-escola-da-rede-estadual-assinam-termo-de-parceria-para-reducao-da-violencia\/\"><\/div><\/li><li class=\"ssb_linkedin\" style=\"width:64px\"><script src=\"\/\/platform.linkedin.com\/in.js\" type=\"text\/javascript\">lang: en_US<\/script><script type=\"IN\/Share\" data-url=\"https:\/\/www.caritasne2.org.br\/site\/protagonismo-juvenil-caritas-escola-da-rede-estadual-assinam-termo-de-parceria-para-reducao-da-violencia\/\" data-counter=\"right\"><\/script><\/li><\/ul>","protected":false},"excerpt":{"rendered":"<p>A iniciativa \u00e9 uma das a\u00e7\u00f5es do projeto \u201cRedu\u00e7\u00e3o da Viol\u00eancia atrav\u00e9s do Protagonismo Juvenil no Espa\u00e7o Escolar\u201d, que \u00e9 desenvolvido pela C\u00e1ritas Brasileira NE2 em parceria com outras organiza\u00e7\u00f5es. Cinco escolas da rede p\u00fablica dos Estados de Pernambuco, Para\u00edba e Alagoas, v\u00eam recebendo atividades do projeto \u201cRedu\u00e7\u00e3o da Viol\u00eancia atrav\u00e9s do Protagonismo Juvenil no Espa\u00e7o Escolar\u201d. O projeto \u00e9 uma parceria da C\u00e1ritas Alem\u00e3 [&hellip;]<\/p>\n<ul class=\"ssb_list_wrapper\"><li class=\"fb2\" style=\"width:135px\"><iframe src=\"\/\/www.facebook.com\/plugins\/like.php?href=https%3A%2F%2Fwww.caritasne2.org.br%2Fsite%2Fprotagonismo-juvenil-caritas-escola-da-rede-estadual-assinam-termo-de-parceria-para-reducao-da-violencia%2F&amp;layout=button_count&amp;action=like&amp;show_faces=false&amp;share=true&amp;width=135&amp;height=21&amp;appId=307091639398582\" scrolling=\"no\" frameborder=\"0\" style=\"border:none; overflow:hidden;  width:150px; height:21px;\" allowTransparency=\"true\"><\/iframe><\/li><li class=\"twtr\" style=\"width:90px\"><a href=\"https:\/\/twitter.com\/share\" class=\"twitter-share-button\" data-url=\"https:\/\/www.caritasne2.org.br\/site\/protagonismo-juvenil-caritas-escola-da-rede-estadual-assinam-termo-de-parceria-para-reducao-da-violencia\/\">&nbsp;<\/a><script>!function(d,s,id){var js,fjs=d.getElementsByTagName(s)[0],p=\/^http:\/.test(d.location)?'http':'https';if(!d.getElementById(id)){js=d.createElement(s);js.id=id;js.src=p+':\/\/platform.twitter.com\/widgets.js';fjs.parentNode.insertBefore(js,fjs);}}(document, 'script', 'twitter-wjs');<\/script><\/li><li class=\"gplus\" style=\"width:68px\"><div class=\"g-plusone\" data-size=\"medium\" data-href=\"https:\/\/www.caritasne2.org.br\/site\/protagonismo-juvenil-caritas-escola-da-rede-estadual-assinam-termo-de-parceria-para-reducao-da-violencia\/\"><\/div><\/li><li class=\"ssb_linkedin\" style=\"width:64px\"><script src=\"\/\/platform.linkedin.com\/in.js\" type=\"text\/javascript\">lang: en_US<\/script><script type=\"IN\/Share\" data-url=\"https:\/\/www.caritasne2.org.br\/site\/protagonismo-juvenil-caritas-escola-da-rede-estadual-assinam-termo-de-parceria-para-reducao-da-violencia\/\" data-counter=\"right\"><\/script><\/li><\/ul>","protected":false},"author":4,"featured_media":1703,"comment_status":"open","ping_status":"open","sticky":false,"template":"","format":"standard","meta":[],"categories":[20,105],"tags":[67,383,87,384],"_links":{"self":[{"href":"https:\/\/www.caritasne2.org.br\/site\/wp-json\/wp\/v2\/posts\/1702"}],"collection":[{"href":"https:\/\/www.caritasne2.org.br\/site\/wp-json\/wp\/v2\/posts"}],"about":[{"href":"https:\/\/www.caritasne2.org.br\/site\/wp-json\/wp\/v2\/types\/post"}],"author":[{"embeddable":true,"href":"https:\/\/www.caritasne2.org.br\/site\/wp-json\/wp\/v2\/users\/4"}],"replies":[{"embeddable":true,"href":"https:\/\/www.caritasne2.org.br\/site\/wp-json\/wp\/v2\/comments?post=1702"}],"version-history":[{"count":0,"href":"https:\/\/www.caritasne2.org.br\/site\/wp-json\/wp\/v2\/posts\/1702\/revisions"}],"wp:featuredmedia":[{"embeddable":true,"href":"https:\/\/www.caritasne2.org.br\/site\/wp-json\/"}],"wp:attachment":[{"href":"https:\/\/www.caritasne2.org.br\/site\/wp-json\/wp\/v2\/media?parent=1702"}],"wp:term":[{"taxonomy":"category","embeddable":true,"href":"https:\/\/www.caritasne2.org.br\/site\/wp-json\/wp\/v2\/categories?post=1702"},{"taxonomy":"post_tag","embeddable":true,"href":"https:\/\/www.caritasne2.org.br\/site\/wp-json\/wp\/v2\/tags?post=1702"}],"curies":[{"name":"wp","href":"https:\/\/api.w.org\/{rel}","templated":true}]}}