{"id":1676,"date":"2014-04-04T18:17:01","date_gmt":"2014-04-04T21:17:01","guid":{"rendered":"http:\/\/ne2.caritas.org.br.s174889.gridserver.com\/?p=1676"},"modified":"2017-07-11T15:22:26","modified_gmt":"2017-07-11T18:22:26","slug":"abertura-nordestao-reune-agentes-pastorais-em-lagoa-seca-pb","status":"publish","type":"post","link":"https:\/\/www.caritasne2.org.br\/site\/abertura-nordestao-reune-agentes-pastorais-em-lagoa-seca-pb\/","title":{"rendered":"Abertura do Nordest\u00e3o re\u00fane mobilizadores sociais em Lagoa Seca (PB)"},"content":{"rendered":"<p style=\"text-align: center;\"><em>O evento visa fortalecer e dar continuidade ao debate aberto pelas Semanas Sociais diocesanas, regionais e pela \u00a05\u00aa Semana Social Brasileira<\/em><\/p>\n<p style=\"text-align: justify;\">Teve in\u00edcio nesta sexta-feira (04) e segue at\u00e9 domingo (06), no Convento Ipuarana, no munic\u00edpio de Lagoa Seca (PB), o Nordest\u00e3o da 5\u00aa Semana Social Brasileira. O tema este ano \u00e9 \u201cO Nordeste que temos e o Nordeste que queremos\u201d. Cerca de 200 pessoas de movimentos e pastorais sociais, sindicatos e organiza\u00e7\u00f5es participaram da abertura do evento nesta tarde.<\/p>\n<p style=\"text-align: justify;\">O objetivo do evento \u00e9 fortalecer e dar continuidade ao debate aberto pelas Semanas Sociais diocesanas, regionais e pela 5\u00aa Semana Social Brasileira, realizada em 2013.<\/p>\n<p style=\"text-align: justify;\">Nesta tarde, ap\u00f3s a m\u00edstica de abertura e apresenta\u00e7\u00e3o das delega\u00e7\u00f5es dos estados, houve tamb\u00e9m um momento de resgate hist\u00f3rico das \u00faltimas quatro Semanas Sociais. Na ocasi\u00e3o, o Pe. Ari Ant\u00f4nio dos Reis, assessor da Pastoral Afro-brasileira da CNBB, resgatou as tem\u00e1ticas abordadas pelas Semanas, bem como seus desafios e conquistas.<\/p>\n<p style=\"text-align: justify;\">\u00a0De acordo com o Pe. Ari, as Semanas s\u00e3o importantes inst\u00e2ncias de di\u00e1logos sociais e espa\u00e7os de reflex\u00f5es sobre uma vida melhor para o povo brasileiro. \u201c\u00c9 onde temos a oportunidade de propor um outro projeto para o nosso Brasil\u201d, complementou o padre.<\/p>\n<p style=\"text-align: justify;\">Dando continuidade ao debate \u00a0foram realizadas reflex\u00f5es a partir das pr\u00e1ticas e realidades das pessoas inseridas nas organiza\u00e7\u00f5es e movimentos que est\u00e3o participando do evento.<\/p>\n<p style=\"text-align: justify;\">As reflex\u00f5es aconteceram em oito mini-plen\u00e1rias que abordaram temas diversificados como: Seguran\u00e7a e soberania h\u00eddrica e Alimentar; Terra, territ\u00f3rio e viol\u00eancia no campo; Controle popular do judici\u00e1rio; Acesso aos direitos sociais e as politicas p\u00fablicas; A quest\u00e3o urbana e a cidade de exce\u00e7\u00e3o; Os grandes projetos e a sustentabilidade do Nordeste: impactos sobre seu povo, sua cultura e seu territ\u00f3rio; Mulher, viola\u00e7\u00f5es e conquistas; e Participa\u00e7\u00e3o cidad\u00e3 das Juventudes.<\/p>\n<p style=\"text-align: justify;\">Amanh\u00e3, o grupo participar\u00e1 de uma grande plen\u00e1ria onde ser\u00e1 compartilhado o resultado das discuss\u00f5es realizadas nas mini-plen\u00e1rias.<\/p>\n<p style=\"text-align: justify;\">Entre as organiza\u00e7\u00f5es presentes est\u00e3o a C\u00e1ritas Brasileira com representa\u00e7\u00e3o dos Regionais NE2 (PE,PB, AL e RN), NE3 (BA e SE), Cear\u00e1, Piau\u00ed, Maranh\u00e3o, al\u00e9m dos movimentos sociais For\u00e7a Feminina, Passe Livre, Conselho Indigenista Mission\u00e1rio (CIMI), Conselho Pastoral dos Pescadores (CPP), ASA Brasil, Caravana Agroecologica \u2013 APODI (RN e CE), F\u00f3rum de Reforma Urbana de Pernambuco, Articula\u00e7\u00e3o S\u00e3o Francisco Vivo (BA, SE, PE, CE e PB), Habitat Brasil e Comiss\u00e3o Pastoral da Terra (CPT), entre outros.<\/p>\n<p style=\"text-align: justify;\"><a href=\"http:\/\/ne2.caritas.org.br.s174889.gridserver.com\/2014\/04\/04\/abertura-nordestao-reune-agentes-pastorais-em-lagoa-seca-pb\/fotos-para-exposicao-137-copia-2\/\" rel=\"attachment wp-att-1681\"><img decoding=\"async\" loading=\"lazy\" class=\"aligncenter size-medium wp-image-1681\" title=\"fotos para exposi\u00e7\u00e3o-137 - Copia\" src=\"http:\/\/ne2.caritas.org.br.s174889.gridserver.com\/wp-content\/uploads\/2014\/04\/fotos-para-exposi\u00e7\u00e3o-137-Copia1-300x198.jpg\" alt=\"\" width=\"300\" height=\"198\" \/><\/a><\/p>\n<p>&nbsp;<\/p>\n<p style=\"text-align: justify;\">\u00a0Por Kilma Ferreira &#8211; Assessora de Comunica\u00e7\u00e3o da C\u00e1ritas Regional NE2.<\/p>\n<p style=\"text-align: justify;\">Fotos: Allan Lusttosa &#8211; C\u00e1ritas Regional NE3<\/p>\n<ul class=\"ssb_list_wrapper\"><li class=\"fb2\" style=\"width:135px\"><iframe src=\"\/\/www.facebook.com\/plugins\/like.php?href=https%3A%2F%2Fwww.caritasne2.org.br%2Fsite%2Fabertura-nordestao-reune-agentes-pastorais-em-lagoa-seca-pb%2F&amp;layout=button_count&amp;action=like&amp;show_faces=false&amp;share=true&amp;width=135&amp;height=21&amp;appId=307091639398582\" scrolling=\"no\" frameborder=\"0\" style=\"border:none; overflow:hidden;  width:150px; height:21px;\" allowTransparency=\"true\"><\/iframe><\/li><li class=\"twtr\" style=\"width:90px\"><a href=\"https:\/\/twitter.com\/share\" class=\"twitter-share-button\" data-url=\"https:\/\/www.caritasne2.org.br\/site\/abertura-nordestao-reune-agentes-pastorais-em-lagoa-seca-pb\/\">&nbsp;<\/a><script>!function(d,s,id){var js,fjs=d.getElementsByTagName(s)[0],p=\/^http:\/.test(d.location)?'http':'https';if(!d.getElementById(id)){js=d.createElement(s);js.id=id;js.src=p+':\/\/platform.twitter.com\/widgets.js';fjs.parentNode.insertBefore(js,fjs);}}(document, 'script', 'twitter-wjs');<\/script><\/li><li class=\"gplus\" style=\"width:68px\"><div class=\"g-plusone\" data-size=\"medium\" data-href=\"https:\/\/www.caritasne2.org.br\/site\/abertura-nordestao-reune-agentes-pastorais-em-lagoa-seca-pb\/\"><\/div><\/li><li class=\"ssb_linkedin\" style=\"width:64px\"><script src=\"\/\/platform.linkedin.com\/in.js\" type=\"text\/javascript\">lang: en_US<\/script><script type=\"IN\/Share\" data-url=\"https:\/\/www.caritasne2.org.br\/site\/abertura-nordestao-reune-agentes-pastorais-em-lagoa-seca-pb\/\" data-counter=\"right\"><\/script><\/li><\/ul>","protected":false},"excerpt":{"rendered":"<p>O evento visa fortalecer e dar continuidade ao debate aberto pelas Semanas Sociais diocesanas, regionais e pela \u00a05\u00aa Semana Social Brasileira Teve in\u00edcio nesta sexta-feira (04) e segue at\u00e9 domingo (06), no Convento Ipuarana, no munic\u00edpio de Lagoa Seca (PB), o Nordest\u00e3o da 5\u00aa Semana Social Brasileira. O tema este ano \u00e9 \u201cO Nordeste que temos e o Nordeste que queremos\u201d. Cerca de 200 pessoas [&hellip;]<\/p>\n<ul class=\"ssb_list_wrapper\"><li class=\"fb2\" style=\"width:135px\"><iframe src=\"\/\/www.facebook.com\/plugins\/like.php?href=https%3A%2F%2Fwww.caritasne2.org.br%2Fsite%2Fabertura-nordestao-reune-agentes-pastorais-em-lagoa-seca-pb%2F&amp;layout=button_count&amp;action=like&amp;show_faces=false&amp;share=true&amp;width=135&amp;height=21&amp;appId=307091639398582\" scrolling=\"no\" frameborder=\"0\" style=\"border:none; overflow:hidden;  width:150px; height:21px;\" allowTransparency=\"true\"><\/iframe><\/li><li class=\"twtr\" style=\"width:90px\"><a href=\"https:\/\/twitter.com\/share\" class=\"twitter-share-button\" data-url=\"https:\/\/www.caritasne2.org.br\/site\/abertura-nordestao-reune-agentes-pastorais-em-lagoa-seca-pb\/\">&nbsp;<\/a><script>!function(d,s,id){var js,fjs=d.getElementsByTagName(s)[0],p=\/^http:\/.test(d.location)?'http':'https';if(!d.getElementById(id)){js=d.createElement(s);js.id=id;js.src=p+':\/\/platform.twitter.com\/widgets.js';fjs.parentNode.insertBefore(js,fjs);}}(document, 'script', 'twitter-wjs');<\/script><\/li><li class=\"gplus\" style=\"width:68px\"><div class=\"g-plusone\" data-size=\"medium\" data-href=\"https:\/\/www.caritasne2.org.br\/site\/abertura-nordestao-reune-agentes-pastorais-em-lagoa-seca-pb\/\"><\/div><\/li><li class=\"ssb_linkedin\" style=\"width:64px\"><script src=\"\/\/platform.linkedin.com\/in.js\" type=\"text\/javascript\">lang: en_US<\/script><script type=\"IN\/Share\" data-url=\"https:\/\/www.caritasne2.org.br\/site\/abertura-nordestao-reune-agentes-pastorais-em-lagoa-seca-pb\/\" data-counter=\"right\"><\/script><\/li><\/ul>","protected":false},"author":4,"featured_media":1679,"comment_status":"open","ping_status":"open","sticky":false,"template":"","format":"standard","meta":[],"categories":[20,377],"tags":[67,378,379],"_links":{"self":[{"href":"https:\/\/www.caritasne2.org.br\/site\/wp-json\/wp\/v2\/posts\/1676"}],"collection":[{"href":"https:\/\/www.caritasne2.org.br\/site\/wp-json\/wp\/v2\/posts"}],"about":[{"href":"https:\/\/www.caritasne2.org.br\/site\/wp-json\/wp\/v2\/types\/post"}],"author":[{"embeddable":true,"href":"https:\/\/www.caritasne2.org.br\/site\/wp-json\/wp\/v2\/users\/4"}],"replies":[{"embeddable":true,"href":"https:\/\/www.caritasne2.org.br\/site\/wp-json\/wp\/v2\/comments?post=1676"}],"version-history":[{"count":0,"href":"https:\/\/www.caritasne2.org.br\/site\/wp-json\/wp\/v2\/posts\/1676\/revisions"}],"wp:featuredmedia":[{"embeddable":true,"href":"https:\/\/www.caritasne2.org.br\/site\/wp-json\/"}],"wp:attachment":[{"href":"https:\/\/www.caritasne2.org.br\/site\/wp-json\/wp\/v2\/media?parent=1676"}],"wp:term":[{"taxonomy":"category","embeddable":true,"href":"https:\/\/www.caritasne2.org.br\/site\/wp-json\/wp\/v2\/categories?post=1676"},{"taxonomy":"post_tag","embeddable":true,"href":"https:\/\/www.caritasne2.org.br\/site\/wp-json\/wp\/v2\/tags?post=1676"}],"curies":[{"name":"wp","href":"https:\/\/api.w.org\/{rel}","templated":true}]}}