{"id":1669,"date":"2014-03-28T10:32:21","date_gmt":"2014-03-28T13:32:21","guid":{"rendered":"http:\/\/ne2.caritas.org.br.s174889.gridserver.com\/?p=1669"},"modified":"2017-07-11T15:22:26","modified_gmt":"2017-07-11T18:22:26","slug":"semana-social-nordeste-acontece-entre-os-dias-4-6-de-abril-na-paraiba","status":"publish","type":"post","link":"https:\/\/www.caritasne2.org.br\/site\/semana-social-nordeste-acontece-entre-os-dias-4-6-de-abril-na-paraiba\/","title":{"rendered":"Semana Social do Nordeste acontece entre os dias 4 e 6 de abril, na Para\u00edba"},"content":{"rendered":"<p style=\"text-align: right;\"><em>Por equipe de comunica\u00e7\u00e3o da Semana Social do Nordeste<br \/>\n<\/em><\/p>\n<p style=\"text-align: justify;\">\u201cO Nordeste que temos e o Nordeste que queremos\u201d, com esse lema, cerca de 200 pessoas de movimentos e pastorais sociais, sindicatos e organiza\u00e7\u00f5es de toda a regi\u00e3o Nordeste do Brasil estar\u00e3o reunidos entre os dias 04 a 06 de abril de 2014 no munic\u00edpio de Lagoa Seca\/PB, no Convento Ipuarana, para a Semana Social do Nordeste. O evento visa fortalecer e dar continuidade ao debate aberto pelas Semanas Sociais diocesanas, regionais e pela 5\u00aa Semana Social Brasileira, realizada em 2013.<\/p>\n<p style=\"text-align: justify;\">Reunir diversos atores sociais e grupos envolvidos em distintas lutas no nordeste em torno da tem\u00e1tica do Estado e suas formas de atua\u00e7\u00e3o, al\u00e9m de debater a conjuntura pol\u00edtica, econ\u00f4mica e social brasileira, especificamente do Nordeste, procurando maior articula\u00e7\u00e3o entre as pessoas e grupos comprometidos no processo de consolida\u00e7\u00e3o de um Estado que seja sempre \u00e0 servi\u00e7o da vida ser\u00e3o os motes das discuss\u00f5es.<\/p>\n<p style=\"text-align: justify;\">A perspectiva \u00e9 garantir a visibilidade, em n\u00edvel de Nordeste, das lutas em defesa dos territ\u00f3rios e das reivindica\u00e7\u00f5es por efetiva\u00e7\u00e3o de direitos, bem como denunciar os impactos gerados pelo modelo de desenvolvimento imposto pelo Estado nas diversas popula\u00e7\u00f5es tradicionais. Busca-se ainda criar uma ampla articula\u00e7\u00e3o entre as pessoas envolvidas nos processos de luta e resist\u00eancia, possibilitando o planejamento de estrat\u00e9gias comuns de atua\u00e7\u00e3o para a constru\u00e7\u00e3o do Nordeste que queremos, al\u00e9m de celebrar o entusiasmo, a coragem e a resist\u00eancia como formas de lutas no Nordeste diante de tudo aquilo que amea\u00e7a a vida humana e da natureza.<\/p>\n<p style=\"text-align: justify;\">Servi\u00e7o:<\/p>\n<p style=\"text-align: justify;\">Semana Social do Nordeste<\/p>\n<p style=\"text-align: justify;\">Data: 04 a 06 de abril de 2014.<\/p>\n<p style=\"text-align: justify;\">Local: Convento Ipuarana, Lagoa Seca \u2013 Para\u00edba.<\/p>\n<p style=\"text-align: justify;\">Contatos: 81- 9957- 1283 \/ 81 -3231-3435<\/p>\n<ul class=\"ssb_list_wrapper\"><li class=\"fb2\" style=\"width:135px\"><iframe src=\"\/\/www.facebook.com\/plugins\/like.php?href=https%3A%2F%2Fwww.caritasne2.org.br%2Fsite%2Fsemana-social-nordeste-acontece-entre-os-dias-4-6-de-abril-na-paraiba%2F&amp;layout=button_count&amp;action=like&amp;show_faces=false&amp;share=true&amp;width=135&amp;height=21&amp;appId=307091639398582\" scrolling=\"no\" frameborder=\"0\" style=\"border:none; overflow:hidden;  width:150px; height:21px;\" allowTransparency=\"true\"><\/iframe><\/li><li class=\"twtr\" style=\"width:90px\"><a href=\"https:\/\/twitter.com\/share\" class=\"twitter-share-button\" data-url=\"https:\/\/www.caritasne2.org.br\/site\/semana-social-nordeste-acontece-entre-os-dias-4-6-de-abril-na-paraiba\/\">&nbsp;<\/a><script>!function(d,s,id){var js,fjs=d.getElementsByTagName(s)[0],p=\/^http:\/.test(d.location)?'http':'https';if(!d.getElementById(id)){js=d.createElement(s);js.id=id;js.src=p+':\/\/platform.twitter.com\/widgets.js';fjs.parentNode.insertBefore(js,fjs);}}(document, 'script', 'twitter-wjs');<\/script><\/li><li class=\"gplus\" style=\"width:68px\"><div class=\"g-plusone\" data-size=\"medium\" data-href=\"https:\/\/www.caritasne2.org.br\/site\/semana-social-nordeste-acontece-entre-os-dias-4-6-de-abril-na-paraiba\/\"><\/div><\/li><li class=\"ssb_linkedin\" style=\"width:64px\"><script src=\"\/\/platform.linkedin.com\/in.js\" type=\"text\/javascript\">lang: en_US<\/script><script type=\"IN\/Share\" data-url=\"https:\/\/www.caritasne2.org.br\/site\/semana-social-nordeste-acontece-entre-os-dias-4-6-de-abril-na-paraiba\/\" data-counter=\"right\"><\/script><\/li><\/ul>","protected":false},"excerpt":{"rendered":"<p>Por equipe de comunica\u00e7\u00e3o da Semana Social do Nordeste \u201cO Nordeste que temos e o Nordeste que queremos\u201d, com esse lema, cerca de 200 pessoas de movimentos e pastorais sociais, sindicatos e organiza\u00e7\u00f5es de toda a regi\u00e3o Nordeste do Brasil estar\u00e3o reunidos entre os dias 04 a 06 de abril de 2014 no munic\u00edpio de Lagoa Seca\/PB, no Convento Ipuarana, para a Semana Social do [&hellip;]<\/p>\n<ul class=\"ssb_list_wrapper\"><li class=\"fb2\" style=\"width:135px\"><iframe src=\"\/\/www.facebook.com\/plugins\/like.php?href=https%3A%2F%2Fwww.caritasne2.org.br%2Fsite%2Fsemana-social-nordeste-acontece-entre-os-dias-4-6-de-abril-na-paraiba%2F&amp;layout=button_count&amp;action=like&amp;show_faces=false&amp;share=true&amp;width=135&amp;height=21&amp;appId=307091639398582\" scrolling=\"no\" frameborder=\"0\" style=\"border:none; overflow:hidden;  width:150px; height:21px;\" allowTransparency=\"true\"><\/iframe><\/li><li class=\"twtr\" style=\"width:90px\"><a href=\"https:\/\/twitter.com\/share\" class=\"twitter-share-button\" data-url=\"https:\/\/www.caritasne2.org.br\/site\/semana-social-nordeste-acontece-entre-os-dias-4-6-de-abril-na-paraiba\/\">&nbsp;<\/a><script>!function(d,s,id){var js,fjs=d.getElementsByTagName(s)[0],p=\/^http:\/.test(d.location)?'http':'https';if(!d.getElementById(id)){js=d.createElement(s);js.id=id;js.src=p+':\/\/platform.twitter.com\/widgets.js';fjs.parentNode.insertBefore(js,fjs);}}(document, 'script', 'twitter-wjs');<\/script><\/li><li class=\"gplus\" style=\"width:68px\"><div class=\"g-plusone\" data-size=\"medium\" data-href=\"https:\/\/www.caritasne2.org.br\/site\/semana-social-nordeste-acontece-entre-os-dias-4-6-de-abril-na-paraiba\/\"><\/div><\/li><li class=\"ssb_linkedin\" style=\"width:64px\"><script src=\"\/\/platform.linkedin.com\/in.js\" type=\"text\/javascript\">lang: en_US<\/script><script type=\"IN\/Share\" data-url=\"https:\/\/www.caritasne2.org.br\/site\/semana-social-nordeste-acontece-entre-os-dias-4-6-de-abril-na-paraiba\/\" data-counter=\"right\"><\/script><\/li><\/ul>","protected":false},"author":4,"featured_media":1670,"comment_status":"open","ping_status":"open","sticky":false,"template":"","format":"standard","meta":[],"categories":[20,377],"tags":[251,67,376,95],"_links":{"self":[{"href":"https:\/\/www.caritasne2.org.br\/site\/wp-json\/wp\/v2\/posts\/1669"}],"collection":[{"href":"https:\/\/www.caritasne2.org.br\/site\/wp-json\/wp\/v2\/posts"}],"about":[{"href":"https:\/\/www.caritasne2.org.br\/site\/wp-json\/wp\/v2\/types\/post"}],"author":[{"embeddable":true,"href":"https:\/\/www.caritasne2.org.br\/site\/wp-json\/wp\/v2\/users\/4"}],"replies":[{"embeddable":true,"href":"https:\/\/www.caritasne2.org.br\/site\/wp-json\/wp\/v2\/comments?post=1669"}],"version-history":[{"count":0,"href":"https:\/\/www.caritasne2.org.br\/site\/wp-json\/wp\/v2\/posts\/1669\/revisions"}],"wp:featuredmedia":[{"embeddable":true,"href":"https:\/\/www.caritasne2.org.br\/site\/wp-json\/"}],"wp:attachment":[{"href":"https:\/\/www.caritasne2.org.br\/site\/wp-json\/wp\/v2\/media?parent=1669"}],"wp:term":[{"taxonomy":"category","embeddable":true,"href":"https:\/\/www.caritasne2.org.br\/site\/wp-json\/wp\/v2\/categories?post=1669"},{"taxonomy":"post_tag","embeddable":true,"href":"https:\/\/www.caritasne2.org.br\/site\/wp-json\/wp\/v2\/tags?post=1669"}],"curies":[{"name":"wp","href":"https:\/\/api.w.org\/{rel}","templated":true}]}}