{"id":1658,"date":"2014-03-25T11:34:55","date_gmt":"2014-03-25T14:34:55","guid":{"rendered":"http:\/\/ne2.caritas.org.br.s174889.gridserver.com\/?p=1658"},"modified":"2017-07-11T15:22:48","modified_gmt":"2017-07-11T18:22:48","slug":"caravana-das-juventudes-abordara-convivencia-semiarido-os-impactos-agronegocio-sertao-araripe-de-pernambuco","status":"publish","type":"post","link":"https:\/\/www.caritasne2.org.br\/site\/caravana-das-juventudes-abordara-convivencia-semiarido-os-impactos-agronegocio-sertao-araripe-de-pernambuco\/","title":{"rendered":"Caravana das Juventudes abordar\u00e1 a conviv\u00eancia com o Semi\u00e1rido e os impactos do agroneg\u00f3cio no Sert\u00e3o do Araripe de Pernambuco"},"content":{"rendered":"<p style=\"text-align: center;\"><em>Jovens do Nordeste trocar\u00e3o informa\u00e7\u00f5es e experi\u00eancias durante 4 dias em prepara\u00e7\u00e3o para o III Encontro Nacional de Agroecologia<\/em><\/p>\n<p style=\"text-align: center;\">\n<p style=\"text-align: justify;\">Entre os dias 25 e 29 de mar\u00e7o, cerca de 120 jovens de v\u00e1rios cantos do Nordeste estar\u00e3o reunidos em Ouricuri, Pernambuco, para a Caravana Agroecol\u00f3gica e Cultural das Juventudes do Nordeste &#8211; Rumo ao III Encontro Nacional de Agroecologia (III ENA). O objetivo \u00e9 fomentar o interc\u00e2mbio de informa\u00e7\u00f5es e experi\u00eancias entre a juventude do meio rural, no Territ\u00f3rio do Araripe, Sert\u00e3o pernambucano. A ideia \u00e9 estimular a participa\u00e7\u00e3o desses jovens em din\u00e2micas de mobiliza\u00e7\u00e3o social para a promo\u00e7\u00e3o da Agroecologia e questionamento do modelo de desenvolvimento rural representado pelo agroneg\u00f3cio.<\/p>\n<p style=\"text-align: justify;\">No Territ\u00f3rio do Araripe, onde acontecer\u00e1 a Caravana, muitas fam\u00edlias agricultoras mostram que \u00e9 poss\u00edvel conviver com o Semi\u00e1rido e garantir seguran\u00e7a alimentar e o e tirar o sustento da casa da pr\u00f3pria terra. Mas nessa regi\u00e3o, agricultores e agricultoras ainda t\u00eam que lidar com o ass\u00e9dio do agroneg\u00f3cio do gesso, bovinocultura e os impactos de grandes obras como a Transnordestina, o polo gesseiro e o Canal do Sert\u00e3o. Para trocar experi\u00eancias e conhecer essa realidade os jovens se dividir\u00e3o em cinco rotas durante dois dias do evento. As rotas passar\u00e3o por algumas experi\u00eancias agroecol\u00f3gicas e comunidades onde o impacto do polo gesseiro e da ferrovia Transnordestina traz graves problemas para as fam\u00edlias da regi\u00e3o.<\/p>\n<p style=\"text-align: justify;\">Cada rota foi batizada com o nome de um jovem ou uma jovem que tem desempenhando um papel importante na organiza\u00e7\u00e3o da juventude da regi\u00e3o. S\u00e3o jovens que vem multiplicando a\u00e7\u00f5es sustent\u00e1veis no meio rural e trabalham na perspectiva de constru\u00e7\u00e3o de uma sociedade justa, solid\u00e1ria e igualit\u00e1ria para todos e todas. A rota Giliarda Alves, por exemplo, passar\u00e1 pelas comunidades Nascente e Alho, no munic\u00edpio de Araripina, e pela Agrovila Nova Esperan\u00e7a, em Ouricuri. Nessas comunidades, os participantes e as participantes ir\u00e3o discutir e conhecer os impactos da ferrovia Transnordestina. Tamb\u00e9m conhecer\u00e3o os benef\u00edcios da produ\u00e7\u00e3o agroecol\u00f3gica praticada por diversas fam\u00edlias dessas comunidades.<\/p>\n<p style=\"text-align: justify;\">Quem realiza: a Caravana Agroecol\u00f3gica e Cultural das Juventudes do Nordeste &#8211; Rumo ao III ENA, \u00e9 uma realiza\u00e7\u00e3o da Rede Ater Nordeste, da Articula\u00e7\u00e3o Nacional de Agroecologia (ANA), da Articula\u00e7\u00e3o Semi\u00e1rido (ASA), da Associa\u00e7\u00e3o em \u00c1rea de Assentamento no Estado do Maranh\u00e3o (ASSEMA), Centro de Assessoria e Apoio aos Trabalhadores e Institui\u00e7\u00f5es N\u00e3o Governamentais Alternativas (Caatinga), Centro de Estudos de Trabalho e de Assessoria ao Trabalhador (CETRA), Centro de Desenvolvimento Agroecol\u00f3gico Sabi\u00e1, ActionAid e terre des hommes schweiz. Todas essas organiza\u00e7\u00f5es t\u00eam afinidades nos trabalhos com jovens e reconhecem a import\u00e2ncia de eventos dessa natureza<\/p>\n<p style=\"text-align: justify;\">III ENA \u2013 O encontro acontecer\u00e1 em Juazeiro\/BA, de 16 a 19 de maio de 2014. Pretende reunir cerca de 2 mil pessoas, o III ENA apresentar\u00e1 a agroecologia como uma alternativa concreta ao modelo de agr\u00edcola hegem\u00f4nico. Ser\u00e1 uma atividade de afirma\u00e7\u00e3o do campo agroecol\u00f3gico para a popula\u00e7\u00e3o e os governos, levantando dados e apresentando informa\u00e7\u00f5es sobre suas centenas de experi\u00eancias. Seu lema ser\u00e1 \u201cCuidar da Terra, Alimentar a Sa\u00fade, Cultivar o Futuro\u201d.<\/p>\n<p style=\"text-align: justify;\">\u00a0Por Sara Brito (Assessoria Centro Sabi\u00e1)<\/p>\n<ul class=\"ssb_list_wrapper\"><li class=\"fb2\" style=\"width:135px\"><iframe src=\"\/\/www.facebook.com\/plugins\/like.php?href=https%3A%2F%2Fwww.caritasne2.org.br%2Fsite%2Fcaravana-das-juventudes-abordara-convivencia-semiarido-os-impactos-agronegocio-sertao-araripe-de-pernambuco%2F&amp;layout=button_count&amp;action=like&amp;show_faces=false&amp;share=true&amp;width=135&amp;height=21&amp;appId=307091639398582\" scrolling=\"no\" frameborder=\"0\" style=\"border:none; overflow:hidden;  width:150px; height:21px;\" allowTransparency=\"true\"><\/iframe><\/li><li class=\"twtr\" style=\"width:90px\"><a href=\"https:\/\/twitter.com\/share\" class=\"twitter-share-button\" data-url=\"https:\/\/www.caritasne2.org.br\/site\/caravana-das-juventudes-abordara-convivencia-semiarido-os-impactos-agronegocio-sertao-araripe-de-pernambuco\/\">&nbsp;<\/a><script>!function(d,s,id){var js,fjs=d.getElementsByTagName(s)[0],p=\/^http:\/.test(d.location)?'http':'https';if(!d.getElementById(id)){js=d.createElement(s);js.id=id;js.src=p+':\/\/platform.twitter.com\/widgets.js';fjs.parentNode.insertBefore(js,fjs);}}(document, 'script', 'twitter-wjs');<\/script><\/li><li class=\"gplus\" style=\"width:68px\"><div class=\"g-plusone\" data-size=\"medium\" data-href=\"https:\/\/www.caritasne2.org.br\/site\/caravana-das-juventudes-abordara-convivencia-semiarido-os-impactos-agronegocio-sertao-araripe-de-pernambuco\/\"><\/div><\/li><li class=\"ssb_linkedin\" style=\"width:64px\"><script src=\"\/\/platform.linkedin.com\/in.js\" type=\"text\/javascript\">lang: en_US<\/script><script type=\"IN\/Share\" data-url=\"https:\/\/www.caritasne2.org.br\/site\/caravana-das-juventudes-abordara-convivencia-semiarido-os-impactos-agronegocio-sertao-araripe-de-pernambuco\/\" data-counter=\"right\"><\/script><\/li><\/ul>","protected":false},"excerpt":{"rendered":"<p>Jovens do Nordeste trocar\u00e3o informa\u00e7\u00f5es e experi\u00eancias durante 4 dias em prepara\u00e7\u00e3o para o III Encontro Nacional de Agroecologia Entre os dias 25 e 29 de mar\u00e7o, cerca de 120 jovens de v\u00e1rios cantos do Nordeste estar\u00e3o reunidos em Ouricuri, Pernambuco, para a Caravana Agroecol\u00f3gica e Cultural das Juventudes do Nordeste &#8211; Rumo ao III Encontro Nacional de Agroecologia (III ENA). O objetivo \u00e9 fomentar [&hellip;]<\/p>\n<ul class=\"ssb_list_wrapper\"><li class=\"fb2\" style=\"width:135px\"><iframe src=\"\/\/www.facebook.com\/plugins\/like.php?href=https%3A%2F%2Fwww.caritasne2.org.br%2Fsite%2Fcaravana-das-juventudes-abordara-convivencia-semiarido-os-impactos-agronegocio-sertao-araripe-de-pernambuco%2F&amp;layout=button_count&amp;action=like&amp;show_faces=false&amp;share=true&amp;width=135&amp;height=21&amp;appId=307091639398582\" scrolling=\"no\" frameborder=\"0\" style=\"border:none; overflow:hidden;  width:150px; height:21px;\" allowTransparency=\"true\"><\/iframe><\/li><li class=\"twtr\" style=\"width:90px\"><a href=\"https:\/\/twitter.com\/share\" class=\"twitter-share-button\" data-url=\"https:\/\/www.caritasne2.org.br\/site\/caravana-das-juventudes-abordara-convivencia-semiarido-os-impactos-agronegocio-sertao-araripe-de-pernambuco\/\">&nbsp;<\/a><script>!function(d,s,id){var js,fjs=d.getElementsByTagName(s)[0],p=\/^http:\/.test(d.location)?'http':'https';if(!d.getElementById(id)){js=d.createElement(s);js.id=id;js.src=p+':\/\/platform.twitter.com\/widgets.js';fjs.parentNode.insertBefore(js,fjs);}}(document, 'script', 'twitter-wjs');<\/script><\/li><li class=\"gplus\" style=\"width:68px\"><div class=\"g-plusone\" data-size=\"medium\" data-href=\"https:\/\/www.caritasne2.org.br\/site\/caravana-das-juventudes-abordara-convivencia-semiarido-os-impactos-agronegocio-sertao-araripe-de-pernambuco\/\"><\/div><\/li><li class=\"ssb_linkedin\" style=\"width:64px\"><script src=\"\/\/platform.linkedin.com\/in.js\" type=\"text\/javascript\">lang: en_US<\/script><script type=\"IN\/Share\" data-url=\"https:\/\/www.caritasne2.org.br\/site\/caravana-das-juventudes-abordara-convivencia-semiarido-os-impactos-agronegocio-sertao-araripe-de-pernambuco\/\" data-counter=\"right\"><\/script><\/li><\/ul>","protected":false},"author":4,"featured_media":1659,"comment_status":"open","ping_status":"open","sticky":false,"template":"","format":"standard","meta":[],"categories":[20],"tags":[67,374],"_links":{"self":[{"href":"https:\/\/www.caritasne2.org.br\/site\/wp-json\/wp\/v2\/posts\/1658"}],"collection":[{"href":"https:\/\/www.caritasne2.org.br\/site\/wp-json\/wp\/v2\/posts"}],"about":[{"href":"https:\/\/www.caritasne2.org.br\/site\/wp-json\/wp\/v2\/types\/post"}],"author":[{"embeddable":true,"href":"https:\/\/www.caritasne2.org.br\/site\/wp-json\/wp\/v2\/users\/4"}],"replies":[{"embeddable":true,"href":"https:\/\/www.caritasne2.org.br\/site\/wp-json\/wp\/v2\/comments?post=1658"}],"version-history":[{"count":0,"href":"https:\/\/www.caritasne2.org.br\/site\/wp-json\/wp\/v2\/posts\/1658\/revisions"}],"wp:featuredmedia":[{"embeddable":true,"href":"https:\/\/www.caritasne2.org.br\/site\/wp-json\/"}],"wp:attachment":[{"href":"https:\/\/www.caritasne2.org.br\/site\/wp-json\/wp\/v2\/media?parent=1658"}],"wp:term":[{"taxonomy":"category","embeddable":true,"href":"https:\/\/www.caritasne2.org.br\/site\/wp-json\/wp\/v2\/categories?post=1658"},{"taxonomy":"post_tag","embeddable":true,"href":"https:\/\/www.caritasne2.org.br\/site\/wp-json\/wp\/v2\/tags?post=1658"}],"curies":[{"name":"wp","href":"https:\/\/api.w.org\/{rel}","templated":true}]}}