{"id":1651,"date":"2014-03-20T09:41:09","date_gmt":"2014-03-20T12:41:09","guid":{"rendered":"http:\/\/ne2.caritas.org.br.s174889.gridserver.com\/?p=1651"},"modified":"2017-07-11T15:22:48","modified_gmt":"2017-07-11T18:22:48","slug":"comunidade-vivencia-reflexao-sobre-importancia-da-agua","status":"publish","type":"post","link":"https:\/\/www.caritasne2.org.br\/site\/comunidade-vivencia-reflexao-sobre-importancia-da-agua\/","title":{"rendered":"Comunidade vivencia reflex\u00e3o sobre a import\u00e2ncia da \u00e1gua"},"content":{"rendered":"<p style=\"text-align: justify;\">Dentro da programa\u00e7\u00e3o da Semana da \u00c1gua promovida pela C\u00e1ritas Diocesana de Pesqueira, a comunidade de Sobrado, munic\u00edpio de Jata\u00faba, no Agreste, realizou um momento para refletir e debater sobre a import\u00e2ncia da \u00e1gua. O evento reuniu cerca de 40 moradores da localidade e vizinhan\u00e7a do entorno na \u00faltima ter\u00e7a-feira (18\/03).<\/p>\n<p style=\"text-align: justify;\">Os participantes foram divididos em dois grupos para debater a partir do questionamento: A \u00e1gua do universo acabou, o que fazer agora? Ap\u00f3s a discuss\u00e3o, os participantes trouxeram v\u00e1rias reflex\u00f5es, como preservar as fontes d\u2019\u00e1guas existentes, cuidado com a \u00e1gua das cisternas, n\u00e3o fazer queimadas nas ro\u00e7as e nem jogar lixo ao redor de casa.<\/p>\n<p style=\"text-align: justify;\">Chamou \u00e0 aten\u00e7\u00e3o nas falas dos participantes a import\u00e2ncia e transforma\u00e7\u00e3o na vida das fam\u00edlias agricultoras com chegada das cisternas de placas. O agricultor Sebasti\u00e3o Monteiro declarou que a cisterna de placas trouxe mais qualidade para os agricultores e agricultoras, com \u00e1gua para beber e cozinhar, e facilitou muito a vida da sua fam\u00edlia. \u201cFoi a melhor coisa de Deus esse projeto das cisternas. Do terreiro mesmo, encho a lata d\u2019\u00e1gua e levo para dentro de casa\u201d, disse.<\/p>\n<p style=\"text-align: justify;\">\u201cA \u00e1gua um dia pode acabar na nossa comunidade. \u00c9 preciso estocar tanto a \u00e1gua que cai da chuva como tamb\u00e9m ra\u00e7\u00e3o para os animais. As cisternas de placas v\u00eam dando essa contribui\u00e7\u00e3o muito grande para a gente armazenar e garantir \u00e1gua boa pro resto do ano\u201d, enfatizou a lideran\u00e7a rural da comunidade, Jos\u00e9 Quit\u00e9rio.<\/p>\n<p style=\"text-align: justify;\"><a href=\"http:\/\/ne2.caritas.org.br.s174889.gridserver.com\/2014\/03\/20\/comunidade-vivencia-reflexao-sobre-importancia-da-agua\/dsc05999\/\" rel=\"attachment wp-att-1653\"><img decoding=\"async\" loading=\"lazy\" class=\"aligncenter size-medium wp-image-1653\" title=\"DSC05999\" src=\"http:\/\/ne2.caritas.org.br.s174889.gridserver.com\/wp-content\/uploads\/2014\/03\/DSC05999-300x204.jpg\" alt=\"\" width=\"300\" height=\"204\" \/><\/a><\/p>\n<p style=\"text-align: justify;\">por Daniel Ferreira | jornalista C\u00e1ritas Diocesana de Pesqueira<\/p>\n<ul class=\"ssb_list_wrapper\"><li class=\"fb2\" style=\"width:135px\"><iframe src=\"\/\/www.facebook.com\/plugins\/like.php?href=https%3A%2F%2Fwww.caritasne2.org.br%2Fsite%2Fcomunidade-vivencia-reflexao-sobre-importancia-da-agua%2F&amp;layout=button_count&amp;action=like&amp;show_faces=false&amp;share=true&amp;width=135&amp;height=21&amp;appId=307091639398582\" scrolling=\"no\" frameborder=\"0\" style=\"border:none; overflow:hidden;  width:150px; height:21px;\" allowTransparency=\"true\"><\/iframe><\/li><li class=\"twtr\" style=\"width:90px\"><a href=\"https:\/\/twitter.com\/share\" class=\"twitter-share-button\" data-url=\"https:\/\/www.caritasne2.org.br\/site\/comunidade-vivencia-reflexao-sobre-importancia-da-agua\/\">&nbsp;<\/a><script>!function(d,s,id){var js,fjs=d.getElementsByTagName(s)[0],p=\/^http:\/.test(d.location)?'http':'https';if(!d.getElementById(id)){js=d.createElement(s);js.id=id;js.src=p+':\/\/platform.twitter.com\/widgets.js';fjs.parentNode.insertBefore(js,fjs);}}(document, 'script', 'twitter-wjs');<\/script><\/li><li class=\"gplus\" style=\"width:68px\"><div class=\"g-plusone\" data-size=\"medium\" data-href=\"https:\/\/www.caritasne2.org.br\/site\/comunidade-vivencia-reflexao-sobre-importancia-da-agua\/\"><\/div><\/li><li class=\"ssb_linkedin\" style=\"width:64px\"><script src=\"\/\/platform.linkedin.com\/in.js\" type=\"text\/javascript\">lang: en_US<\/script><script type=\"IN\/Share\" data-url=\"https:\/\/www.caritasne2.org.br\/site\/comunidade-vivencia-reflexao-sobre-importancia-da-agua\/\" data-counter=\"right\"><\/script><\/li><\/ul>","protected":false},"excerpt":{"rendered":"<p>Dentro da programa\u00e7\u00e3o da Semana da \u00c1gua promovida pela C\u00e1ritas Diocesana de Pesqueira, a comunidade de Sobrado, munic\u00edpio de Jata\u00faba, no Agreste, realizou um momento para refletir e debater sobre a import\u00e2ncia da \u00e1gua. O evento reuniu cerca de 40 moradores da localidade e vizinhan\u00e7a do entorno na \u00faltima ter\u00e7a-feira (18\/03). Os participantes foram divididos em dois grupos para debater a partir do questionamento: A [&hellip;]<\/p>\n<ul class=\"ssb_list_wrapper\"><li class=\"fb2\" style=\"width:135px\"><iframe src=\"\/\/www.facebook.com\/plugins\/like.php?href=https%3A%2F%2Fwww.caritasne2.org.br%2Fsite%2Fcomunidade-vivencia-reflexao-sobre-importancia-da-agua%2F&amp;layout=button_count&amp;action=like&amp;show_faces=false&amp;share=true&amp;width=135&amp;height=21&amp;appId=307091639398582\" scrolling=\"no\" frameborder=\"0\" style=\"border:none; overflow:hidden;  width:150px; height:21px;\" allowTransparency=\"true\"><\/iframe><\/li><li class=\"twtr\" style=\"width:90px\"><a href=\"https:\/\/twitter.com\/share\" class=\"twitter-share-button\" data-url=\"https:\/\/www.caritasne2.org.br\/site\/comunidade-vivencia-reflexao-sobre-importancia-da-agua\/\">&nbsp;<\/a><script>!function(d,s,id){var js,fjs=d.getElementsByTagName(s)[0],p=\/^http:\/.test(d.location)?'http':'https';if(!d.getElementById(id)){js=d.createElement(s);js.id=id;js.src=p+':\/\/platform.twitter.com\/widgets.js';fjs.parentNode.insertBefore(js,fjs);}}(document, 'script', 'twitter-wjs');<\/script><\/li><li class=\"gplus\" style=\"width:68px\"><div class=\"g-plusone\" data-size=\"medium\" data-href=\"https:\/\/www.caritasne2.org.br\/site\/comunidade-vivencia-reflexao-sobre-importancia-da-agua\/\"><\/div><\/li><li class=\"ssb_linkedin\" style=\"width:64px\"><script src=\"\/\/platform.linkedin.com\/in.js\" type=\"text\/javascript\">lang: en_US<\/script><script type=\"IN\/Share\" data-url=\"https:\/\/www.caritasne2.org.br\/site\/comunidade-vivencia-reflexao-sobre-importancia-da-agua\/\" data-counter=\"right\"><\/script><\/li><\/ul>","protected":false},"author":4,"featured_media":1652,"comment_status":"open","ping_status":"open","sticky":false,"template":"","format":"standard","meta":[],"categories":[20,148],"tags":[59,67,147,371],"_links":{"self":[{"href":"https:\/\/www.caritasne2.org.br\/site\/wp-json\/wp\/v2\/posts\/1651"}],"collection":[{"href":"https:\/\/www.caritasne2.org.br\/site\/wp-json\/wp\/v2\/posts"}],"about":[{"href":"https:\/\/www.caritasne2.org.br\/site\/wp-json\/wp\/v2\/types\/post"}],"author":[{"embeddable":true,"href":"https:\/\/www.caritasne2.org.br\/site\/wp-json\/wp\/v2\/users\/4"}],"replies":[{"embeddable":true,"href":"https:\/\/www.caritasne2.org.br\/site\/wp-json\/wp\/v2\/comments?post=1651"}],"version-history":[{"count":0,"href":"https:\/\/www.caritasne2.org.br\/site\/wp-json\/wp\/v2\/posts\/1651\/revisions"}],"wp:featuredmedia":[{"embeddable":true,"href":"https:\/\/www.caritasne2.org.br\/site\/wp-json\/"}],"wp:attachment":[{"href":"https:\/\/www.caritasne2.org.br\/site\/wp-json\/wp\/v2\/media?parent=1651"}],"wp:term":[{"taxonomy":"category","embeddable":true,"href":"https:\/\/www.caritasne2.org.br\/site\/wp-json\/wp\/v2\/categories?post=1651"},{"taxonomy":"post_tag","embeddable":true,"href":"https:\/\/www.caritasne2.org.br\/site\/wp-json\/wp\/v2\/tags?post=1651"}],"curies":[{"name":"wp","href":"https:\/\/api.w.org\/{rel}","templated":true}]}}