{"id":1642,"date":"2014-03-20T09:04:37","date_gmt":"2014-03-20T12:04:37","guid":{"rendered":"http:\/\/ne2.caritas.org.br.s174889.gridserver.com\/?p=1642"},"modified":"2017-07-11T15:22:48","modified_gmt":"2017-07-11T18:22:48","slug":"semana-da-agua-semiarido-lugar-bom-de-viver","status":"publish","type":"post","link":"https:\/\/www.caritasne2.org.br\/site\/semana-da-agua-semiarido-lugar-bom-de-viver\/","title":{"rendered":"SEMANA DA \u00c1GUA \u2013 Semi\u00e1rido: lugar bom de viver!"},"content":{"rendered":"<p style=\"text-align: right;\">\u201cEu ouvi e vi a lama e a mis\u00e9ria do meu povo,<\/p>\n<p style=\"text-align: right;\">por isso, desci para libert\u00e1-los do Egito das m\u00e3os do poder do Fara\u00f3 opressor a levar para uma terra<\/p>\n<p style=\"text-align: right;\">onde corre leite e mel\u201d<\/p>\n<p style=\"text-align: right;\">\n<p style=\"text-align: right;\">(\u00caxodos, cap. 3, vs 7 a 10)<\/p>\n<p style=\"text-align: justify;\">Sim, o semi\u00e1rido pode, e em algumas partes j\u00e1 \u00e9, essa terra onde corre leite, mel e, principalmente, \u00e1gua. A C\u00e1ritas Brasileira caminha junto, todos os dias, junto com milhares de homens e mulheres, sertanejos e sertanejas, que acreditam e constroem a conviv\u00eancia com o semi\u00e1rido.<\/p>\n<p style=\"text-align: justify;\">\u00a0Desse trabalho cooperativo e solid\u00e1rio, surge um novo modo de viver (e conviver) com a natureza em uma regi\u00e3o, que possui caracter\u00edsticas h\u00eddricas adversas; de enfrentar com for\u00e7a e luta as constantes intemp\u00e9ries da vida e de construir com muito trabalho e participa\u00e7\u00e3o uma pequena parte de um novo mundo que caminha em Romaria ao Reino de Deus.<\/p>\n<p style=\"text-align: justify;\">Viver na regi\u00e3o semi\u00e1rida significa conviver com a irregularidade de chuvas e n\u00e3o propriamente com a falta delas. Essa irregularidade vai desde as fortes chuvas em tempos normais, na esta\u00e7\u00e3o chuvosa at\u00e9 as grandes secas. \u00c9 por isso que no semi\u00e1rido a luta pela \u00e1gua \u00e9 a luta pela vida, constituindo-se como uma quest\u00e3o essencial de cidadania e liberdade.<\/p>\n<p style=\"text-align: justify;\">Mas e o que \u00e9 mesmo esse semi\u00e1rido? No cen\u00e1rio brasileiro, o semi\u00e1rido tem sua singularidade expressa em caracter\u00edsticas ambientais e sociais que o torna especifico. \u00c9 o \u00fanico no mundo com o bioma genuinamente brasileiro: a caatinga. Suas particularidades est\u00e3o na biodiversidade ecol\u00f3gica, na distribui\u00e7\u00e3o irregular da pluviosidade no tempo e no espa\u00e7o, \u00e9 o mais povoado do mundo representando 46% da popula\u00e7\u00e3o do Nordeste brasileiro e compreende 1.133 munic\u00edpios. Na regi\u00e3o vivem cerca de 22 milh\u00f5es de pessoas. \u00c9 marcado historicamente pela complexidade social origin\u00e1ria do processo de coloniza\u00e7\u00e3o e pelo desafio do desenvolvimento marcado pela situa\u00e7\u00e3o de mis\u00e9ria e pobreza da maioria da popula\u00e7\u00e3o, especialmente aquelas que vivem nos espa\u00e7os rurais.<\/p>\n<p style=\"text-align: justify;\">Ao longo do tempo foi sendo constru\u00edda uma imagem do semi\u00e1rido marcada pelo atraso econ\u00f4mico de uma regi\u00e3o assolada por secas, retirantes e dominadas por coron\u00e9is. Por\u00e9m, vem ganhando espa\u00e7o e import\u00e2ncia uma outra concep\u00e7\u00e3o de sustentabilidade que traz consigo um conjunto de alternativas de conviv\u00eancia com o semi\u00e1rido. Nos \u00faltimos anos novas tecnologias produtivas foram experimentadas na regi\u00e3o, abrindo possibilidades de desenvolvimento sustent\u00e1vel. \u00c9 de acordo com essa perspectiva que a C\u00e1ritas nacionalmente tem orientado as suas a\u00e7\u00f5es priorizando as alternativas apropriadas de conviv\u00eancia com o semi\u00e1rido.<\/p>\n<p style=\"text-align: justify;\">N\u00e3o \u00e9 de hoje que a C\u00e1ritas atua na perspectiva da conviv\u00eancia com o semi\u00e1rido para que a popula\u00e7\u00e3o pobre que reside neste territ\u00f3rio n\u00e3o tenha sua condi\u00e7\u00e3o de vida agravada nos per\u00edodos prolongados de estiagem, refor\u00e7ando um cen\u00e1rio de enormes contradi\u00e7\u00f5es e <a href=\"http:\/\/ne2.caritas.org.br.s174889.gridserver.com\/2014\/03\/20\/semana-da-agua-semiarido-lugar-bom-de-viver\/foto-m-4\/\" rel=\"attachment wp-att-1646\"><img decoding=\"async\" loading=\"lazy\" class=\"alignleft size-full wp-image-1646\" title=\"Semi\u00e1rido\" src=\"http:\/\/ne2.caritas.org.br.s174889.gridserver.com\/wp-content\/uploads\/2014\/03\/Foto-m3.jpg\" alt=\"\" width=\"200\" height=\"300\" \/><\/a>injusti\u00e7as sociais. Ao longo de sua hist\u00f3ria, a C\u00e1ritas est\u00e1 presente nessa realidade por meio de diversas formas de atua\u00e7\u00e3o. De acordo com Luiz Cl\u00e1udio Mandela, da C\u00e1ritas Brasileira, \u201ca C\u00e1ritas vem consolidando nos \u00faltimos 14 anos uma estrat\u00e9gia de atua\u00e7\u00e3o na regi\u00e3o, que tem como elemento central, a vis\u00e3o de que o Semi\u00e1rido \u00e9 uma regi\u00e3o com particularidades clim\u00e1ticas que determinam a sua organiza\u00e7\u00e3o social, econ\u00f4mica e pol\u00edtica\u201d.<\/p>\n<p style=\"text-align: justify;\">A conviv\u00eancia com o semi\u00e1rido n\u00e3o se restringe aos aspectos h\u00eddricos e produtivos. Atualmente, na regi\u00e3o, a C\u00e1ritas vem atuando com projetos e programas que t\u00eam como foco a sustentabilidade da regi\u00e3o. Com isso tomam vulto iniciativas de produ\u00e7\u00e3o agroecol\u00f3gica, Economia Popular Solid\u00e1ria na comercializa\u00e7\u00e3o da produ\u00e7\u00e3o, Educa\u00e7\u00e3o Contextualizada.<\/p>\n<p style=\"text-align: justify;\">Para Neilda Pereira, secret\u00e1ria executiva da C\u00e1ritas Diocesana de Pesqueira (PE) e coordenadora executiva da Articula\u00e7\u00e3o do Semi\u00e1rido Pernambucano, o importante \u00e9 celebrar a Semana da \u00c1gua junto com as comunidades. \u201cCelebrar junto a voc\u00ea \u00e9 uma obriga\u00e7\u00e3o, pois voc\u00eas sabem o valor e a import\u00e2ncia da \u00e1gua. E n\u00f3s, como C\u00e1ritas, devemos estar nas cidades que possuem esse trabalho se preocupando e olhando para a \u00e1gua como elemento fundamental e essencial para as nossas vidas\u201d.<\/p>\n<p style=\"text-align: justify;\">A Rede C\u00e1ritas em suas inst\u00e2ncias diocesanas e regionais comp\u00f5e a Articula\u00e7\u00e3o do Semi\u00e1rido Brasileiro (ASA BRASIL), uma rede que congrega cerca de tr\u00eas mil organiza\u00e7\u00f5es e que atua na gest\u00e3o e no desenvolvimento de pol\u00edticas de conviv\u00eancia com a regi\u00e3o semi\u00e1rida. A miss\u00e3o da articula\u00e7\u00e3o \u00e9 fortalecer a sociedade civil na constru\u00e7\u00e3o de processos participativos para o desenvolvimento sustent\u00e1vel e a conviv\u00eancia com o Semi\u00e1rido referenciados em valores culturais e de justi\u00e7a social. A Rede C\u00e1ritas participou ativamente na constru\u00e7\u00e3o da ASA, desde seu in\u00edcio.<\/p>\n<p style=\"text-align: justify;\">\n<p style=\"text-align: justify;\">por Monyse Ravena, Assessora de Comunica\u00e7\u00e3o da C\u00e1ritas Brasileira Regional Cear\u00e1<\/p>\n<p>Fotos: Ivo Sousa<\/p>\n<ul class=\"ssb_list_wrapper\"><li class=\"fb2\" style=\"width:135px\"><iframe src=\"\/\/www.facebook.com\/plugins\/like.php?href=https%3A%2F%2Fwww.caritasne2.org.br%2Fsite%2Fsemana-da-agua-semiarido-lugar-bom-de-viver%2F&amp;layout=button_count&amp;action=like&amp;show_faces=false&amp;share=true&amp;width=135&amp;height=21&amp;appId=307091639398582\" scrolling=\"no\" frameborder=\"0\" style=\"border:none; overflow:hidden;  width:150px; height:21px;\" allowTransparency=\"true\"><\/iframe><\/li><li class=\"twtr\" style=\"width:90px\"><a href=\"https:\/\/twitter.com\/share\" class=\"twitter-share-button\" data-url=\"https:\/\/www.caritasne2.org.br\/site\/semana-da-agua-semiarido-lugar-bom-de-viver\/\">&nbsp;<\/a><script>!function(d,s,id){var js,fjs=d.getElementsByTagName(s)[0],p=\/^http:\/.test(d.location)?'http':'https';if(!d.getElementById(id)){js=d.createElement(s);js.id=id;js.src=p+':\/\/platform.twitter.com\/widgets.js';fjs.parentNode.insertBefore(js,fjs);}}(document, 'script', 'twitter-wjs');<\/script><\/li><li class=\"gplus\" style=\"width:68px\"><div class=\"g-plusone\" data-size=\"medium\" data-href=\"https:\/\/www.caritasne2.org.br\/site\/semana-da-agua-semiarido-lugar-bom-de-viver\/\"><\/div><\/li><li class=\"ssb_linkedin\" style=\"width:64px\"><script src=\"\/\/platform.linkedin.com\/in.js\" type=\"text\/javascript\">lang: en_US<\/script><script type=\"IN\/Share\" data-url=\"https:\/\/www.caritasne2.org.br\/site\/semana-da-agua-semiarido-lugar-bom-de-viver\/\" data-counter=\"right\"><\/script><\/li><\/ul>","protected":false},"excerpt":{"rendered":"<p>\u201cEu ouvi e vi a lama e a mis\u00e9ria do meu povo, por isso, desci para libert\u00e1-los do Egito das m\u00e3os do poder do Fara\u00f3 opressor a levar para uma terra onde corre leite e mel\u201d (\u00caxodos, cap. 3, vs 7 a 10) Sim, o semi\u00e1rido pode, e em algumas partes j\u00e1 \u00e9, essa terra onde corre leite, mel e, principalmente, \u00e1gua. A C\u00e1ritas Brasileira [&hellip;]<\/p>\n<ul class=\"ssb_list_wrapper\"><li class=\"fb2\" style=\"width:135px\"><iframe src=\"\/\/www.facebook.com\/plugins\/like.php?href=https%3A%2F%2Fwww.caritasne2.org.br%2Fsite%2Fsemana-da-agua-semiarido-lugar-bom-de-viver%2F&amp;layout=button_count&amp;action=like&amp;show_faces=false&amp;share=true&amp;width=135&amp;height=21&amp;appId=307091639398582\" scrolling=\"no\" frameborder=\"0\" style=\"border:none; overflow:hidden;  width:150px; height:21px;\" allowTransparency=\"true\"><\/iframe><\/li><li class=\"twtr\" style=\"width:90px\"><a href=\"https:\/\/twitter.com\/share\" class=\"twitter-share-button\" data-url=\"https:\/\/www.caritasne2.org.br\/site\/semana-da-agua-semiarido-lugar-bom-de-viver\/\">&nbsp;<\/a><script>!function(d,s,id){var js,fjs=d.getElementsByTagName(s)[0],p=\/^http:\/.test(d.location)?'http':'https';if(!d.getElementById(id)){js=d.createElement(s);js.id=id;js.src=p+':\/\/platform.twitter.com\/widgets.js';fjs.parentNode.insertBefore(js,fjs);}}(document, 'script', 'twitter-wjs');<\/script><\/li><li class=\"gplus\" style=\"width:68px\"><div class=\"g-plusone\" data-size=\"medium\" data-href=\"https:\/\/www.caritasne2.org.br\/site\/semana-da-agua-semiarido-lugar-bom-de-viver\/\"><\/div><\/li><li class=\"ssb_linkedin\" style=\"width:64px\"><script src=\"\/\/platform.linkedin.com\/in.js\" type=\"text\/javascript\">lang: en_US<\/script><script type=\"IN\/Share\" data-url=\"https:\/\/www.caritasne2.org.br\/site\/semana-da-agua-semiarido-lugar-bom-de-viver\/\" data-counter=\"right\"><\/script><\/li><\/ul>","protected":false},"author":4,"featured_media":1647,"comment_status":"open","ping_status":"open","sticky":false,"template":"","format":"standard","meta":[],"categories":[20,148],"tags":[67,371,100],"_links":{"self":[{"href":"https:\/\/www.caritasne2.org.br\/site\/wp-json\/wp\/v2\/posts\/1642"}],"collection":[{"href":"https:\/\/www.caritasne2.org.br\/site\/wp-json\/wp\/v2\/posts"}],"about":[{"href":"https:\/\/www.caritasne2.org.br\/site\/wp-json\/wp\/v2\/types\/post"}],"author":[{"embeddable":true,"href":"https:\/\/www.caritasne2.org.br\/site\/wp-json\/wp\/v2\/users\/4"}],"replies":[{"embeddable":true,"href":"https:\/\/www.caritasne2.org.br\/site\/wp-json\/wp\/v2\/comments?post=1642"}],"version-history":[{"count":0,"href":"https:\/\/www.caritasne2.org.br\/site\/wp-json\/wp\/v2\/posts\/1642\/revisions"}],"wp:featuredmedia":[{"embeddable":true,"href":"https:\/\/www.caritasne2.org.br\/site\/wp-json\/"}],"wp:attachment":[{"href":"https:\/\/www.caritasne2.org.br\/site\/wp-json\/wp\/v2\/media?parent=1642"}],"wp:term":[{"taxonomy":"category","embeddable":true,"href":"https:\/\/www.caritasne2.org.br\/site\/wp-json\/wp\/v2\/categories?post=1642"},{"taxonomy":"post_tag","embeddable":true,"href":"https:\/\/www.caritasne2.org.br\/site\/wp-json\/wp\/v2\/tags?post=1642"}],"curies":[{"name":"wp","href":"https:\/\/api.w.org\/{rel}","templated":true}]}}