{"id":1636,"date":"2014-03-13T18:46:32","date_gmt":"2014-03-13T21:46:32","guid":{"rendered":"http:\/\/ne2.caritas.org.br.s174889.gridserver.com\/?p=1636"},"modified":"2017-07-11T15:22:48","modified_gmt":"2017-07-11T18:22:48","slug":"uma-semana-para-celebrar-agua","status":"publish","type":"post","link":"https:\/\/www.caritasne2.org.br\/site\/uma-semana-para-celebrar-agua\/","title":{"rendered":"Uma Semana para celebrar a \u00e1gua"},"content":{"rendered":"<p style=\"text-align: justify;\">O quinto par\u00e1grafo da Declara\u00e7\u00e3o Universal dos Direitos da \u00c1gua prev\u00ea que \u201co planejamento da gest\u00e3o da \u00e1gua deve levar em conta a solidariedade e o consenso em raz\u00e3o de sua distribui\u00e7\u00e3o desigual sobre a terra\u201d. Parece contradit\u00f3rio, mas o Semi\u00e1rido brasileiro apresenta um d\u00e9ficit h\u00eddrico, e isso n\u00e3o \u00e9 por falta de \u00e1gua, \u00e9 a regi\u00e3o mais chuvosa do planeta. A m\u00e9dia pluviom\u00e9trica vai de 200 mm a 800 mm anuais. Por\u00e9m, as chuvas s\u00e3o irregulares no tempo e no espa\u00e7o. Isso significa que as fam\u00edlias precisam se preparar para a chegada da chuva. Criar a cultura do estoque d\u2019\u00e1gua para tocar a vida com dignidade nas suas comunidades rurais.<\/p>\n<p style=\"text-align: justify;\">\u00c9 nesse sentido que a C\u00e1ritas Diocesana de Pesqueira promove a Semana da \u00c1gua para levar o debate e a conscientiza\u00e7\u00e3o do acesso e da democratiza\u00e7\u00e3o da \u00e1gua como um bem p\u00fablico a todas as fam\u00edlias agricultoras do Agreste pernambucano, entre os dias 16 a 29 deste m\u00eas. Uma s\u00e9rie de atividades est\u00e1 sendo programada para evidenciar esse momento com a popula\u00e7\u00e3o em diversos munic\u00edpios da regi\u00e3o, como rodas de conversas, inaugura\u00e7\u00f5es de cisternas de placas e premia\u00e7\u00e3o de um concurso de reda\u00e7\u00e3o com escolas p\u00fablicas.<\/p>\n<p style=\"text-align: justify;\">\u201cO acesso \u00e0 \u00e1gua gera transforma\u00e7\u00f5es profundas na vida das fam\u00edlias agricultoras por meio do acesso de v\u00e1rias tecnologias sociais, como as cisternas cal\u00e7ad\u00e3o, tanque de pedra, barraginhas, barragem subterr\u00e2nea e tantas outas. Essas a\u00e7\u00f5es v\u00eam diminuindo a incid\u00eancia de doen\u00e7as e reorganizando as rela\u00e7\u00f5es familiares, liberando mulheres e crian\u00e7as para outras atividades. Al\u00e9m disso, permite a diversifica\u00e7\u00e3o da produ\u00e7\u00e3o, garantindo a seguran\u00e7a alimentar, e liberta a fam\u00edlia da depend\u00eancia pol\u00edtica dos carros-pipa, despertando-a para cidadania e para a organiza\u00e7\u00e3o comunit\u00e1ria\u201d, enfatiza a secret\u00e1ria executiva da C\u00e1ritas Diocesana de Pesqueira e Coordenadora Executiva da Articula\u00e7\u00e3o no Semi\u00e1rido Pernambucano (ASA\/PE), Neilda Pereira.<\/p>\n<p style=\"text-align: justify;\">Semana da \u00c1gua \u2013 \u00c9 realizada pela C\u00e1ritas Diocesana de Pesqueira em alus\u00e3o e celebra\u00e7\u00e3o ao Dia Mundial da \u00c1gua, criado pela ONU (Organiza\u00e7\u00e3o das Na\u00e7\u00f5es Unidas) no dia 22 de mar\u00e7o de 1992. O dia 22 de mar\u00e7o, de cada ano, \u00e9 destinado \u00e0 discuss\u00e3o sobre os diversos temas relacionados a este importante bem natural.<\/p>\n<p style=\"text-align: justify;\"><strong>PROGRAMA\u00c7\u00c3O<\/strong><\/p>\n<p style=\"text-align: justify;\">\u00a0<span style=\"text-decoration: underline;\">Dia: 16\/03<\/span><\/p>\n<p style=\"text-align: justify;\">Abertura da Semana da \u00c1gua<\/p>\n<p style=\"text-align: justify;\">Local: Comunidade Papagaio \u2013 Pesqueira\/PE<\/p>\n<p style=\"text-align: justify;\"><span style=\"text-decoration: underline;\">Dia: 18\/03<\/span><\/p>\n<p style=\"text-align: justify;\">Roda de Conversa<\/p>\n<p style=\"text-align: justify;\">Local: Sitio Sobral \u2013 Jata\u00faba\/PE<\/p>\n<p style=\"text-align: justify;\"><span style=\"text-decoration: underline;\">Dia: 22\/03<\/span><\/p>\n<p style=\"text-align: justify;\">Inaugura\u00e7\u00e3o Cisternas de Placas<\/p>\n<p style=\"text-align: justify;\">Local: Sitio Belamente C\u00e2mara \u2013 Garanhuns\/PE<\/p>\n<p style=\"text-align: justify;\"><span style=\"text-decoration: underline;\">Dia: 28\/03<\/span><\/p>\n<p style=\"text-align: justify;\">Premia\u00e7\u00e3o do Concurso Reda\u00e7\u00e3o com as escolas municipais<\/p>\n<p style=\"text-align: justify;\">Local: Pesqueira\/PE<\/p>\n<p style=\"text-align: justify;\"><span style=\"text-decoration: underline;\">Dia: 29\/03<\/span><\/p>\n<p style=\"text-align: justify;\">Inaugura\u00e7\u00e3o Cisternas de Cal\u00e7ad\u00e3o<\/p>\n<p style=\"text-align: justify;\">Local: Sito Cova dos caboclos \u2013 Sanhar\u00f3\/PE<\/p>\n<p style=\"text-align: justify;\">por Daniel Ferreira &#8211; Assessoria Comunica\u00e7\u00e3o da C\u00e1ritas Diocesana de Pesqueira<\/p>\n<p style=\"text-align: justify;\">Foto: Ma\u00edra Gamarra<\/p>\n<p>&nbsp;<\/p>\n<p>&nbsp;<\/p>\n<ul class=\"ssb_list_wrapper\"><li class=\"fb2\" style=\"width:135px\"><iframe src=\"\/\/www.facebook.com\/plugins\/like.php?href=https%3A%2F%2Fwww.caritasne2.org.br%2Fsite%2Fuma-semana-para-celebrar-agua%2F&amp;layout=button_count&amp;action=like&amp;show_faces=false&amp;share=true&amp;width=135&amp;height=21&amp;appId=307091639398582\" scrolling=\"no\" frameborder=\"0\" style=\"border:none; overflow:hidden;  width:150px; height:21px;\" allowTransparency=\"true\"><\/iframe><\/li><li class=\"twtr\" style=\"width:90px\"><a href=\"https:\/\/twitter.com\/share\" class=\"twitter-share-button\" data-url=\"https:\/\/www.caritasne2.org.br\/site\/uma-semana-para-celebrar-agua\/\">&nbsp;<\/a><script>!function(d,s,id){var js,fjs=d.getElementsByTagName(s)[0],p=\/^http:\/.test(d.location)?'http':'https';if(!d.getElementById(id)){js=d.createElement(s);js.id=id;js.src=p+':\/\/platform.twitter.com\/widgets.js';fjs.parentNode.insertBefore(js,fjs);}}(document, 'script', 'twitter-wjs');<\/script><\/li><li class=\"gplus\" style=\"width:68px\"><div class=\"g-plusone\" data-size=\"medium\" data-href=\"https:\/\/www.caritasne2.org.br\/site\/uma-semana-para-celebrar-agua\/\"><\/div><\/li><li class=\"ssb_linkedin\" style=\"width:64px\"><script src=\"\/\/platform.linkedin.com\/in.js\" type=\"text\/javascript\">lang: en_US<\/script><script type=\"IN\/Share\" data-url=\"https:\/\/www.caritasne2.org.br\/site\/uma-semana-para-celebrar-agua\/\" data-counter=\"right\"><\/script><\/li><\/ul>","protected":false},"excerpt":{"rendered":"<p>O quinto par\u00e1grafo da Declara\u00e7\u00e3o Universal dos Direitos da \u00c1gua prev\u00ea que \u201co planejamento da gest\u00e3o da \u00e1gua deve levar em conta a solidariedade e o consenso em raz\u00e3o de sua distribui\u00e7\u00e3o desigual sobre a terra\u201d. Parece contradit\u00f3rio, mas o Semi\u00e1rido brasileiro apresenta um d\u00e9ficit h\u00eddrico, e isso n\u00e3o \u00e9 por falta de \u00e1gua, \u00e9 a regi\u00e3o mais chuvosa do planeta. A m\u00e9dia pluviom\u00e9trica vai [&hellip;]<\/p>\n<ul class=\"ssb_list_wrapper\"><li class=\"fb2\" style=\"width:135px\"><iframe src=\"\/\/www.facebook.com\/plugins\/like.php?href=https%3A%2F%2Fwww.caritasne2.org.br%2Fsite%2Fuma-semana-para-celebrar-agua%2F&amp;layout=button_count&amp;action=like&amp;show_faces=false&amp;share=true&amp;width=135&amp;height=21&amp;appId=307091639398582\" scrolling=\"no\" frameborder=\"0\" style=\"border:none; overflow:hidden;  width:150px; height:21px;\" allowTransparency=\"true\"><\/iframe><\/li><li class=\"twtr\" style=\"width:90px\"><a href=\"https:\/\/twitter.com\/share\" class=\"twitter-share-button\" data-url=\"https:\/\/www.caritasne2.org.br\/site\/uma-semana-para-celebrar-agua\/\">&nbsp;<\/a><script>!function(d,s,id){var js,fjs=d.getElementsByTagName(s)[0],p=\/^http:\/.test(d.location)?'http':'https';if(!d.getElementById(id)){js=d.createElement(s);js.id=id;js.src=p+':\/\/platform.twitter.com\/widgets.js';fjs.parentNode.insertBefore(js,fjs);}}(document, 'script', 'twitter-wjs');<\/script><\/li><li class=\"gplus\" style=\"width:68px\"><div class=\"g-plusone\" data-size=\"medium\" data-href=\"https:\/\/www.caritasne2.org.br\/site\/uma-semana-para-celebrar-agua\/\"><\/div><\/li><li class=\"ssb_linkedin\" style=\"width:64px\"><script src=\"\/\/platform.linkedin.com\/in.js\" type=\"text\/javascript\">lang: en_US<\/script><script type=\"IN\/Share\" data-url=\"https:\/\/www.caritasne2.org.br\/site\/uma-semana-para-celebrar-agua\/\" data-counter=\"right\"><\/script><\/li><\/ul>","protected":false},"author":4,"featured_media":1638,"comment_status":"open","ping_status":"open","sticky":false,"template":"","format":"standard","meta":[],"categories":[20,148],"tags":[90,67,147,370,100],"_links":{"self":[{"href":"https:\/\/www.caritasne2.org.br\/site\/wp-json\/wp\/v2\/posts\/1636"}],"collection":[{"href":"https:\/\/www.caritasne2.org.br\/site\/wp-json\/wp\/v2\/posts"}],"about":[{"href":"https:\/\/www.caritasne2.org.br\/site\/wp-json\/wp\/v2\/types\/post"}],"author":[{"embeddable":true,"href":"https:\/\/www.caritasne2.org.br\/site\/wp-json\/wp\/v2\/users\/4"}],"replies":[{"embeddable":true,"href":"https:\/\/www.caritasne2.org.br\/site\/wp-json\/wp\/v2\/comments?post=1636"}],"version-history":[{"count":0,"href":"https:\/\/www.caritasne2.org.br\/site\/wp-json\/wp\/v2\/posts\/1636\/revisions"}],"wp:featuredmedia":[{"embeddable":true,"href":"https:\/\/www.caritasne2.org.br\/site\/wp-json\/"}],"wp:attachment":[{"href":"https:\/\/www.caritasne2.org.br\/site\/wp-json\/wp\/v2\/media?parent=1636"}],"wp:term":[{"taxonomy":"category","embeddable":true,"href":"https:\/\/www.caritasne2.org.br\/site\/wp-json\/wp\/v2\/categories?post=1636"},{"taxonomy":"post_tag","embeddable":true,"href":"https:\/\/www.caritasne2.org.br\/site\/wp-json\/wp\/v2\/tags?post=1636"}],"curies":[{"name":"wp","href":"https:\/\/api.w.org\/{rel}","templated":true}]}}