{"id":1629,"date":"2014-03-12T11:41:29","date_gmt":"2014-03-12T14:41:29","guid":{"rendered":"http:\/\/ne2.caritas.org.br.s174889.gridserver.com\/?p=1629"},"modified":"2017-07-11T15:22:48","modified_gmt":"2017-07-11T18:22:48","slug":"palavra-arcebispo-fraternidade-trafico-humano","status":"publish","type":"post","link":"https:\/\/www.caritasne2.org.br\/site\/palavra-arcebispo-fraternidade-trafico-humano\/","title":{"rendered":"A Palavra do Arcebispo: Fraternidade e Tr\u00e1fico Humano"},"content":{"rendered":"<p style=\"text-align: justify;\">As Campanhas da Fraternidade (CF), ao longo dos seus 51 anos de exist\u00eancia, t\u00eam estimulado a viv\u00eancia da Quaresma no \u00e2mbito pastoral. Sua aplica\u00e7\u00e3o desperta compromisso e solidariedade, conforme ensina o Ap\u00f3stolo Tiago \u201cDe que adianta algu\u00e9m dizer que tem f\u00e9 quando n\u00e3o a p\u00f5e em pr\u00e1tica? A f\u00e9, se n\u00e3o se traduz em obras, por si s\u00f3 est\u00e1 morta\u201d (Tg 2,14a;17). Sobretudo, nas \u00faltimas d\u00e9cadas, t\u00eam apresentado temas de grande atualidade e urg\u00eancia, promovendo o debate e a tomada de atitude.<\/p>\n<p style=\"text-align: justify;\">Neste ano de 2014, temos por tema \u201cFraternidade e Tr\u00e1fico Humano\u201d e o lema: \u201c\u00c9 para a Liberdade que Cristo nos libertou\u201d (Gl 5,1). A escolha do tema surgiu com a proposta dos Grupos de Trabalho de Enfrentamento ao Tr\u00e1fico de Pessoas e de Combate ao Trabalho Escravo, junto \u00e0 Pastoral da Mobilidade Humana com a aprova\u00e7\u00e3o final do Conselho Episcopal de Pastoral da CNBB (Consep).<\/p>\n<p style=\"text-align: justify;\">De acordo com as Na\u00e7\u00f5es Unidas o tr\u00e1fico de pessoas \u00e9 caracterizado pelo \u201crecrutamento, transporte, transfer\u00eancia, abrigo ou recebimento de pessoas, por meio de amea\u00e7a ou uso da for\u00e7a ou outras formas de coer\u00e7\u00e3o, de rapto, de fraude, e engano, do abuso de poder ou de uma posi\u00e7\u00e3o de vulnerabilidade ou de dar ou receber pagamentos ou benef\u00edcios para obter o consentimento para uma pessoa ter controle sobre outra pessoa, para o prop\u00f3sito de explora\u00e7\u00e3o\u201d. Esta pr\u00e1tica acontece em diferentes escalas: local, nacional e internacional.<\/p>\n<p style=\"text-align: justify;\">No Brasil, os estudos mostram que h\u00e1 tr\u00e1fico de pessoas no pa\u00eds na escala local dentro dos estados e cidades); na escala nacional (entre estados) e internacional (mais comum nos pa\u00edses com a presen\u00e7a da imigra\u00e7\u00e3o brasileira: pa\u00edses fronteiri\u00e7os, Europa e Estados Unidos). Diante dessa realidade, o Objetivo Geral da CF-2014 \u00e9 \u201cIdentificar as pr\u00e1ticas de tr\u00e1fico humano em suas v\u00e1rias formas e denunci\u00e1-lo como viola\u00e7\u00e3o da dignidade e da liberdade humana, mobilizando crist\u00e3os e a sociedade brasileira para erradicar esse mal, com vista ao resgate da vida dos filhos e filhas de Deus.<\/p>\n<p style=\"text-align: justify;\"><a href=\"http:\/\/ne2.caritas.org.br.s174889.gridserver.com\/2014\/03\/12\/palavra-arcebispo-fraternidade-trafico-humano\/00000000172368070222855880079-2\/\" rel=\"attachment wp-att-1633\"><img decoding=\"async\" loading=\"lazy\" class=\"alignleft  wp-image-1633\" title=\"00000000172368070222855880079\" src=\"http:\/\/ne2.caritas.org.br.s174889.gridserver.com\/wp-content\/uploads\/2014\/03\/000000001723680702228558800791.jpg\" alt=\"\" width=\"186\" height=\"268\" \/><\/a>Assegura o texto base da campanha que a situa\u00e7\u00e3o do tr\u00e1fico humano no pa\u00eds e no mundo \u00e9 alarmante: a Organiza\u00e7\u00e3o Internacional do Trabalho (OIT) chama a aten\u00e7\u00e3o para o aumento de v\u00edtimas do tr\u00e1fico humano, do trabalho for\u00e7ado e do tr\u00e1fico para a explora\u00e7\u00e3o sexual. De acordo com o site da Organiza\u00e7\u00e3o das Na\u00e7\u00f5es Unidas (ONU), no Brasil, o tr\u00e1fico de pessoas faz cerca de 2,5 milh\u00f5es de v\u00edtimas por ano, incluindo homens, mulheres e crian\u00e7as, mas principalmente pessoas vulner\u00e1veis e carentes \u2013 psicologicamente e de recursos. Segundo a ONU, o tr\u00e1fico de pessoas \u00e9 bastante lucrativo: movimenta anualmente 32 bilh\u00f5es de d\u00f3lares em todo o mundo. Desse valor, 85% prov\u00eam da explora\u00e7\u00e3o sexual. Entre os principais destinos de pessoas traficadas est\u00e3o: Espanha, It\u00e1lia, Portugal, Fran\u00e7a, Holanda, \u00c1ustria e Su\u00ed\u00e7a.<\/p>\n<p style=\"text-align: justify;\">O tema \u201cTr\u00e1fico Humano\u201d chega esse ano junto com a Copa do Mundo, \u00e9poca em que o pa\u00eds receber\u00e1 muitos eventos e visitantes \u2013 o que pode favorecer a a\u00e7\u00e3o de aliciadores e traficantes. Soma-se ao tr\u00e1fico o problema das drogas que vicia e cria depend\u00eancia deixando as v\u00edtimas inteiramente entregues \u00e0s m\u00e3os de pessoas inescrupulosas. A Campanha da Fraternidade dever\u00e1 ent\u00e3o ser intensificada com um trabalho de conscientiza\u00e7\u00e3o para minimizar a pr\u00e1tica criminosa.<\/p>\n<p style=\"text-align: justify;\">O tema da Campanha da Fraternidade deve nos levar a contemplar com maior carinho e aten\u00e7\u00e3o para a realidade que temos vivido no vicariato Cabo de Santo Agostinho, com o crescente desenvolvimento que vem acontecendo naquela regi\u00e3o, por conta de Suape, assim como o Vicariato Olinda que se estende at\u00e9 Igarassu e Ara\u00e7oiaba, por conta de Goiana. Essas regi\u00f5es est\u00e3o propensas, como de fato j\u00e1 vem acontecendo, a explora\u00e7\u00f5es de todo tipo, dentro da linha do que nos adverte a campanha.<\/p>\n<p style=\"text-align: justify;\">O objetivo maior de todas as campanhas da fraternidade \u00e9 promover o debate em todos os \u00e2mbitos e buscar solu\u00e7\u00f5es partilhadas e assumidas comunitariamente. Elas n\u00e3o podem se restringir apenas aos 40 dias da quaresma, mas devem se prolongar por todo o ano. Somos convidados\/as a fazer a nossa parte e colaborarmos para que essas ideias alcancem a todos\/as e possam promover a conscientiza\u00e7\u00e3o e mudan\u00e7as necess\u00e1rias para que a Igreja continue sua miss\u00e3o prof\u00e9tica de anunciar o Reino e denunciar tudo aquilo que fere os princ\u00edpios fundamentais do Evangelho.<\/p>\n<p style=\"text-align: justify;\">Concluo desejando a todos e todas uma santa e fecunda Quaresma e transformadora celebra\u00e7\u00e3o pascal.<\/p>\n<p style=\"text-align: right;\"><strong>\u00a0Dom Ant\u00f4nio Fernando Saburido, OSB<\/strong><\/p>\n<p style=\"text-align: right;\">Arcebispo Metropolitano<\/p>\n<ul class=\"ssb_list_wrapper\"><li class=\"fb2\" style=\"width:135px\"><iframe src=\"\/\/www.facebook.com\/plugins\/like.php?href=https%3A%2F%2Fwww.caritasne2.org.br%2Fsite%2Fpalavra-arcebispo-fraternidade-trafico-humano%2F&amp;layout=button_count&amp;action=like&amp;show_faces=false&amp;share=true&amp;width=135&amp;height=21&amp;appId=307091639398582\" scrolling=\"no\" frameborder=\"0\" style=\"border:none; overflow:hidden;  width:150px; height:21px;\" allowTransparency=\"true\"><\/iframe><\/li><li class=\"twtr\" style=\"width:90px\"><a href=\"https:\/\/twitter.com\/share\" class=\"twitter-share-button\" data-url=\"https:\/\/www.caritasne2.org.br\/site\/palavra-arcebispo-fraternidade-trafico-humano\/\">&nbsp;<\/a><script>!function(d,s,id){var js,fjs=d.getElementsByTagName(s)[0],p=\/^http:\/.test(d.location)?'http':'https';if(!d.getElementById(id)){js=d.createElement(s);js.id=id;js.src=p+':\/\/platform.twitter.com\/widgets.js';fjs.parentNode.insertBefore(js,fjs);}}(document, 'script', 'twitter-wjs');<\/script><\/li><li class=\"gplus\" style=\"width:68px\"><div class=\"g-plusone\" data-size=\"medium\" data-href=\"https:\/\/www.caritasne2.org.br\/site\/palavra-arcebispo-fraternidade-trafico-humano\/\"><\/div><\/li><li class=\"ssb_linkedin\" style=\"width:64px\"><script src=\"\/\/platform.linkedin.com\/in.js\" type=\"text\/javascript\">lang: en_US<\/script><script type=\"IN\/Share\" data-url=\"https:\/\/www.caritasne2.org.br\/site\/palavra-arcebispo-fraternidade-trafico-humano\/\" data-counter=\"right\"><\/script><\/li><\/ul>","protected":false},"excerpt":{"rendered":"<p>As Campanhas da Fraternidade (CF), ao longo dos seus 51 anos de exist\u00eancia, t\u00eam estimulado a viv\u00eancia da Quaresma no \u00e2mbito pastoral. Sua aplica\u00e7\u00e3o desperta compromisso e solidariedade, conforme ensina o Ap\u00f3stolo Tiago \u201cDe que adianta algu\u00e9m dizer que tem f\u00e9 quando n\u00e3o a p\u00f5e em pr\u00e1tica? A f\u00e9, se n\u00e3o se traduz em obras, por si s\u00f3 est\u00e1 morta\u201d (Tg 2,14a;17). Sobretudo, nas \u00faltimas [&hellip;]<\/p>\n<ul class=\"ssb_list_wrapper\"><li class=\"fb2\" style=\"width:135px\"><iframe src=\"\/\/www.facebook.com\/plugins\/like.php?href=https%3A%2F%2Fwww.caritasne2.org.br%2Fsite%2Fpalavra-arcebispo-fraternidade-trafico-humano%2F&amp;layout=button_count&amp;action=like&amp;show_faces=false&amp;share=true&amp;width=135&amp;height=21&amp;appId=307091639398582\" scrolling=\"no\" frameborder=\"0\" style=\"border:none; overflow:hidden;  width:150px; height:21px;\" allowTransparency=\"true\"><\/iframe><\/li><li class=\"twtr\" style=\"width:90px\"><a href=\"https:\/\/twitter.com\/share\" class=\"twitter-share-button\" data-url=\"https:\/\/www.caritasne2.org.br\/site\/palavra-arcebispo-fraternidade-trafico-humano\/\">&nbsp;<\/a><script>!function(d,s,id){var js,fjs=d.getElementsByTagName(s)[0],p=\/^http:\/.test(d.location)?'http':'https';if(!d.getElementById(id)){js=d.createElement(s);js.id=id;js.src=p+':\/\/platform.twitter.com\/widgets.js';fjs.parentNode.insertBefore(js,fjs);}}(document, 'script', 'twitter-wjs');<\/script><\/li><li class=\"gplus\" style=\"width:68px\"><div class=\"g-plusone\" data-size=\"medium\" data-href=\"https:\/\/www.caritasne2.org.br\/site\/palavra-arcebispo-fraternidade-trafico-humano\/\"><\/div><\/li><li class=\"ssb_linkedin\" style=\"width:64px\"><script src=\"\/\/platform.linkedin.com\/in.js\" type=\"text\/javascript\">lang: en_US<\/script><script type=\"IN\/Share\" data-url=\"https:\/\/www.caritasne2.org.br\/site\/palavra-arcebispo-fraternidade-trafico-humano\/\" data-counter=\"right\"><\/script><\/li><\/ul>","protected":false},"author":4,"featured_media":1632,"comment_status":"open","ping_status":"open","sticky":false,"template":"","format":"standard","meta":[],"categories":[366,20],"tags":[47,67,368,369,350],"_links":{"self":[{"href":"https:\/\/www.caritasne2.org.br\/site\/wp-json\/wp\/v2\/posts\/1629"}],"collection":[{"href":"https:\/\/www.caritasne2.org.br\/site\/wp-json\/wp\/v2\/posts"}],"about":[{"href":"https:\/\/www.caritasne2.org.br\/site\/wp-json\/wp\/v2\/types\/post"}],"author":[{"embeddable":true,"href":"https:\/\/www.caritasne2.org.br\/site\/wp-json\/wp\/v2\/users\/4"}],"replies":[{"embeddable":true,"href":"https:\/\/www.caritasne2.org.br\/site\/wp-json\/wp\/v2\/comments?post=1629"}],"version-history":[{"count":0,"href":"https:\/\/www.caritasne2.org.br\/site\/wp-json\/wp\/v2\/posts\/1629\/revisions"}],"wp:featuredmedia":[{"embeddable":true,"href":"https:\/\/www.caritasne2.org.br\/site\/wp-json\/"}],"wp:attachment":[{"href":"https:\/\/www.caritasne2.org.br\/site\/wp-json\/wp\/v2\/media?parent=1629"}],"wp:term":[{"taxonomy":"category","embeddable":true,"href":"https:\/\/www.caritasne2.org.br\/site\/wp-json\/wp\/v2\/categories?post=1629"},{"taxonomy":"post_tag","embeddable":true,"href":"https:\/\/www.caritasne2.org.br\/site\/wp-json\/wp\/v2\/tags?post=1629"}],"curies":[{"name":"wp","href":"https:\/\/api.w.org\/{rel}","templated":true}]}}