{"id":1615,"date":"2014-02-28T14:18:20","date_gmt":"2014-02-28T17:18:20","guid":{"rendered":"http:\/\/ne2.caritas.org.br.s174889.gridserver.com\/?p=1615"},"modified":"2017-07-11T15:22:48","modified_gmt":"2017-07-11T18:22:48","slug":"agentes-caritas-participam-da-construcao-dos-planos-municipais-de-convivencia-semiarido","status":"publish","type":"post","link":"https:\/\/www.caritasne2.org.br\/site\/agentes-caritas-participam-da-construcao-dos-planos-municipais-de-convivencia-semiarido\/","title":{"rendered":"Agentes C\u00e1ritas participam da constru\u00e7\u00e3o dos Planos Municipais de Conviv\u00eancia com o Semi\u00e1rido"},"content":{"rendered":"<p style=\"text-align: justify;\">O secret\u00e1rio da C\u00e1ritas Brasileira Regional Nordeste 2, \u00c2ngelo Zanr\u00e9, participou, na \u00faltima ter\u00e7a-feira (25\/02), no audit\u00f3rio do Hotel Esta\u00e7\u00e3o Cruzeiro, em Pesqueira, do lan\u00e7amento da Proposta Metodol\u00f3gica de Constru\u00e7\u00e3o dos Planos Municipais de Conviv\u00eancia com o Semi\u00e1rido do Agreste Pernambucano.<\/p>\n<p style=\"text-align: justify;\">A proposta inicial \u00e9 que este acompanhamento seja realizado com os munic\u00edpios de Alagoinha, Arcoverde, Caet\u00e9s, Iati, Jupi, Pedra, Pesqueira, Po\u00e7\u00e3o, Sanhar\u00f3, S\u00e3o Bento do Una, Venturosa e Garanhuns, que j\u00e1 come\u00e7aram os debates em torno da constru\u00e7\u00e3o dos planos municipais de conviv\u00eancia com o Semi\u00e1rido. Para que isso aconte\u00e7a de forma articulada, foram formadas duplas, que ser\u00e3o respons\u00e1veis por acompanhar dois munic\u00edpios.<\/p>\n<p style=\"text-align: justify;\">Os agentes C\u00e1ritas Edim\u00edlson Paulino e Flavianeide Pereira, que s\u00e3o coordenadores t\u00e9cnicos do Programa Uma Terra e Duas \u00c1guas, com patroc\u00ednio da Petrobras e o apoio do Minist\u00e9rio do Desenvolvimento Social e Combate \u00e0 Fome, respectivamente, ficaram respons\u00e1veis pela assessoria aos munic\u00edpios de Caet\u00e9s e Jupi.<\/p>\n<p style=\"text-align: justify;\">De acordo com Zanr\u00e9, esta \u00e9 uma oportunidade para que as quest\u00f5es que envolvem a conviv\u00eancia com o Semi\u00e1rido e a economia popular solid\u00e1ria sejam reafirmadas e possam ser trabalhadas em conjunto, uma vez que este di\u00e1logo est\u00e1 sendo constru\u00eddo.<\/p>\n<p style=\"text-align: justify;\"><a href=\"http:\/\/ne2.caritas.org.br.s174889.gridserver.com\/2014\/02\/28\/agentes-caritas-participam-da-construcao-dos-planos-municipais-de-convivencia-semiarido\/equipe\/\" rel=\"attachment wp-att-1617\"><img decoding=\"async\" loading=\"lazy\" class=\"aligncenter  wp-image-1617\" title=\"equipe\" src=\"http:\/\/ne2.caritas.org.br.s174889.gridserver.com\/wp-content\/uploads\/2014\/02\/equipe-300x218.jpg\" alt=\"\" width=\"287\" height=\"209\" \/><\/a><\/p>\n<p style=\"text-align: center;\"><em>Agentes C\u00e1ritas na constru\u00e7\u00e3o dos Planos Municipais de Conviv\u00eancia com o Semi\u00e1rido do Agreste Pernambucano.<\/em><\/p>\n<p style=\"text-align: justify;\">\n<p style=\"text-align: justify;\">por Lidiane Santos | Comunicadora Popular C\u00e1ritas NE2 (P1+2)<\/p>\n<p style=\"text-align: justify;\">\n<ul class=\"ssb_list_wrapper\"><li class=\"fb2\" style=\"width:135px\"><iframe src=\"\/\/www.facebook.com\/plugins\/like.php?href=https%3A%2F%2Fwww.caritasne2.org.br%2Fsite%2Fagentes-caritas-participam-da-construcao-dos-planos-municipais-de-convivencia-semiarido%2F&amp;layout=button_count&amp;action=like&amp;show_faces=false&amp;share=true&amp;width=135&amp;height=21&amp;appId=307091639398582\" scrolling=\"no\" frameborder=\"0\" style=\"border:none; overflow:hidden;  width:150px; height:21px;\" allowTransparency=\"true\"><\/iframe><\/li><li class=\"twtr\" style=\"width:90px\"><a href=\"https:\/\/twitter.com\/share\" class=\"twitter-share-button\" data-url=\"https:\/\/www.caritasne2.org.br\/site\/agentes-caritas-participam-da-construcao-dos-planos-municipais-de-convivencia-semiarido\/\">&nbsp;<\/a><script>!function(d,s,id){var js,fjs=d.getElementsByTagName(s)[0],p=\/^http:\/.test(d.location)?'http':'https';if(!d.getElementById(id)){js=d.createElement(s);js.id=id;js.src=p+':\/\/platform.twitter.com\/widgets.js';fjs.parentNode.insertBefore(js,fjs);}}(document, 'script', 'twitter-wjs');<\/script><\/li><li class=\"gplus\" style=\"width:68px\"><div class=\"g-plusone\" data-size=\"medium\" data-href=\"https:\/\/www.caritasne2.org.br\/site\/agentes-caritas-participam-da-construcao-dos-planos-municipais-de-convivencia-semiarido\/\"><\/div><\/li><li class=\"ssb_linkedin\" style=\"width:64px\"><script src=\"\/\/platform.linkedin.com\/in.js\" type=\"text\/javascript\">lang: en_US<\/script><script type=\"IN\/Share\" data-url=\"https:\/\/www.caritasne2.org.br\/site\/agentes-caritas-participam-da-construcao-dos-planos-municipais-de-convivencia-semiarido\/\" data-counter=\"right\"><\/script><\/li><\/ul>","protected":false},"excerpt":{"rendered":"<p>O secret\u00e1rio da C\u00e1ritas Brasileira Regional Nordeste 2, \u00c2ngelo Zanr\u00e9, participou, na \u00faltima ter\u00e7a-feira (25\/02), no audit\u00f3rio do Hotel Esta\u00e7\u00e3o Cruzeiro, em Pesqueira, do lan\u00e7amento da Proposta Metodol\u00f3gica de Constru\u00e7\u00e3o dos Planos Municipais de Conviv\u00eancia com o Semi\u00e1rido do Agreste Pernambucano. A proposta inicial \u00e9 que este acompanhamento seja realizado com os munic\u00edpios de Alagoinha, Arcoverde, Caet\u00e9s, Iati, Jupi, Pedra, Pesqueira, Po\u00e7\u00e3o, Sanhar\u00f3, S\u00e3o Bento [&hellip;]<\/p>\n<ul class=\"ssb_list_wrapper\"><li class=\"fb2\" style=\"width:135px\"><iframe src=\"\/\/www.facebook.com\/plugins\/like.php?href=https%3A%2F%2Fwww.caritasne2.org.br%2Fsite%2Fagentes-caritas-participam-da-construcao-dos-planos-municipais-de-convivencia-semiarido%2F&amp;layout=button_count&amp;action=like&amp;show_faces=false&amp;share=true&amp;width=135&amp;height=21&amp;appId=307091639398582\" scrolling=\"no\" frameborder=\"0\" style=\"border:none; overflow:hidden;  width:150px; height:21px;\" allowTransparency=\"true\"><\/iframe><\/li><li class=\"twtr\" style=\"width:90px\"><a href=\"https:\/\/twitter.com\/share\" class=\"twitter-share-button\" data-url=\"https:\/\/www.caritasne2.org.br\/site\/agentes-caritas-participam-da-construcao-dos-planos-municipais-de-convivencia-semiarido\/\">&nbsp;<\/a><script>!function(d,s,id){var js,fjs=d.getElementsByTagName(s)[0],p=\/^http:\/.test(d.location)?'http':'https';if(!d.getElementById(id)){js=d.createElement(s);js.id=id;js.src=p+':\/\/platform.twitter.com\/widgets.js';fjs.parentNode.insertBefore(js,fjs);}}(document, 'script', 'twitter-wjs');<\/script><\/li><li class=\"gplus\" style=\"width:68px\"><div class=\"g-plusone\" data-size=\"medium\" data-href=\"https:\/\/www.caritasne2.org.br\/site\/agentes-caritas-participam-da-construcao-dos-planos-municipais-de-convivencia-semiarido\/\"><\/div><\/li><li class=\"ssb_linkedin\" style=\"width:64px\"><script src=\"\/\/platform.linkedin.com\/in.js\" type=\"text\/javascript\">lang: en_US<\/script><script type=\"IN\/Share\" data-url=\"https:\/\/www.caritasne2.org.br\/site\/agentes-caritas-participam-da-construcao-dos-planos-municipais-de-convivencia-semiarido\/\" data-counter=\"right\"><\/script><\/li><\/ul>","protected":false},"author":4,"featured_media":1616,"comment_status":"open","ping_status":"open","sticky":false,"template":"","format":"standard","meta":[],"categories":[72,20],"tags":[67,365],"_links":{"self":[{"href":"https:\/\/www.caritasne2.org.br\/site\/wp-json\/wp\/v2\/posts\/1615"}],"collection":[{"href":"https:\/\/www.caritasne2.org.br\/site\/wp-json\/wp\/v2\/posts"}],"about":[{"href":"https:\/\/www.caritasne2.org.br\/site\/wp-json\/wp\/v2\/types\/post"}],"author":[{"embeddable":true,"href":"https:\/\/www.caritasne2.org.br\/site\/wp-json\/wp\/v2\/users\/4"}],"replies":[{"embeddable":true,"href":"https:\/\/www.caritasne2.org.br\/site\/wp-json\/wp\/v2\/comments?post=1615"}],"version-history":[{"count":0,"href":"https:\/\/www.caritasne2.org.br\/site\/wp-json\/wp\/v2\/posts\/1615\/revisions"}],"wp:featuredmedia":[{"embeddable":true,"href":"https:\/\/www.caritasne2.org.br\/site\/wp-json\/"}],"wp:attachment":[{"href":"https:\/\/www.caritasne2.org.br\/site\/wp-json\/wp\/v2\/media?parent=1615"}],"wp:term":[{"taxonomy":"category","embeddable":true,"href":"https:\/\/www.caritasne2.org.br\/site\/wp-json\/wp\/v2\/categories?post=1615"},{"taxonomy":"post_tag","embeddable":true,"href":"https:\/\/www.caritasne2.org.br\/site\/wp-json\/wp\/v2\/tags?post=1615"}],"curies":[{"name":"wp","href":"https:\/\/api.w.org\/{rel}","templated":true}]}}