{"id":1604,"date":"2014-02-28T13:38:41","date_gmt":"2014-02-28T16:38:41","guid":{"rendered":"http:\/\/ne2.caritas.org.br.s174889.gridserver.com\/?p=1604"},"modified":"2017-07-11T15:22:48","modified_gmt":"2017-07-11T18:22:48","slug":"capacitacao-incentiva-preservacao-de-sementes-crioulas","status":"publish","type":"post","link":"https:\/\/www.caritasne2.org.br\/site\/capacitacao-incentiva-preservacao-de-sementes-crioulas\/","title":{"rendered":"Capacita\u00e7\u00e3o incentiva preserva\u00e7\u00e3o de sementes crioulas"},"content":{"rendered":"<p style=\"text-align: justify;\">A C\u00e1ritas Brasileira Regional Nordeste 2 realizou, entre os dias 25 e 26 deste m\u00eas, no audit\u00f3rio da Federa\u00e7\u00e3o dos Trabalhadores na Agricultura do Estado de Pernambuco (Fetape), em Garanhuns, uma capacita\u00e7\u00e3o sobre casa de sementes. A oficina foi ministrada pelo m\u00e9dico veterin\u00e1rio Eromildes Brand\u00e3o Barbosa.<\/p>\n<p style=\"text-align: justify;\">A forma\u00e7\u00e3o tem o objetivo de incentivar as fam\u00edlias a resgatarem o uso das sementes crioulas, a fim de preservarem a biodiversidade local. Al\u00e9m disso, a oficina tamb\u00e9m abordou no\u00e7\u00f5es de gest\u00e3o para as casas sementes, que ser\u00e3o implantadas pela C\u00e1ritas atrav\u00e9s da execu\u00e7\u00e3o do Programa Uma Terra e Duas \u00c1guas (P1+2), com patroc\u00ednio da Petrobras, nas comunidades Mimoso, em Capoeiras, e Lagoa do Jerimum, em Bom Conselho.<\/p>\n<p style=\"text-align: justify;\">Durante o encontro, os agricultores e agricultoras puderam conhecer os tipos de sementes, bem como as formas de domestica\u00e7\u00e3o, propaga\u00e7\u00e3o, sele\u00e7\u00e3o e melhoramento das mesmas. Os trabalhos em grupo oportunizaram o debate assim como a reflex\u00e3o da agroecologia.<\/p>\n<p style=\"text-align: justify;\">De acordo com a agricultora Maria Madalena de Brito, 53, a capacita\u00e7\u00e3o trouxe mais do que conhecimento. \u201cEu saio desse encontro mais feliz, porque se eu colocar em pr\u00e1tica o que eu aprendi hoje sobre tipos e domestica\u00e7\u00e3o de sementes, terei mais rendimento. Outra coisa importante \u00e9 que agora eu tenho \u00e1gua, posso produzir alimentos sem veneno\u201d, afirmou. O encontro foi finalizado com a leitura da par\u00e1bola do Semeador e em seguida pela ora\u00e7\u00e3o do Pai Nosso.<\/p>\n<p style=\"text-align: justify;\"><a href=\"http:\/\/ne2.caritas.org.br.s174889.gridserver.com\/2014\/02\/28\/capacitacao-incentiva-preservacao-de-sementes-crioulas\/dsc02609-3\/\" rel=\"attachment wp-att-1613\"><img decoding=\"async\" loading=\"lazy\" class=\"aligncenter  wp-image-1613\" title=\"DSC02609\" src=\"http:\/\/ne2.caritas.org.br.s174889.gridserver.com\/wp-content\/uploads\/2014\/02\/DSC026092-300x242.jpg\" alt=\"\" width=\"262\" height=\"212\" \/><\/a><\/p>\n<p style=\"text-align: justify;\">por Lidiane Santos &#8211; Comunicadora Popular P1+2 &#8211; C\u00e1ritas Regional NE2<\/p>\n<p style=\"text-align: justify;\">\n<ul class=\"ssb_list_wrapper\"><li class=\"fb2\" style=\"width:135px\"><iframe src=\"\/\/www.facebook.com\/plugins\/like.php?href=https%3A%2F%2Fwww.caritasne2.org.br%2Fsite%2Fcapacitacao-incentiva-preservacao-de-sementes-crioulas%2F&amp;layout=button_count&amp;action=like&amp;show_faces=false&amp;share=true&amp;width=135&amp;height=21&amp;appId=307091639398582\" scrolling=\"no\" frameborder=\"0\" style=\"border:none; overflow:hidden;  width:150px; height:21px;\" allowTransparency=\"true\"><\/iframe><\/li><li class=\"twtr\" style=\"width:90px\"><a href=\"https:\/\/twitter.com\/share\" class=\"twitter-share-button\" data-url=\"https:\/\/www.caritasne2.org.br\/site\/capacitacao-incentiva-preservacao-de-sementes-crioulas\/\">&nbsp;<\/a><script>!function(d,s,id){var js,fjs=d.getElementsByTagName(s)[0],p=\/^http:\/.test(d.location)?'http':'https';if(!d.getElementById(id)){js=d.createElement(s);js.id=id;js.src=p+':\/\/platform.twitter.com\/widgets.js';fjs.parentNode.insertBefore(js,fjs);}}(document, 'script', 'twitter-wjs');<\/script><\/li><li class=\"gplus\" style=\"width:68px\"><div class=\"g-plusone\" data-size=\"medium\" data-href=\"https:\/\/www.caritasne2.org.br\/site\/capacitacao-incentiva-preservacao-de-sementes-crioulas\/\"><\/div><\/li><li class=\"ssb_linkedin\" style=\"width:64px\"><script src=\"\/\/platform.linkedin.com\/in.js\" type=\"text\/javascript\">lang: en_US<\/script><script type=\"IN\/Share\" data-url=\"https:\/\/www.caritasne2.org.br\/site\/capacitacao-incentiva-preservacao-de-sementes-crioulas\/\" data-counter=\"right\"><\/script><\/li><\/ul>","protected":false},"excerpt":{"rendered":"<p>A C\u00e1ritas Brasileira Regional Nordeste 2 realizou, entre os dias 25 e 26 deste m\u00eas, no audit\u00f3rio da Federa\u00e7\u00e3o dos Trabalhadores na Agricultura do Estado de Pernambuco (Fetape), em Garanhuns, uma capacita\u00e7\u00e3o sobre casa de sementes. A oficina foi ministrada pelo m\u00e9dico veterin\u00e1rio Eromildes Brand\u00e3o Barbosa. A forma\u00e7\u00e3o tem o objetivo de incentivar as fam\u00edlias a resgatarem o uso das sementes crioulas, a fim de [&hellip;]<\/p>\n<ul class=\"ssb_list_wrapper\"><li class=\"fb2\" style=\"width:135px\"><iframe src=\"\/\/www.facebook.com\/plugins\/like.php?href=https%3A%2F%2Fwww.caritasne2.org.br%2Fsite%2Fcapacitacao-incentiva-preservacao-de-sementes-crioulas%2F&amp;layout=button_count&amp;action=like&amp;show_faces=false&amp;share=true&amp;width=135&amp;height=21&amp;appId=307091639398582\" scrolling=\"no\" frameborder=\"0\" style=\"border:none; overflow:hidden;  width:150px; height:21px;\" allowTransparency=\"true\"><\/iframe><\/li><li class=\"twtr\" style=\"width:90px\"><a href=\"https:\/\/twitter.com\/share\" class=\"twitter-share-button\" data-url=\"https:\/\/www.caritasne2.org.br\/site\/capacitacao-incentiva-preservacao-de-sementes-crioulas\/\">&nbsp;<\/a><script>!function(d,s,id){var js,fjs=d.getElementsByTagName(s)[0],p=\/^http:\/.test(d.location)?'http':'https';if(!d.getElementById(id)){js=d.createElement(s);js.id=id;js.src=p+':\/\/platform.twitter.com\/widgets.js';fjs.parentNode.insertBefore(js,fjs);}}(document, 'script', 'twitter-wjs');<\/script><\/li><li class=\"gplus\" style=\"width:68px\"><div class=\"g-plusone\" data-size=\"medium\" data-href=\"https:\/\/www.caritasne2.org.br\/site\/capacitacao-incentiva-preservacao-de-sementes-crioulas\/\"><\/div><\/li><li class=\"ssb_linkedin\" style=\"width:64px\"><script src=\"\/\/platform.linkedin.com\/in.js\" type=\"text\/javascript\">lang: en_US<\/script><script type=\"IN\/Share\" data-url=\"https:\/\/www.caritasne2.org.br\/site\/capacitacao-incentiva-preservacao-de-sementes-crioulas\/\" data-counter=\"right\"><\/script><\/li><\/ul>","protected":false},"author":4,"featured_media":1605,"comment_status":"open","ping_status":"open","sticky":false,"template":"","format":"standard","meta":[],"categories":[20,224],"tags":[67],"_links":{"self":[{"href":"https:\/\/www.caritasne2.org.br\/site\/wp-json\/wp\/v2\/posts\/1604"}],"collection":[{"href":"https:\/\/www.caritasne2.org.br\/site\/wp-json\/wp\/v2\/posts"}],"about":[{"href":"https:\/\/www.caritasne2.org.br\/site\/wp-json\/wp\/v2\/types\/post"}],"author":[{"embeddable":true,"href":"https:\/\/www.caritasne2.org.br\/site\/wp-json\/wp\/v2\/users\/4"}],"replies":[{"embeddable":true,"href":"https:\/\/www.caritasne2.org.br\/site\/wp-json\/wp\/v2\/comments?post=1604"}],"version-history":[{"count":0,"href":"https:\/\/www.caritasne2.org.br\/site\/wp-json\/wp\/v2\/posts\/1604\/revisions"}],"wp:featuredmedia":[{"embeddable":true,"href":"https:\/\/www.caritasne2.org.br\/site\/wp-json\/"}],"wp:attachment":[{"href":"https:\/\/www.caritasne2.org.br\/site\/wp-json\/wp\/v2\/media?parent=1604"}],"wp:term":[{"taxonomy":"category","embeddable":true,"href":"https:\/\/www.caritasne2.org.br\/site\/wp-json\/wp\/v2\/categories?post=1604"},{"taxonomy":"post_tag","embeddable":true,"href":"https:\/\/www.caritasne2.org.br\/site\/wp-json\/wp\/v2\/tags?post=1604"}],"curies":[{"name":"wp","href":"https:\/\/api.w.org\/{rel}","templated":true}]}}