{"id":1593,"date":"2014-02-24T11:48:58","date_gmt":"2014-02-24T14:48:58","guid":{"rendered":"http:\/\/ne2.caritas.org.br.s174889.gridserver.com\/?p=1593"},"modified":"2017-07-11T15:22:48","modified_gmt":"2017-07-11T18:22:48","slug":"caritas-diocesana-de-pesqueira-promovera-oficinas-para-elaboracao-de-planos-municipais-de-convivencia-semiarido","status":"publish","type":"post","link":"https:\/\/www.caritasne2.org.br\/site\/caritas-diocesana-de-pesqueira-promovera-oficinas-para-elaboracao-de-planos-municipais-de-convivencia-semiarido\/","title":{"rendered":"C\u00e1ritas Diocesana de Pesqueira promover\u00e1 oficinas para elabora\u00e7\u00e3o de planos municipais de conviv\u00eancia com o Semi\u00e1rido"},"content":{"rendered":"<p>A C\u00e1ritas Diocesana de Pesqueira realizar\u00e1 oficinas para auxiliar e orientar os munic\u00edpios do Agreste na constru\u00e7\u00e3o dos planos municipais de conviv\u00eancia com o Semi\u00e1rido. A largada dos trabalhos ser\u00e1 no pr\u00f3ximo dia 25 de fevereiro, pela manh\u00e3, com o Lan\u00e7amento da Proposta Metodol\u00f3gica de Constru\u00e7\u00e3o da Elabora\u00e7\u00e3o dos Planos. O evento acontecer\u00e1 no audit\u00f3rio do Hotel Cruzeiro, em Pesqueira.<\/p>\n<p style=\"text-align: justify;\">Alagoinha, Arcoverde, Caet\u00e9s , Iati, Jupi , Pedra, Pesqueira , Po\u00e7\u00e3o, Sanhar\u00f3 , S\u00e3o Bento do Una , Venturosa e Garanhuns s\u00e3o munic\u00edpios que iniciaram os debates para constru\u00e7\u00e3o dos planos e n\u00e3o deram continuidade devido a falta de acompanhamento ao processo. O lan\u00e7amento da proposta ser\u00e1 voltado para as lideran\u00e7as rurais, gestores municipais, integrantes de comiss\u00f5es da ASA (Articula\u00e7\u00e3o no Semi\u00e1rido Brasileiro) e representantes dos conselhos e sindicatos dos trabalhadores rurais. Os planos dever\u00e3o estar aliados \u00e0 constru\u00e7\u00e3o do Plano Estadual de Conviv\u00eancia com o Semi\u00e1rido.<\/p>\n<p style=\"text-align: justify;\">As oficinas fazem parte de um conjunto de iniciativas de participa\u00e7\u00e3o e mobiliza\u00e7\u00e3o da C\u00e1ritas Diocesana de Pesqueira, da C\u00e1ritas Brasileira Regional 2 que comp\u00f5e a Articula\u00e7\u00e3o no Semi\u00e1rido Pernambucano (ASA\/PE) ,e Funda\u00e7\u00e3o AVINA, na constru\u00e7\u00e3o e na efetiva\u00e7\u00e3o de uma pol\u00edtica estruturante de conviv\u00eancia. Resultados dessas a\u00e7\u00f5es foram a cria\u00e7\u00e3o da Lei Estadual de Conviv\u00eancia, as Confer\u00eancias Territoriais e da Confer\u00eancia Estadual de Conviv\u00eancia com o Semi\u00e1rido e o pr\u00f3prio Plano Estadual de Conviv\u00eancia.<\/p>\n<p style=\"text-align: justify;\">\u201c Vivemos um momento importante em Pernambuco , com a lei estadual de conviv\u00eancia com o semi\u00e1rido, os debates nas confer\u00eancias regionais e estadual na discuss\u00e3o do plano estadual, a partir disso precisamos fazer esse debate nos munic\u00edpios, onde as pessoas vivem, e \u00e9 nessa perspectiva que a C\u00e1ritas Diocesana com outros parceiros est\u00e1 se colocando para contribuir junto com sociedade civil e governos na discuss\u00e3o dos planos municipais de conviv\u00eancia com o semi\u00e1rido no agreste pernambucano.\u201d, enfatizou a secret\u00e1ria executiva da C\u00e1ritas Diocesana de Pesqueira e coordenadora executiva da ASA\/PE, Neilda Pereira.<\/p>\n<p><strong><span style=\"text-decoration: underline;\">Servi\u00e7o:<\/span> <\/strong><\/p>\n<p>Lan\u00e7amento da Proposta Metodol\u00f3gica de Constru\u00e7\u00e3o dos Planos Municipais de Conviv\u00eancia com o Semi\u00e1rido do Agreste Pernambucano<\/p>\n<p>Data: 25\/02\/14<\/p>\n<p>Local: Audit\u00f3rio do Hotel Cruzeiro\/Pesqueira-PE<\/p>\n<p>Hor\u00e1rio: A partir das 8h<\/p>\n<p>Outras informa\u00e7\u00f5es: \u00a0(87) 3835.2646 ou\u00a0 (87) 9812.0011 &#8211; \u00a0 Fabiana Francelino | Comunica\u00e7\u00e3o\u00a0C\u00e1ritas Diocesana de Pesqueira<\/p>\n<ul class=\"ssb_list_wrapper\"><li class=\"fb2\" style=\"width:135px\"><iframe src=\"\/\/www.facebook.com\/plugins\/like.php?href=https%3A%2F%2Fwww.caritasne2.org.br%2Fsite%2Fcaritas-diocesana-de-pesqueira-promovera-oficinas-para-elaboracao-de-planos-municipais-de-convivencia-semiarido%2F&amp;layout=button_count&amp;action=like&amp;show_faces=false&amp;share=true&amp;width=135&amp;height=21&amp;appId=307091639398582\" scrolling=\"no\" frameborder=\"0\" style=\"border:none; overflow:hidden;  width:150px; height:21px;\" allowTransparency=\"true\"><\/iframe><\/li><li class=\"twtr\" style=\"width:90px\"><a href=\"https:\/\/twitter.com\/share\" class=\"twitter-share-button\" data-url=\"https:\/\/www.caritasne2.org.br\/site\/caritas-diocesana-de-pesqueira-promovera-oficinas-para-elaboracao-de-planos-municipais-de-convivencia-semiarido\/\">&nbsp;<\/a><script>!function(d,s,id){var js,fjs=d.getElementsByTagName(s)[0],p=\/^http:\/.test(d.location)?'http':'https';if(!d.getElementById(id)){js=d.createElement(s);js.id=id;js.src=p+':\/\/platform.twitter.com\/widgets.js';fjs.parentNode.insertBefore(js,fjs);}}(document, 'script', 'twitter-wjs');<\/script><\/li><li class=\"gplus\" style=\"width:68px\"><div class=\"g-plusone\" data-size=\"medium\" data-href=\"https:\/\/www.caritasne2.org.br\/site\/caritas-diocesana-de-pesqueira-promovera-oficinas-para-elaboracao-de-planos-municipais-de-convivencia-semiarido\/\"><\/div><\/li><li class=\"ssb_linkedin\" style=\"width:64px\"><script src=\"\/\/platform.linkedin.com\/in.js\" type=\"text\/javascript\">lang: en_US<\/script><script type=\"IN\/Share\" data-url=\"https:\/\/www.caritasne2.org.br\/site\/caritas-diocesana-de-pesqueira-promovera-oficinas-para-elaboracao-de-planos-municipais-de-convivencia-semiarido\/\" data-counter=\"right\"><\/script><\/li><\/ul>","protected":false},"excerpt":{"rendered":"<p>A C\u00e1ritas Diocesana de Pesqueira realizar\u00e1 oficinas para auxiliar e orientar os munic\u00edpios do Agreste na constru\u00e7\u00e3o dos planos municipais de conviv\u00eancia com o Semi\u00e1rido. A largada dos trabalhos ser\u00e1 no pr\u00f3ximo dia 25 de fevereiro, pela manh\u00e3, com o Lan\u00e7amento da Proposta Metodol\u00f3gica de Constru\u00e7\u00e3o da Elabora\u00e7\u00e3o dos Planos. O evento acontecer\u00e1 no audit\u00f3rio do Hotel Cruzeiro, em Pesqueira. Alagoinha, Arcoverde, Caet\u00e9s , Iati, [&hellip;]<\/p>\n<ul class=\"ssb_list_wrapper\"><li class=\"fb2\" style=\"width:135px\"><iframe src=\"\/\/www.facebook.com\/plugins\/like.php?href=https%3A%2F%2Fwww.caritasne2.org.br%2Fsite%2Fcaritas-diocesana-de-pesqueira-promovera-oficinas-para-elaboracao-de-planos-municipais-de-convivencia-semiarido%2F&amp;layout=button_count&amp;action=like&amp;show_faces=false&amp;share=true&amp;width=135&amp;height=21&amp;appId=307091639398582\" scrolling=\"no\" frameborder=\"0\" style=\"border:none; overflow:hidden;  width:150px; height:21px;\" allowTransparency=\"true\"><\/iframe><\/li><li class=\"twtr\" style=\"width:90px\"><a href=\"https:\/\/twitter.com\/share\" class=\"twitter-share-button\" data-url=\"https:\/\/www.caritasne2.org.br\/site\/caritas-diocesana-de-pesqueira-promovera-oficinas-para-elaboracao-de-planos-municipais-de-convivencia-semiarido\/\">&nbsp;<\/a><script>!function(d,s,id){var js,fjs=d.getElementsByTagName(s)[0],p=\/^http:\/.test(d.location)?'http':'https';if(!d.getElementById(id)){js=d.createElement(s);js.id=id;js.src=p+':\/\/platform.twitter.com\/widgets.js';fjs.parentNode.insertBefore(js,fjs);}}(document, 'script', 'twitter-wjs');<\/script><\/li><li class=\"gplus\" style=\"width:68px\"><div class=\"g-plusone\" data-size=\"medium\" data-href=\"https:\/\/www.caritasne2.org.br\/site\/caritas-diocesana-de-pesqueira-promovera-oficinas-para-elaboracao-de-planos-municipais-de-convivencia-semiarido\/\"><\/div><\/li><li class=\"ssb_linkedin\" style=\"width:64px\"><script src=\"\/\/platform.linkedin.com\/in.js\" type=\"text\/javascript\">lang: en_US<\/script><script type=\"IN\/Share\" data-url=\"https:\/\/www.caritasne2.org.br\/site\/caritas-diocesana-de-pesqueira-promovera-oficinas-para-elaboracao-de-planos-municipais-de-convivencia-semiarido\/\" data-counter=\"right\"><\/script><\/li><\/ul>","protected":false},"author":4,"featured_media":1594,"comment_status":"open","ping_status":"open","sticky":false,"template":"","format":"standard","meta":[],"categories":[72,20],"tags":[352,67,360,361],"_links":{"self":[{"href":"https:\/\/www.caritasne2.org.br\/site\/wp-json\/wp\/v2\/posts\/1593"}],"collection":[{"href":"https:\/\/www.caritasne2.org.br\/site\/wp-json\/wp\/v2\/posts"}],"about":[{"href":"https:\/\/www.caritasne2.org.br\/site\/wp-json\/wp\/v2\/types\/post"}],"author":[{"embeddable":true,"href":"https:\/\/www.caritasne2.org.br\/site\/wp-json\/wp\/v2\/users\/4"}],"replies":[{"embeddable":true,"href":"https:\/\/www.caritasne2.org.br\/site\/wp-json\/wp\/v2\/comments?post=1593"}],"version-history":[{"count":0,"href":"https:\/\/www.caritasne2.org.br\/site\/wp-json\/wp\/v2\/posts\/1593\/revisions"}],"wp:featuredmedia":[{"embeddable":true,"href":"https:\/\/www.caritasne2.org.br\/site\/wp-json\/"}],"wp:attachment":[{"href":"https:\/\/www.caritasne2.org.br\/site\/wp-json\/wp\/v2\/media?parent=1593"}],"wp:term":[{"taxonomy":"category","embeddable":true,"href":"https:\/\/www.caritasne2.org.br\/site\/wp-json\/wp\/v2\/categories?post=1593"},{"taxonomy":"post_tag","embeddable":true,"href":"https:\/\/www.caritasne2.org.br\/site\/wp-json\/wp\/v2\/tags?post=1593"}],"curies":[{"name":"wp","href":"https:\/\/api.w.org\/{rel}","templated":true}]}}