{"id":1587,"date":"2014-02-20T16:04:52","date_gmt":"2014-02-20T19:04:52","guid":{"rendered":"http:\/\/ne2.caritas.org.br.s174889.gridserver.com\/?p=1587"},"modified":"2017-07-11T15:22:48","modified_gmt":"2017-07-11T18:22:48","slug":"20-de-fevereiro-dia-mundial-da-justica-social","status":"publish","type":"post","link":"https:\/\/www.caritasne2.org.br\/site\/20-de-fevereiro-dia-mundial-da-justica-social\/","title":{"rendered":"20 de fevereiro, Dia Mundial da Justi\u00e7a Social"},"content":{"rendered":"<p style=\"text-align: center;\"><em>&#8220;Para a C\u00e1ritas, trabalhar por justi\u00e7a social \u00e9 parte da sua pr\u00f3pria identidade e miss\u00e3o. Significa lutar pela defesa de direitos e oportunidades para todas as pessoas&#8221;<\/em><\/p>\n<p style=\"text-align: justify;\">Diante da necessidade de promover esfor\u00e7os para enfrentar situa\u00e7\u00f5es como a pobreza, a fome, o desemprego e a exclus\u00e3o social, a Assembl\u00e9ia Geral das Na\u00e7\u00f5es Unidas instituiu o dia 20 de fevereiro &#8211; a partir de 2009 &#8211; o Dia Mundial da Justi\u00e7a Social. Com esse dia, a Assembleia &#8220;reconhece a necessidade de consolidar os esfor\u00e7os da comunidade internacional na batalha para erradica\u00e7\u00e3o da pobreza, promovendo o pleno emprego e trabalho digno, a igualdade entre g\u00eaneros e o acesso ao bem estar social e \u00e0 justi\u00e7a para todos&#8221;.<\/p>\n<p style=\"text-align: justify;\">Alcan\u00e7ar a justi\u00e7a social no mundo \u00e9 um passo fundamental para a realiza\u00e7\u00e3o de objetivos cruciais cujo foco \u00e9 a melhor humaniza\u00e7\u00e3o das pessoas, construindo mercados e meios de subsist\u00eancia capazes de fazer uma distribui\u00e7\u00e3o de benef\u00edcios igualit\u00e1ria. Significa garantir o alicerce para que todas as pessoas vivam com dignidade, estabilidade e oportunidades.<\/p>\n<p style=\"text-align: justify;\">&#8220;Para a C\u00e1ritas, trabalhar por justi\u00e7a social \u00e9 parte da sua pr\u00f3pria identidade e miss\u00e3o. Significa lutar pela defesa de direitos e oportunidades para todas as pessoas levando em conta os diferentes contextos e realidades em que elas est\u00e3o inseridas&#8221;, afirmou Maria Cristina dos Anjos, Diretora Executiva Nacional da C\u00e1ritas Brasileira.<\/p>\n<p style=\"text-align: justify;\">&#8220;O Brasil \u00e9 hoje o quarto pa\u00eds no mundo em desigualdade entre pobres e ricos, segundo pesquisa do IBGE. Para a C\u00e1ritas, esse dado confirma a exist\u00eancia no pa\u00eds de uma grande injusti\u00e7a social. Nas in\u00fameras a\u00e7\u00f5es desenvolvidas nas diferentes regi\u00f5es do pa\u00eds, a C\u00e1ritas busca colocar em pr\u00e1tica a sua miss\u00e3o na defesa e promo\u00e7\u00e3o da vida digna para todas as pessoas buscando um novo desenvolvimento, mais solid\u00e1rio, mais sustent\u00e1vel e com participa\u00e7\u00e3o equitativa de todas as pessoas&#8221;, salientou.<\/p>\n<p>Por Assessoria de Comunica\u00e7\u00e3o da C\u00e1ritas Brasileira<\/p>\n<p>&nbsp;<\/p>\n<p>&nbsp;<\/p>\n<p>&nbsp;<\/p>\n<ul class=\"ssb_list_wrapper\"><li class=\"fb2\" style=\"width:135px\"><iframe src=\"\/\/www.facebook.com\/plugins\/like.php?href=https%3A%2F%2Fwww.caritasne2.org.br%2Fsite%2F20-de-fevereiro-dia-mundial-da-justica-social%2F&amp;layout=button_count&amp;action=like&amp;show_faces=false&amp;share=true&amp;width=135&amp;height=21&amp;appId=307091639398582\" scrolling=\"no\" frameborder=\"0\" style=\"border:none; overflow:hidden;  width:150px; height:21px;\" allowTransparency=\"true\"><\/iframe><\/li><li class=\"twtr\" style=\"width:90px\"><a href=\"https:\/\/twitter.com\/share\" class=\"twitter-share-button\" data-url=\"https:\/\/www.caritasne2.org.br\/site\/20-de-fevereiro-dia-mundial-da-justica-social\/\">&nbsp;<\/a><script>!function(d,s,id){var js,fjs=d.getElementsByTagName(s)[0],p=\/^http:\/.test(d.location)?'http':'https';if(!d.getElementById(id)){js=d.createElement(s);js.id=id;js.src=p+':\/\/platform.twitter.com\/widgets.js';fjs.parentNode.insertBefore(js,fjs);}}(document, 'script', 'twitter-wjs');<\/script><\/li><li class=\"gplus\" style=\"width:68px\"><div class=\"g-plusone\" data-size=\"medium\" data-href=\"https:\/\/www.caritasne2.org.br\/site\/20-de-fevereiro-dia-mundial-da-justica-social\/\"><\/div><\/li><li class=\"ssb_linkedin\" style=\"width:64px\"><script src=\"\/\/platform.linkedin.com\/in.js\" type=\"text\/javascript\">lang: en_US<\/script><script type=\"IN\/Share\" data-url=\"https:\/\/www.caritasne2.org.br\/site\/20-de-fevereiro-dia-mundial-da-justica-social\/\" data-counter=\"right\"><\/script><\/li><\/ul>","protected":false},"excerpt":{"rendered":"<p>&#8220;Para a C\u00e1ritas, trabalhar por justi\u00e7a social \u00e9 parte da sua pr\u00f3pria identidade e miss\u00e3o. Significa lutar pela defesa de direitos e oportunidades para todas as pessoas&#8221; Diante da necessidade de promover esfor\u00e7os para enfrentar situa\u00e7\u00f5es como a pobreza, a fome, o desemprego e a exclus\u00e3o social, a Assembl\u00e9ia Geral das Na\u00e7\u00f5es Unidas instituiu o dia 20 de fevereiro &#8211; a partir de 2009 &#8211; [&hellip;]<\/p>\n<ul class=\"ssb_list_wrapper\"><li class=\"fb2\" style=\"width:135px\"><iframe src=\"\/\/www.facebook.com\/plugins\/like.php?href=https%3A%2F%2Fwww.caritasne2.org.br%2Fsite%2F20-de-fevereiro-dia-mundial-da-justica-social%2F&amp;layout=button_count&amp;action=like&amp;show_faces=false&amp;share=true&amp;width=135&amp;height=21&amp;appId=307091639398582\" scrolling=\"no\" frameborder=\"0\" style=\"border:none; overflow:hidden;  width:150px; height:21px;\" allowTransparency=\"true\"><\/iframe><\/li><li class=\"twtr\" style=\"width:90px\"><a href=\"https:\/\/twitter.com\/share\" class=\"twitter-share-button\" data-url=\"https:\/\/www.caritasne2.org.br\/site\/20-de-fevereiro-dia-mundial-da-justica-social\/\">&nbsp;<\/a><script>!function(d,s,id){var js,fjs=d.getElementsByTagName(s)[0],p=\/^http:\/.test(d.location)?'http':'https';if(!d.getElementById(id)){js=d.createElement(s);js.id=id;js.src=p+':\/\/platform.twitter.com\/widgets.js';fjs.parentNode.insertBefore(js,fjs);}}(document, 'script', 'twitter-wjs');<\/script><\/li><li class=\"gplus\" style=\"width:68px\"><div class=\"g-plusone\" data-size=\"medium\" data-href=\"https:\/\/www.caritasne2.org.br\/site\/20-de-fevereiro-dia-mundial-da-justica-social\/\"><\/div><\/li><li class=\"ssb_linkedin\" style=\"width:64px\"><script src=\"\/\/platform.linkedin.com\/in.js\" type=\"text\/javascript\">lang: en_US<\/script><script type=\"IN\/Share\" data-url=\"https:\/\/www.caritasne2.org.br\/site\/20-de-fevereiro-dia-mundial-da-justica-social\/\" data-counter=\"right\"><\/script><\/li><\/ul>","protected":false},"author":4,"featured_media":1592,"comment_status":"open","ping_status":"open","sticky":false,"template":"","format":"standard","meta":[],"categories":[20],"tags":[67,168,359],"_links":{"self":[{"href":"https:\/\/www.caritasne2.org.br\/site\/wp-json\/wp\/v2\/posts\/1587"}],"collection":[{"href":"https:\/\/www.caritasne2.org.br\/site\/wp-json\/wp\/v2\/posts"}],"about":[{"href":"https:\/\/www.caritasne2.org.br\/site\/wp-json\/wp\/v2\/types\/post"}],"author":[{"embeddable":true,"href":"https:\/\/www.caritasne2.org.br\/site\/wp-json\/wp\/v2\/users\/4"}],"replies":[{"embeddable":true,"href":"https:\/\/www.caritasne2.org.br\/site\/wp-json\/wp\/v2\/comments?post=1587"}],"version-history":[{"count":0,"href":"https:\/\/www.caritasne2.org.br\/site\/wp-json\/wp\/v2\/posts\/1587\/revisions"}],"wp:featuredmedia":[{"embeddable":true,"href":"https:\/\/www.caritasne2.org.br\/site\/wp-json\/"}],"wp:attachment":[{"href":"https:\/\/www.caritasne2.org.br\/site\/wp-json\/wp\/v2\/media?parent=1587"}],"wp:term":[{"taxonomy":"category","embeddable":true,"href":"https:\/\/www.caritasne2.org.br\/site\/wp-json\/wp\/v2\/categories?post=1587"},{"taxonomy":"post_tag","embeddable":true,"href":"https:\/\/www.caritasne2.org.br\/site\/wp-json\/wp\/v2\/tags?post=1587"}],"curies":[{"name":"wp","href":"https:\/\/api.w.org\/{rel}","templated":true}]}}