{"id":1580,"date":"2014-02-06T11:32:56","date_gmt":"2014-02-06T13:32:56","guid":{"rendered":"http:\/\/ne2.caritas.org.br.s174889.gridserver.com\/?p=1580"},"modified":"2017-07-11T15:22:48","modified_gmt":"2017-07-11T18:22:48","slug":"entrevista-governo-paraguaio-visitar-experiencias-de-convivencia-semiarido","status":"publish","type":"post","link":"https:\/\/www.caritasne2.org.br\/site\/entrevista-governo-paraguaio-visitar-experiencias-de-convivencia-semiarido\/","title":{"rendered":"ENTREVISTA: governo paraguaio visitar experi\u00eancias de conviv\u00eancia com o Semi\u00e1rido"},"content":{"rendered":"<p style=\"text-align: justify;\"><em>\u201cPrincipais aprendizados s\u00e3o o empoderamento das fam\u00edlias, a participa\u00e7\u00e3o cidad\u00e3 e o desenho do projeto\u201d, diz governo paraguaio ao visitar experi\u00eancias da ASA<\/em><\/p>\n<p style=\"text-align: justify;\">O ministro de Emerg\u00eancia Nacional do Paraguai, Joaquim Roa, e uma delega\u00e7\u00e3o do minist\u00e9rio paraguaio visitaram e trocaram experi\u00eancias de conviv\u00eancia com o Semi\u00e1rido com fam\u00edlias agricultoras na comunidade de Cafund\u00f3, munic\u00edpio de Bu\u00edque, no Agreste de Pernambuco. O interc\u00e2mbio aconteceu neste m\u00eas de janeiro gra\u00e7as a iniciativa da Articula\u00e7\u00e3o no Semi\u00e1rido Brasileiro (ASA), Diocese de Pesqueira e Funda\u00e7\u00e3o AVINA.<\/p>\n<p style=\"text-align: justify;\">Na visita, o ministro conheceu algumas tecnologias sociais de conviv\u00eancia com o Semi\u00e1rido desenvolvidas pela ASA, como as cisternas de placas de 16 mil litros d\u2019\u00e1gua, cisterna cal\u00e7ad\u00e3o de 52 mil litros, barragem subterr\u00e2nea e bomba d\u2019\u00e1gua popular. Na ocasi\u00e3o, Joaquim Roa concedeu um entrevista \u00e0 C\u00e1ritas Diocesana de Pesqueira, confira:<\/p>\n<p style=\"text-align: justify;\"><strong>C\u00e1ritas: Quais percep\u00e7\u00f5es sobre as experi\u00eancias visitadas de conviv\u00eancia com o Semi\u00e1rido?<\/strong><\/p>\n<p style=\"text-align: justify;\">Joaquim Roa \u2013 Estou muito impressionado com o empoderamento das fam\u00edlias em rela\u00e7\u00e3o ao projeto. Algo muito dif\u00edcil da gente conseguir isso com as comunidades l\u00e1 no Paraguai. Tivemos oportunidade de conversar com as fam\u00edlias agricultoras beneficiadas. As tecnologias sociais s\u00e3o f\u00e1ceis de copiar, podemos levar sem problema nenhum. O processo, a participa\u00e7\u00e3o e o empoderamento dos atores sociais s\u00e3o importantes. A participa\u00e7\u00e3o cidad\u00e3 dar um realce \u00fanico ao projeto. Vamos replicar o projeto, mas queremos saber tudo, principalmente o componente social, onde est\u00e1 o \u00eaxito do projeto. Vimos as pessoas terem acesso \u00e0 agua. A parceria da ASA, Funda\u00e7\u00e3o AVINA e Governos \u00e9 um exemplo para n\u00f3s replicarmos no Paraguai. Vamos fazer o imposs\u00edvel para replicar essa proposta numa regi\u00e3o de l\u00e1, que chamamos de Chaco Paraguaio, onde entra ano e sai ano e \u00e9 afetado pela aus\u00eancia da \u00e1gua. E o que mais me chamou \u00e0 aten\u00e7\u00e3o tamb\u00e9m foi a express\u00e3o \u201cconviv\u00eancia\u201d com a seca. \u00c9 isso a\u00ed que temos que apontar como Governo, com estrat\u00e9gias e com pol\u00edticas locais envolvendo a sociedade civil e os governos locais e melhorando a vida das fam\u00edlias que vivem em comunidades carentes de \u00e1gua.<\/p>\n<p style=\"text-align: justify;\"><strong>C\u00e1ritas: No Paraguai, h\u00e1 a regi\u00e3odo Chaco. Quais as rela\u00e7\u00f5es e converg\u00eancias dessa regi\u00e3o com o Semi\u00e1rido brasileiro?<\/strong><\/p>\n<p style=\"text-align: justify;\">Joaquim &#8211; Eu estou surpreendido, porque as semelhan\u00e7as s\u00e3o quase as mesmas, exceto pela topografia. J\u00e1 no Chaco temos apenas 3% de terreno plano, diferente no Semi\u00e1rido que tem uma topografia diferente. Mas, as necessidades s\u00e3o as mesmas. A aus\u00eancia de \u00e1gua \u00e9 igual. Temos popula\u00e7\u00e3o tamb\u00e9m no Chaco. Ent\u00e3o, todas as vari\u00e1veis s\u00e3o iguais. Isso nos indica que facilmente, trabalhando e com a coopera\u00e7\u00e3o levando a experi\u00eancia daqui (do Semi\u00e1rido) vamos vencer a seca no Paraguai.<\/p>\n<p style=\"text-align: justify;\"><strong>C\u00e1ritas: Especificamente em Pernambuco, as a\u00e7\u00f5es de conviv\u00eancia tornaram-se pol\u00edticas e programa de Estado. Esse seria tamb\u00e9m o caminho para o Governo Paraguaio?<\/strong><\/p>\n<p style=\"text-align: justify;\">Joaquim \u2013 Acho que sim. O povo sem pol\u00edticas p\u00fablicas n\u00e3o tem jeito. N\u00e3o tem direcionamento, n\u00e3o tem estrat\u00e9gia nenhuma. Vamos apontar para isso, que sejam transformadas em pol\u00edticas p\u00fablicas partindo de baixo para cima. Que essas pol\u00edticas virem tamb\u00e9m pol\u00edticas de Estado finalmente.<\/p>\n<p style=\"text-align: justify;\"><strong>C\u00e1ritas: Quais as li\u00e7\u00f5es e aprendizagens dessas experi\u00eancias que o senhor leva para o Paraguai?<\/strong><\/p>\n<p style=\"text-align: justify;\">Joaquim &#8211; S\u00e3o muitas. Mas, os principais aprendizados s\u00e3o o empoderamento das fam\u00edlias, a participa\u00e7\u00e3o cidad\u00e3e o desenho do projeto, de baixo para cima. \u00c9 isso que temos que ter em conta: o envolvimento dos l\u00edderes. \u00c9 esse desenho que temos que ter como Governo. Osdesenhos dos projetos devem vir da comunidade para cima. S\u00e3o eles (os agricultores) que conhecem tanto as necessidades como as tecnologias apropriadas para eles. Ent\u00e3o, n\u00e3o precisamos inventar a p\u00f3lvora. Falei com as fam\u00edlias agricultoras e aprendi muito com elas. Estamos voltando com ideia de conversar com todos os prefeitos da regi\u00e3o do Chaco Paraguaio e at\u00e9, inclusive, com o governador e levar o desenho do projeto, e eles verem o \u00eaxito do projeto. \u00c9 isso que estou levando: um grande aprendizado.<\/p>\n<p>por Daniel Ferreira | Jornalista C\u00e1ritas Diocesana de Pesqueira<\/p>\n<ul class=\"ssb_list_wrapper\"><li class=\"fb2\" style=\"width:135px\"><iframe src=\"\/\/www.facebook.com\/plugins\/like.php?href=https%3A%2F%2Fwww.caritasne2.org.br%2Fsite%2Fentrevista-governo-paraguaio-visitar-experiencias-de-convivencia-semiarido%2F&amp;layout=button_count&amp;action=like&amp;show_faces=false&amp;share=true&amp;width=135&amp;height=21&amp;appId=307091639398582\" scrolling=\"no\" frameborder=\"0\" style=\"border:none; overflow:hidden;  width:150px; height:21px;\" allowTransparency=\"true\"><\/iframe><\/li><li class=\"twtr\" style=\"width:90px\"><a href=\"https:\/\/twitter.com\/share\" class=\"twitter-share-button\" data-url=\"https:\/\/www.caritasne2.org.br\/site\/entrevista-governo-paraguaio-visitar-experiencias-de-convivencia-semiarido\/\">&nbsp;<\/a><script>!function(d,s,id){var js,fjs=d.getElementsByTagName(s)[0],p=\/^http:\/.test(d.location)?'http':'https';if(!d.getElementById(id)){js=d.createElement(s);js.id=id;js.src=p+':\/\/platform.twitter.com\/widgets.js';fjs.parentNode.insertBefore(js,fjs);}}(document, 'script', 'twitter-wjs');<\/script><\/li><li class=\"gplus\" style=\"width:68px\"><div class=\"g-plusone\" data-size=\"medium\" data-href=\"https:\/\/www.caritasne2.org.br\/site\/entrevista-governo-paraguaio-visitar-experiencias-de-convivencia-semiarido\/\"><\/div><\/li><li class=\"ssb_linkedin\" style=\"width:64px\"><script src=\"\/\/platform.linkedin.com\/in.js\" type=\"text\/javascript\">lang: en_US<\/script><script type=\"IN\/Share\" data-url=\"https:\/\/www.caritasne2.org.br\/site\/entrevista-governo-paraguaio-visitar-experiencias-de-convivencia-semiarido\/\" data-counter=\"right\"><\/script><\/li><\/ul>","protected":false},"excerpt":{"rendered":"<p>\u201cPrincipais aprendizados s\u00e3o o empoderamento das fam\u00edlias, a participa\u00e7\u00e3o cidad\u00e3 e o desenho do projeto\u201d, diz governo paraguaio ao visitar experi\u00eancias da ASA O ministro de Emerg\u00eancia Nacional do Paraguai, Joaquim Roa, e uma delega\u00e7\u00e3o do minist\u00e9rio paraguaio visitaram e trocaram experi\u00eancias de conviv\u00eancia com o Semi\u00e1rido com fam\u00edlias agricultoras na comunidade de Cafund\u00f3, munic\u00edpio de Bu\u00edque, no Agreste de Pernambuco. O interc\u00e2mbio aconteceu neste [&hellip;]<\/p>\n<ul class=\"ssb_list_wrapper\"><li class=\"fb2\" style=\"width:135px\"><iframe src=\"\/\/www.facebook.com\/plugins\/like.php?href=https%3A%2F%2Fwww.caritasne2.org.br%2Fsite%2Fentrevista-governo-paraguaio-visitar-experiencias-de-convivencia-semiarido%2F&amp;layout=button_count&amp;action=like&amp;show_faces=false&amp;share=true&amp;width=135&amp;height=21&amp;appId=307091639398582\" scrolling=\"no\" frameborder=\"0\" style=\"border:none; overflow:hidden;  width:150px; height:21px;\" allowTransparency=\"true\"><\/iframe><\/li><li class=\"twtr\" style=\"width:90px\"><a href=\"https:\/\/twitter.com\/share\" class=\"twitter-share-button\" data-url=\"https:\/\/www.caritasne2.org.br\/site\/entrevista-governo-paraguaio-visitar-experiencias-de-convivencia-semiarido\/\">&nbsp;<\/a><script>!function(d,s,id){var js,fjs=d.getElementsByTagName(s)[0],p=\/^http:\/.test(d.location)?'http':'https';if(!d.getElementById(id)){js=d.createElement(s);js.id=id;js.src=p+':\/\/platform.twitter.com\/widgets.js';fjs.parentNode.insertBefore(js,fjs);}}(document, 'script', 'twitter-wjs');<\/script><\/li><li class=\"gplus\" style=\"width:68px\"><div class=\"g-plusone\" data-size=\"medium\" data-href=\"https:\/\/www.caritasne2.org.br\/site\/entrevista-governo-paraguaio-visitar-experiencias-de-convivencia-semiarido\/\"><\/div><\/li><li class=\"ssb_linkedin\" style=\"width:64px\"><script src=\"\/\/platform.linkedin.com\/in.js\" type=\"text\/javascript\">lang: en_US<\/script><script type=\"IN\/Share\" data-url=\"https:\/\/www.caritasne2.org.br\/site\/entrevista-governo-paraguaio-visitar-experiencias-de-convivencia-semiarido\/\" data-counter=\"right\"><\/script><\/li><\/ul>","protected":false},"author":4,"featured_media":1582,"comment_status":"open","ping_status":"open","sticky":false,"template":"","format":"standard","meta":[],"categories":[72,20],"tags":[352,67,358],"_links":{"self":[{"href":"https:\/\/www.caritasne2.org.br\/site\/wp-json\/wp\/v2\/posts\/1580"}],"collection":[{"href":"https:\/\/www.caritasne2.org.br\/site\/wp-json\/wp\/v2\/posts"}],"about":[{"href":"https:\/\/www.caritasne2.org.br\/site\/wp-json\/wp\/v2\/types\/post"}],"author":[{"embeddable":true,"href":"https:\/\/www.caritasne2.org.br\/site\/wp-json\/wp\/v2\/users\/4"}],"replies":[{"embeddable":true,"href":"https:\/\/www.caritasne2.org.br\/site\/wp-json\/wp\/v2\/comments?post=1580"}],"version-history":[{"count":0,"href":"https:\/\/www.caritasne2.org.br\/site\/wp-json\/wp\/v2\/posts\/1580\/revisions"}],"wp:featuredmedia":[{"embeddable":true,"href":"https:\/\/www.caritasne2.org.br\/site\/wp-json\/"}],"wp:attachment":[{"href":"https:\/\/www.caritasne2.org.br\/site\/wp-json\/wp\/v2\/media?parent=1580"}],"wp:term":[{"taxonomy":"category","embeddable":true,"href":"https:\/\/www.caritasne2.org.br\/site\/wp-json\/wp\/v2\/categories?post=1580"},{"taxonomy":"post_tag","embeddable":true,"href":"https:\/\/www.caritasne2.org.br\/site\/wp-json\/wp\/v2\/tags?post=1580"}],"curies":[{"name":"wp","href":"https:\/\/api.w.org\/{rel}","templated":true}]}}