{"id":1575,"date":"2014-02-06T10:57:28","date_gmt":"2014-02-06T12:57:28","guid":{"rendered":"http:\/\/ne2.caritas.org.br.s174889.gridserver.com\/?p=1575"},"modified":"2017-07-11T15:22:48","modified_gmt":"2017-07-11T18:22:48","slug":"cnbb-caritas-lancam-campanha-em-solidariedade-ao-povo-sirio","status":"publish","type":"post","link":"https:\/\/www.caritasne2.org.br\/site\/cnbb-caritas-lancam-campanha-em-solidariedade-ao-povo-sirio\/","title":{"rendered":"CNBB e C\u00e1ritas lan\u00e7am campanha em solidariedade ao povo s\u00edrio"},"content":{"rendered":"<p style=\"text-align: center;\"><em>O lan\u00e7amento ocorrer\u00e1 nesta quinta-feira (6), \u00e0s 11h, na sede da Confer\u00eancia Nacional dos Bispos do Brasil (CNBB), em Bras\u00edlia (DF), durante coletiva de imprensa do Conselho Episcopal Pastoral (Consep)<\/em><\/p>\n<p style=\"text-align: justify;\">Mais de 6 milh\u00f5es de habitantes da S\u00edria tiveram de ser deslocados internamente devido \u00e0 situa\u00e7\u00e3o de guerra civil que o pa\u00eds vive desde 2011. Dois milh\u00f5es se refugiaram em outros pa\u00edses, milhares vivem em acampamentos improvisados e em condi\u00e7\u00f5es subumanas. Estima-se que outras 100 mil acabaram mortas.<\/p>\n<p style=\"text-align: justify;\">A Caritas Internationalis tem intensificado servi\u00e7os de assist\u00eancia humanit\u00e1ria ao povo s\u00edrio no interior do pa\u00eds e aos refugiados no L\u00edbano, Jord\u00e2nia, Iraque, Turquia e Bulg\u00e1ria. Mais de 320 mil pessoas j\u00e1 foram atendidas com alimentos, \u00e1gua, servi\u00e7os de sa\u00fade, roupas e abrigo. Todavia, mais de nove milh\u00f5es de pessoas ainda precisam de ajuda.<\/p>\n<p style=\"text-align: justify;\">Neste sentido, a Confer\u00eancia Nacional dos Bispos do Brasil (CNBB) e a C\u00e1ritas Brasileira lan\u00e7am uma campanha de arrecada\u00e7\u00e3o de fundos em solidariedade ao povo s\u00edrio. Os recursos arrecadados pela campanha emergencial no Brasil ser\u00e3o destinados \u00e0 Caritas Internationalis que dar\u00e1 continuidade \u00e0s a\u00e7\u00f5es de socorro no interior da S\u00edria e nos pa\u00edses vizinhos.<\/p>\n<p style=\"text-align: justify;\">Para mais informa\u00e7\u00f5es acesse caritas.org.br<\/p>\n<p style=\"text-align: justify;\">Voc\u00ea pode contribuir com o povo s\u00edrio. Doe qualquer quantia.<\/p>\n<p style=\"text-align: justify;\"><span style=\"text-decoration: underline;\">Banco do Brasil<\/span><\/p>\n<p style=\"text-align: justify;\">Ag\u00eancia: 3475-4<\/p>\n<p style=\"text-align: justify;\">Conta corrente: 29.596-5<\/p>\n<p style=\"text-align: justify;\"><span style=\"text-decoration: underline;\">Caixa Econ\u00f4mica Federal<\/span><\/p>\n<p style=\"text-align: justify;\">Ag\u00eancia: 1041<\/p>\n<p style=\"text-align: justify;\">Conta Corrente: 3.078-4<\/p>\n<p style=\"text-align: justify;\">Opera\u00e7\u00e3o: 003<\/p>\n<p style=\"text-align: justify;\"><span style=\"text-decoration: underline;\">Bradesco<\/span><\/p>\n<p style=\"text-align: justify;\">Ag\u00eancia: 0606-8<\/p>\n<p style=\"text-align: justify;\">Conta Corrente: 3.649-8<\/p>\n<p style=\"text-align: justify;\">Para DOC e TED, o CNJP da C\u00e1ritas Brasileira \u00e9 33654419\/0001-16<\/p>\n<p style=\"text-align: justify;\"><strong>Servi\u00e7o:<\/strong><\/p>\n<p style=\"text-align: justify;\">Coletiva de imprensa<\/p>\n<p style=\"text-align: justify;\">6 de fevereiro de 2014, \u00e0s 11h<\/p>\n<p style=\"text-align: justify;\">Na sede Nacional da Confer\u00eancia Nacional dos Bispos do Brasil (CNBB) &#8211; SE\/Sul Quadra 801 Conjunto &#8220;B&#8221; &#8211; Bras\u00edlia (DF).<\/p>\n<p style=\"text-align: left;\" align=\"center\"><strong>Informa\u00e7\u00f5es e entrevistas<\/strong><\/p>\n<p style=\"text-align: left;\" align=\"center\">Assessoria de Imprensa C\u00e1ritas Brasileira<\/p>\n<p style=\"text-align: left;\">Thays Puzzi | (61) 8116-4747 | <a href=\"tel:%2861%29%203521-0362\" target=\"_blank\">(61) 3521-0362<\/a> | <a href=\"mailto:thays@caritas.org.br\" target=\"_blank\">thays@caritas.org.br<\/a><\/p>\n<ul class=\"ssb_list_wrapper\"><li class=\"fb2\" style=\"width:135px\"><iframe src=\"\/\/www.facebook.com\/plugins\/like.php?href=https%3A%2F%2Fwww.caritasne2.org.br%2Fsite%2Fcnbb-caritas-lancam-campanha-em-solidariedade-ao-povo-sirio%2F&amp;layout=button_count&amp;action=like&amp;show_faces=false&amp;share=true&amp;width=135&amp;height=21&amp;appId=307091639398582\" scrolling=\"no\" frameborder=\"0\" style=\"border:none; overflow:hidden;  width:150px; height:21px;\" allowTransparency=\"true\"><\/iframe><\/li><li class=\"twtr\" style=\"width:90px\"><a href=\"https:\/\/twitter.com\/share\" class=\"twitter-share-button\" data-url=\"https:\/\/www.caritasne2.org.br\/site\/cnbb-caritas-lancam-campanha-em-solidariedade-ao-povo-sirio\/\">&nbsp;<\/a><script>!function(d,s,id){var js,fjs=d.getElementsByTagName(s)[0],p=\/^http:\/.test(d.location)?'http':'https';if(!d.getElementById(id)){js=d.createElement(s);js.id=id;js.src=p+':\/\/platform.twitter.com\/widgets.js';fjs.parentNode.insertBefore(js,fjs);}}(document, 'script', 'twitter-wjs');<\/script><\/li><li class=\"gplus\" style=\"width:68px\"><div class=\"g-plusone\" data-size=\"medium\" data-href=\"https:\/\/www.caritasne2.org.br\/site\/cnbb-caritas-lancam-campanha-em-solidariedade-ao-povo-sirio\/\"><\/div><\/li><li class=\"ssb_linkedin\" style=\"width:64px\"><script src=\"\/\/platform.linkedin.com\/in.js\" type=\"text\/javascript\">lang: en_US<\/script><script type=\"IN\/Share\" data-url=\"https:\/\/www.caritasne2.org.br\/site\/cnbb-caritas-lancam-campanha-em-solidariedade-ao-povo-sirio\/\" data-counter=\"right\"><\/script><\/li><\/ul>","protected":false},"excerpt":{"rendered":"<p>O lan\u00e7amento ocorrer\u00e1 nesta quinta-feira (6), \u00e0s 11h, na sede da Confer\u00eancia Nacional dos Bispos do Brasil (CNBB), em Bras\u00edlia (DF), durante coletiva de imprensa do Conselho Episcopal Pastoral (Consep) Mais de 6 milh\u00f5es de habitantes da S\u00edria tiveram de ser deslocados internamente devido \u00e0 situa\u00e7\u00e3o de guerra civil que o pa\u00eds vive desde 2011. Dois milh\u00f5es se refugiaram em outros pa\u00edses, milhares vivem em [&hellip;]<\/p>\n<ul class=\"ssb_list_wrapper\"><li class=\"fb2\" style=\"width:135px\"><iframe src=\"\/\/www.facebook.com\/plugins\/like.php?href=https%3A%2F%2Fwww.caritasne2.org.br%2Fsite%2Fcnbb-caritas-lancam-campanha-em-solidariedade-ao-povo-sirio%2F&amp;layout=button_count&amp;action=like&amp;show_faces=false&amp;share=true&amp;width=135&amp;height=21&amp;appId=307091639398582\" scrolling=\"no\" frameborder=\"0\" style=\"border:none; overflow:hidden;  width:150px; height:21px;\" allowTransparency=\"true\"><\/iframe><\/li><li class=\"twtr\" style=\"width:90px\"><a href=\"https:\/\/twitter.com\/share\" class=\"twitter-share-button\" data-url=\"https:\/\/www.caritasne2.org.br\/site\/cnbb-caritas-lancam-campanha-em-solidariedade-ao-povo-sirio\/\">&nbsp;<\/a><script>!function(d,s,id){var js,fjs=d.getElementsByTagName(s)[0],p=\/^http:\/.test(d.location)?'http':'https';if(!d.getElementById(id)){js=d.createElement(s);js.id=id;js.src=p+':\/\/platform.twitter.com\/widgets.js';fjs.parentNode.insertBefore(js,fjs);}}(document, 'script', 'twitter-wjs');<\/script><\/li><li class=\"gplus\" style=\"width:68px\"><div class=\"g-plusone\" data-size=\"medium\" data-href=\"https:\/\/www.caritasne2.org.br\/site\/cnbb-caritas-lancam-campanha-em-solidariedade-ao-povo-sirio\/\"><\/div><\/li><li class=\"ssb_linkedin\" style=\"width:64px\"><script src=\"\/\/platform.linkedin.com\/in.js\" type=\"text\/javascript\">lang: en_US<\/script><script type=\"IN\/Share\" data-url=\"https:\/\/www.caritasne2.org.br\/site\/cnbb-caritas-lancam-campanha-em-solidariedade-ao-povo-sirio\/\" data-counter=\"right\"><\/script><\/li><\/ul>","protected":false},"author":4,"featured_media":1576,"comment_status":"open","ping_status":"open","sticky":false,"template":"","format":"standard","meta":[],"categories":[36,20],"tags":[355,67,356,357],"_links":{"self":[{"href":"https:\/\/www.caritasne2.org.br\/site\/wp-json\/wp\/v2\/posts\/1575"}],"collection":[{"href":"https:\/\/www.caritasne2.org.br\/site\/wp-json\/wp\/v2\/posts"}],"about":[{"href":"https:\/\/www.caritasne2.org.br\/site\/wp-json\/wp\/v2\/types\/post"}],"author":[{"embeddable":true,"href":"https:\/\/www.caritasne2.org.br\/site\/wp-json\/wp\/v2\/users\/4"}],"replies":[{"embeddable":true,"href":"https:\/\/www.caritasne2.org.br\/site\/wp-json\/wp\/v2\/comments?post=1575"}],"version-history":[{"count":0,"href":"https:\/\/www.caritasne2.org.br\/site\/wp-json\/wp\/v2\/posts\/1575\/revisions"}],"wp:featuredmedia":[{"embeddable":true,"href":"https:\/\/www.caritasne2.org.br\/site\/wp-json\/"}],"wp:attachment":[{"href":"https:\/\/www.caritasne2.org.br\/site\/wp-json\/wp\/v2\/media?parent=1575"}],"wp:term":[{"taxonomy":"category","embeddable":true,"href":"https:\/\/www.caritasne2.org.br\/site\/wp-json\/wp\/v2\/categories?post=1575"},{"taxonomy":"post_tag","embeddable":true,"href":"https:\/\/www.caritasne2.org.br\/site\/wp-json\/wp\/v2\/tags?post=1575"}],"curies":[{"name":"wp","href":"https:\/\/api.w.org\/{rel}","templated":true}]}}