{"id":1563,"date":"2014-01-27T11:35:40","date_gmt":"2014-01-27T13:35:40","guid":{"rendered":"http:\/\/ne2.caritas.org.br.s174889.gridserver.com\/?p=1563"},"modified":"2017-07-11T15:22:48","modified_gmt":"2017-07-11T18:22:48","slug":"governo-paraguaio-conhece-experiencias-da-asa-em-pernambuco","status":"publish","type":"post","link":"https:\/\/www.caritasne2.org.br\/site\/governo-paraguaio-conhece-experiencias-da-asa-em-pernambuco\/","title":{"rendered":"Governo paraguaio conhece experi\u00eancias da ASA em Pernambuco"},"content":{"rendered":"<p style=\"text-align: justify;\">O ministro de Emerg\u00eancia Nacional do Paraguai, Joaquim Roa, acompanhado de uma delega\u00e7\u00e3o do minist\u00e9rio paraguaio, visitoue trocou experi\u00eancias de conviv\u00eancia com o Semi\u00e1rido. A iniciativa do interc\u00e2mbio foi fruto da Articula\u00e7\u00e3o no Semi\u00e1rido Brasileiro (ASA), Diocese de Pesqueira e Funda\u00e7\u00e3o AVINA.<\/p>\n<p style=\"text-align: justify;\">O ministro e a delega\u00e7\u00e3o do Paraguai conheceram algumas a\u00e7\u00f5es estrat\u00e9gicas de conviv\u00eancia desenvolvidas pela ASA, como as cisternas de placas de 16 mil litros d\u2019\u00e1gua, cisterna cal\u00e7ad\u00e3o de 52 mli litros, barragem subterr\u00e2nea e bomba d\u2019\u00e1gua popular. Essas tecnologias garantem a capta\u00e7\u00e3o d\u2019\u00e1gua da chuva o ano todo para as fam\u00edlias agriculturas beberem, cozinharem e plantarem. S\u00e3o essas tecnologias que t\u00eam ajudado e amenizado a popula\u00e7\u00e3o do Semi\u00e1rido a atravessar essa estiagem prolongada. \u00ac<\/p>\n<p style=\"text-align: justify;\">No Paraguai, h\u00e1 uma regi\u00e3o muito similar com o Semi\u00e1rido brasileiro, que \u00e9 o Grande Chaco. Uma \u00e1rea de clima seco com diversidade biol\u00f3gica e muito populosa. Possui um milh\u00e3o de quil\u00f4metros quadrados localizados no centro do continente Sul-americano, al\u00e9m da Rep\u00fablica Paraguaia faz fronteira com Argentina e Bol\u00edvia. \u00c9 nesse espa\u00e7o geogr\u00e1fico que e se apresenta, ao mesmo tempo, a diversidade e as urg\u00eancias sociais gritantes e uma forte press\u00e3o sobre o ambiente. Um lugar com fome de desenvolvimento equitativo e sustent\u00e1vel em benef\u00edcio da humanidade.<\/p>\n<p style=\"text-align: justify;\">Por tr\u00eas dias a delega\u00e7\u00e3o conheceu e trocou experi\u00eancias sobre as a\u00e7\u00f5es e tecnologias de conviv\u00eancia. No S\u00edtio Cafund\u00f3 em Bu\u00edque, foram recebidos pelo agricultor Manoel Silva, onde conheceram as cisternas de 16 mil litros e 52 mil de placas.Entenderam como funciona abomba d\u2019\u00e1gua popular e como essa tecnologia salvou a vida de toda a comunidade, que chegava a caminhar, mais de 10 km para conseguir \u00e1gua para consumo humano.<\/p>\n<p style=\"text-align: justify;\">Ainda em Bu\u00edque, conheceram outras a\u00e7\u00f5es na linha deacesso \u00e0 \u00e1gua, e formas de organiza\u00e7\u00e3o comunit\u00e1ria e de comercializa\u00e7\u00e3o como a barragem subterr\u00e2nea e barraginha. A comitiva foi recebida na associa\u00e7\u00e3o de moradores onde ouviram depoimentos sobre mudan\u00e7a de vida , ap\u00f3s a implementa\u00e7\u00e3o das tecnologias.<\/p>\n<p style=\"text-align: justify;\">Depoimentos como de Dona Lourdes, que falaemocionada o quanto a sua vida mudou ap\u00f3s as implementa\u00e7\u00f5es. \u201c Antes eu n\u00e3o tinha \u00e1gua para beber, plantar ou cozinhar. Hoje eu negocio o que planto na feira. E ainda sobre para alimentar minha fam\u00edlia\u201d.<\/p>\n<p style=\"text-align: justify;\">Para a secret\u00e1ria executiva daC\u00e1ritas Diocesana de Pesqueira e coordenadora da ASA em Pernambuco, Neilda Pereira, a visita do ministro, com sua equipe, consolida a caminhada de constru\u00e7\u00e3o de um novo Semi\u00e1rido. \u201cO conjunto de a\u00e7\u00f5es desenvolvidas pela ASA mostra que estamos contribuindo e fazendo pol\u00edticas p\u00fablicas.Esse interc\u00e2mbio do governo paraguaio refor\u00e7a que estamos tamb\u00e9m no caminho de iniciativas estruturantes e transformadoras para a regi\u00e3o\u201d, disse.<\/p>\n<p style=\"text-align: justify;\">No segundodia a delega\u00e7\u00e3o foi recebida pelo Secret\u00e1rio de Agricultura e Reforma Agr\u00e1ria do Estado,Aldo Santos, na sede do IPA( Instituto Agron\u00f4mico de Pernambuco). Na ocasi\u00e3oo secret\u00e1rio, apresentou \u00e0 comitiva o trabalho que tem sido feito pelo Estado e o sucesso na parceria coma ASA em Pernambuco.<\/p>\n<p style=\"text-align: justify;\">ParaCelso Ayala, diretor do Servi\u00e7o Nacional de Saneamento Ambiental as institui\u00e7\u00f5es est\u00e3o de parab\u00e9ns pelo trabalho desenvolvido.\u201c Estou surpreso e encantado como todo o que vi e ouvi. Levo para o Paraguai , uma outra vis\u00e3o sobre seca e falta d\u2019\u00e1gua\u201d, finaliza.<\/p>\n<p style=\"text-align: justify;\">Parafinalizarforamrecebidosna sededaAp1MC ( Associa\u00e7\u00e3o Programa Um Milh\u00e3o de Cisternas), onde conheceram a fundo todo o funcionamento da rede. Suas atividades, projetos,organograma operacional,atribui\u00e7\u00f5es e programas executados como o P1MC( Programa Um milh\u00e3o de cisternas).Em seguidaforam recebidos pelo gerente geral do Prorural ( Programa Estadual de Apoio ao Pequeno Produtor Rural), Walmar Juc\u00e1, na sede da institui\u00e7\u00e3o, onde foram apresentados os projetos de desenvolvimento integrado e sustent\u00e1vel, voltados para a melhoria da qualidade de vida e gera\u00e7\u00e3o de renda das comunidades rurais.<\/p>\n<p style=\"text-align: justify;\">O ministro declarouestar satisfeito com o interc\u00e2mbio, o que viu e aprendeu .\u201cSa\u00edmos muitos felizes, eu e minha equipe, com tudo que vimos e vivenciamos aqui. Aprendemos muito com as fam\u00edlias agricultoras desde a hora que chegamos. A ideia \u00e9 replicarmos essas estrat\u00e9gicas e metodologias de conviv\u00eancia da ASA e transform\u00e1-las em pol\u00edticas p\u00fablicas\u201d, falou orgulhoso Joaquim Roa.<\/p>\n<p><a href=\"http:\/\/ne2.caritas.org.br.s174889.gridserver.com\/2014\/01\/27\/governo-paraguaio-conhece-experiencias-da-asa-em-pernambuco\/visita-do-ministro-joaquim-roa-2\/\" rel=\"attachment wp-att-1565\"><img decoding=\"async\" loading=\"lazy\" class=\"wp-image-1565 alignleft\" title=\"visita do ministro joaquim roa 2\" src=\"http:\/\/ne2.caritas.org.br.s174889.gridserver.com\/wp-content\/uploads\/2014\/01\/visita-do-ministro-joaquim-roa-2.jpg\" alt=\"\" width=\"223\" height=\"223\" \/><\/a><a href=\"http:\/\/ne2.caritas.org.br.s174889.gridserver.com\/2014\/01\/27\/governo-paraguaio-conhece-experiencias-da-asa-em-pernambuco\/visita-do-ministro-joaquim-roa-3\/\" rel=\"attachment wp-att-1566\"><img decoding=\"async\" loading=\"lazy\" class=\"aligncenter  wp-image-1566\" title=\"visita do ministro joaquim roa 3\" src=\"http:\/\/ne2.caritas.org.br.s174889.gridserver.com\/wp-content\/uploads\/2014\/01\/visita-do-ministro-joaquim-roa-3.jpg\" alt=\"\" width=\"221\" height=\"221\" \/><\/a><\/p>\n<p style=\"text-align: justify;\">Por DanielFerreira eFabianaFrancelino | Comunicadores C\u00e1ritas Diocesana de Pesqueira.<\/p>\n<p>&nbsp;<\/p>\n<p>&nbsp;<\/p>\n<ul class=\"ssb_list_wrapper\"><li class=\"fb2\" style=\"width:135px\"><iframe src=\"\/\/www.facebook.com\/plugins\/like.php?href=https%3A%2F%2Fwww.caritasne2.org.br%2Fsite%2Fgoverno-paraguaio-conhece-experiencias-da-asa-em-pernambuco%2F&amp;layout=button_count&amp;action=like&amp;show_faces=false&amp;share=true&amp;width=135&amp;height=21&amp;appId=307091639398582\" scrolling=\"no\" frameborder=\"0\" style=\"border:none; overflow:hidden;  width:150px; height:21px;\" allowTransparency=\"true\"><\/iframe><\/li><li class=\"twtr\" style=\"width:90px\"><a href=\"https:\/\/twitter.com\/share\" class=\"twitter-share-button\" data-url=\"https:\/\/www.caritasne2.org.br\/site\/governo-paraguaio-conhece-experiencias-da-asa-em-pernambuco\/\">&nbsp;<\/a><script>!function(d,s,id){var js,fjs=d.getElementsByTagName(s)[0],p=\/^http:\/.test(d.location)?'http':'https';if(!d.getElementById(id)){js=d.createElement(s);js.id=id;js.src=p+':\/\/platform.twitter.com\/widgets.js';fjs.parentNode.insertBefore(js,fjs);}}(document, 'script', 'twitter-wjs');<\/script><\/li><li class=\"gplus\" style=\"width:68px\"><div class=\"g-plusone\" data-size=\"medium\" data-href=\"https:\/\/www.caritasne2.org.br\/site\/governo-paraguaio-conhece-experiencias-da-asa-em-pernambuco\/\"><\/div><\/li><li class=\"ssb_linkedin\" style=\"width:64px\"><script src=\"\/\/platform.linkedin.com\/in.js\" type=\"text\/javascript\">lang: en_US<\/script><script type=\"IN\/Share\" data-url=\"https:\/\/www.caritasne2.org.br\/site\/governo-paraguaio-conhece-experiencias-da-asa-em-pernambuco\/\" data-counter=\"right\"><\/script><\/li><\/ul>","protected":false},"excerpt":{"rendered":"<p>O ministro de Emerg\u00eancia Nacional do Paraguai, Joaquim Roa, acompanhado de uma delega\u00e7\u00e3o do minist\u00e9rio paraguaio, visitoue trocou experi\u00eancias de conviv\u00eancia com o Semi\u00e1rido. A iniciativa do interc\u00e2mbio foi fruto da Articula\u00e7\u00e3o no Semi\u00e1rido Brasileiro (ASA), Diocese de Pesqueira e Funda\u00e7\u00e3o AVINA. O ministro e a delega\u00e7\u00e3o do Paraguai conheceram algumas a\u00e7\u00f5es estrat\u00e9gicas de conviv\u00eancia desenvolvidas pela ASA, como as cisternas de placas de 16 [&hellip;]<\/p>\n<ul class=\"ssb_list_wrapper\"><li class=\"fb2\" style=\"width:135px\"><iframe src=\"\/\/www.facebook.com\/plugins\/like.php?href=https%3A%2F%2Fwww.caritasne2.org.br%2Fsite%2Fgoverno-paraguaio-conhece-experiencias-da-asa-em-pernambuco%2F&amp;layout=button_count&amp;action=like&amp;show_faces=false&amp;share=true&amp;width=135&amp;height=21&amp;appId=307091639398582\" scrolling=\"no\" frameborder=\"0\" style=\"border:none; overflow:hidden;  width:150px; height:21px;\" allowTransparency=\"true\"><\/iframe><\/li><li class=\"twtr\" style=\"width:90px\"><a href=\"https:\/\/twitter.com\/share\" class=\"twitter-share-button\" data-url=\"https:\/\/www.caritasne2.org.br\/site\/governo-paraguaio-conhece-experiencias-da-asa-em-pernambuco\/\">&nbsp;<\/a><script>!function(d,s,id){var js,fjs=d.getElementsByTagName(s)[0],p=\/^http:\/.test(d.location)?'http':'https';if(!d.getElementById(id)){js=d.createElement(s);js.id=id;js.src=p+':\/\/platform.twitter.com\/widgets.js';fjs.parentNode.insertBefore(js,fjs);}}(document, 'script', 'twitter-wjs');<\/script><\/li><li class=\"gplus\" style=\"width:68px\"><div class=\"g-plusone\" data-size=\"medium\" data-href=\"https:\/\/www.caritasne2.org.br\/site\/governo-paraguaio-conhece-experiencias-da-asa-em-pernambuco\/\"><\/div><\/li><li class=\"ssb_linkedin\" style=\"width:64px\"><script src=\"\/\/platform.linkedin.com\/in.js\" type=\"text\/javascript\">lang: en_US<\/script><script type=\"IN\/Share\" data-url=\"https:\/\/www.caritasne2.org.br\/site\/governo-paraguaio-conhece-experiencias-da-asa-em-pernambuco\/\" data-counter=\"right\"><\/script><\/li><\/ul>","protected":false},"author":4,"featured_media":1564,"comment_status":"open","ping_status":"open","sticky":false,"template":"","format":"standard","meta":[],"categories":[72,20],"tags":[352,67,163,353],"_links":{"self":[{"href":"https:\/\/www.caritasne2.org.br\/site\/wp-json\/wp\/v2\/posts\/1563"}],"collection":[{"href":"https:\/\/www.caritasne2.org.br\/site\/wp-json\/wp\/v2\/posts"}],"about":[{"href":"https:\/\/www.caritasne2.org.br\/site\/wp-json\/wp\/v2\/types\/post"}],"author":[{"embeddable":true,"href":"https:\/\/www.caritasne2.org.br\/site\/wp-json\/wp\/v2\/users\/4"}],"replies":[{"embeddable":true,"href":"https:\/\/www.caritasne2.org.br\/site\/wp-json\/wp\/v2\/comments?post=1563"}],"version-history":[{"count":0,"href":"https:\/\/www.caritasne2.org.br\/site\/wp-json\/wp\/v2\/posts\/1563\/revisions"}],"wp:featuredmedia":[{"embeddable":true,"href":"https:\/\/www.caritasne2.org.br\/site\/wp-json\/"}],"wp:attachment":[{"href":"https:\/\/www.caritasne2.org.br\/site\/wp-json\/wp\/v2\/media?parent=1563"}],"wp:term":[{"taxonomy":"category","embeddable":true,"href":"https:\/\/www.caritasne2.org.br\/site\/wp-json\/wp\/v2\/categories?post=1563"},{"taxonomy":"post_tag","embeddable":true,"href":"https:\/\/www.caritasne2.org.br\/site\/wp-json\/wp\/v2\/tags?post=1563"}],"curies":[{"name":"wp","href":"https:\/\/api.w.org\/{rel}","templated":true}]}}