{"id":1560,"date":"2014-01-22T10:46:42","date_gmt":"2014-01-22T12:46:42","guid":{"rendered":"http:\/\/ne2.caritas.org.br.s174889.gridserver.com\/?p=1560"},"modified":"2017-07-11T15:22:49","modified_gmt":"2017-07-11T18:22:49","slug":"caritas-entidades-cristas-reforcar-rede-planetaria-contra-trafico-humano","status":"publish","type":"post","link":"https:\/\/www.caritasne2.org.br\/site\/caritas-entidades-cristas-reforcar-rede-planetaria-contra-trafico-humano\/","title":{"rendered":"C\u00e1ritas e entidades crist\u00e3s: \u201crefor\u00e7ar rede planet\u00e1ria contra tr\u00e1fico humano\u201d"},"content":{"rendered":"<p style=\"text-align: justify;\">Especialistas de organiza\u00e7\u00f5es eclesi\u00e1sticas de todo o mundo participam na capital espanhola, desde segunda-feira, 20, at\u00e9 quarta-feira, 22, da reuni\u00e3o bienal de afiliados a COATNET (Christian Organizations Against Trafficking in Human Beings), Rede de Organiza\u00e7\u00f5es Crist\u00e3s contra o Tr\u00e1fico de Seres Humanos.<\/p>\n<p style=\"text-align: justify;\">O objetivo da C\u00e1ritas Espanha e da Caritas Internationalis, que patrocinam o evento, vai al\u00e9m da troca de experi\u00eancias e opini\u00f5es, querendo refor\u00e7ar uma rede planet\u00e1ria capaz de agir com mais sintonia. A partir da\u00ed, deve emergir um programa de trabalho e atua\u00e7\u00e3o para o bi\u00eanio 2014\/15.<\/p>\n<p style=\"text-align: justify;\">Maria Cristina dos Anjos, diretora executiva nacional da C\u00e1ritas Brasileira, participa do evento junto com Rosely C\u00e2ndido, coordenadora da Pastoral da Mulher Marginalizada.<\/p>\n<p style=\"text-align: justify;\">Na primeira palestra, a Defensora P\u00fablica Soledad Becerril falou sobre \u201cas v\u00edtimas invis\u00edveis: o tr\u00e1fico de pessoas na Espanha\u201d. A apresenta\u00e7\u00e3o foi resultado de um trabalho de investiga\u00e7\u00e3o sobre mais de 100 casos de tr\u00e1fico; entrevistas com 59 v\u00edtimas e um retrato detalhado da situa\u00e7\u00e3o deste grave delito no pa\u00eds.<\/p>\n<p style=\"text-align: justify;\">O informe constata que os mecanismos de deten\u00e7\u00e3o das v\u00edtimas ou das potenciais v\u00edtimas n\u00e3o est\u00e3o funcionando adequadamente e reclama uma maior participa\u00e7\u00e3o das entidades nestes processos e na assist\u00eancia a estas pessoas.<\/p>\n<p style=\"text-align: justify;\">O tr\u00e1fico de pessoas \u00e9 uma forma de escravid\u00e3o moderna, uma viola\u00e7\u00e3o dos Direitos Humanos que constitui um crime contra a dignidade humana e contra a seguran\u00e7a do Estado, al\u00e9m de ser uma das formas mais brutais de viol\u00eancia exercida sobre mulheres.<\/p>\n<p style=\"text-align: justify;\">\u00a0O Papa Francisco se expressou sobre a quest\u00e3o muitas vezes. No \u00faltimo dia 12 de dezembro, em discurso a embaixadores, definiu o fen\u00f4meno como \u201cum crime contra a humanidade\u201d. Em novembro de 2013, o Pont\u00edfice promoveu, por meio da Pontif\u00edcia Academia das Ci\u00eancias, um congresso sobre o tema, com a colabora\u00e7\u00e3o das Associa\u00e7\u00f5es m\u00e9dico-cat\u00f3licas de todo o mundo.<\/p>\n<p style=\"text-align: justify;\">\u00a0Fonte: R\u00e1dio Vaticano<\/p>\n<ul class=\"ssb_list_wrapper\"><li class=\"fb2\" style=\"width:135px\"><iframe src=\"\/\/www.facebook.com\/plugins\/like.php?href=https%3A%2F%2Fwww.caritasne2.org.br%2Fsite%2Fcaritas-entidades-cristas-reforcar-rede-planetaria-contra-trafico-humano%2F&amp;layout=button_count&amp;action=like&amp;show_faces=false&amp;share=true&amp;width=135&amp;height=21&amp;appId=307091639398582\" scrolling=\"no\" frameborder=\"0\" style=\"border:none; overflow:hidden;  width:150px; height:21px;\" allowTransparency=\"true\"><\/iframe><\/li><li class=\"twtr\" style=\"width:90px\"><a href=\"https:\/\/twitter.com\/share\" class=\"twitter-share-button\" data-url=\"https:\/\/www.caritasne2.org.br\/site\/caritas-entidades-cristas-reforcar-rede-planetaria-contra-trafico-humano\/\">&nbsp;<\/a><script>!function(d,s,id){var js,fjs=d.getElementsByTagName(s)[0],p=\/^http:\/.test(d.location)?'http':'https';if(!d.getElementById(id)){js=d.createElement(s);js.id=id;js.src=p+':\/\/platform.twitter.com\/widgets.js';fjs.parentNode.insertBefore(js,fjs);}}(document, 'script', 'twitter-wjs');<\/script><\/li><li class=\"gplus\" style=\"width:68px\"><div class=\"g-plusone\" data-size=\"medium\" data-href=\"https:\/\/www.caritasne2.org.br\/site\/caritas-entidades-cristas-reforcar-rede-planetaria-contra-trafico-humano\/\"><\/div><\/li><li class=\"ssb_linkedin\" style=\"width:64px\"><script src=\"\/\/platform.linkedin.com\/in.js\" type=\"text\/javascript\">lang: en_US<\/script><script type=\"IN\/Share\" data-url=\"https:\/\/www.caritasne2.org.br\/site\/caritas-entidades-cristas-reforcar-rede-planetaria-contra-trafico-humano\/\" data-counter=\"right\"><\/script><\/li><\/ul>","protected":false},"excerpt":{"rendered":"<p>Especialistas de organiza\u00e7\u00f5es eclesi\u00e1sticas de todo o mundo participam na capital espanhola, desde segunda-feira, 20, at\u00e9 quarta-feira, 22, da reuni\u00e3o bienal de afiliados a COATNET (Christian Organizations Against Trafficking in Human Beings), Rede de Organiza\u00e7\u00f5es Crist\u00e3s contra o Tr\u00e1fico de Seres Humanos. O objetivo da C\u00e1ritas Espanha e da Caritas Internationalis, que patrocinam o evento, vai al\u00e9m da troca de experi\u00eancias e opini\u00f5es, querendo refor\u00e7ar [&hellip;]<\/p>\n<ul class=\"ssb_list_wrapper\"><li class=\"fb2\" style=\"width:135px\"><iframe src=\"\/\/www.facebook.com\/plugins\/like.php?href=https%3A%2F%2Fwww.caritasne2.org.br%2Fsite%2Fcaritas-entidades-cristas-reforcar-rede-planetaria-contra-trafico-humano%2F&amp;layout=button_count&amp;action=like&amp;show_faces=false&amp;share=true&amp;width=135&amp;height=21&amp;appId=307091639398582\" scrolling=\"no\" frameborder=\"0\" style=\"border:none; overflow:hidden;  width:150px; height:21px;\" allowTransparency=\"true\"><\/iframe><\/li><li class=\"twtr\" style=\"width:90px\"><a href=\"https:\/\/twitter.com\/share\" class=\"twitter-share-button\" data-url=\"https:\/\/www.caritasne2.org.br\/site\/caritas-entidades-cristas-reforcar-rede-planetaria-contra-trafico-humano\/\">&nbsp;<\/a><script>!function(d,s,id){var js,fjs=d.getElementsByTagName(s)[0],p=\/^http:\/.test(d.location)?'http':'https';if(!d.getElementById(id)){js=d.createElement(s);js.id=id;js.src=p+':\/\/platform.twitter.com\/widgets.js';fjs.parentNode.insertBefore(js,fjs);}}(document, 'script', 'twitter-wjs');<\/script><\/li><li class=\"gplus\" style=\"width:68px\"><div class=\"g-plusone\" data-size=\"medium\" data-href=\"https:\/\/www.caritasne2.org.br\/site\/caritas-entidades-cristas-reforcar-rede-planetaria-contra-trafico-humano\/\"><\/div><\/li><li class=\"ssb_linkedin\" style=\"width:64px\"><script src=\"\/\/platform.linkedin.com\/in.js\" type=\"text\/javascript\">lang: en_US<\/script><script type=\"IN\/Share\" data-url=\"https:\/\/www.caritasne2.org.br\/site\/caritas-entidades-cristas-reforcar-rede-planetaria-contra-trafico-humano\/\" data-counter=\"right\"><\/script><\/li><\/ul>","protected":false},"author":4,"featured_media":1561,"comment_status":"open","ping_status":"open","sticky":false,"template":"","format":"standard","meta":[],"categories":[20],"tags":[67,349,217,350],"_links":{"self":[{"href":"https:\/\/www.caritasne2.org.br\/site\/wp-json\/wp\/v2\/posts\/1560"}],"collection":[{"href":"https:\/\/www.caritasne2.org.br\/site\/wp-json\/wp\/v2\/posts"}],"about":[{"href":"https:\/\/www.caritasne2.org.br\/site\/wp-json\/wp\/v2\/types\/post"}],"author":[{"embeddable":true,"href":"https:\/\/www.caritasne2.org.br\/site\/wp-json\/wp\/v2\/users\/4"}],"replies":[{"embeddable":true,"href":"https:\/\/www.caritasne2.org.br\/site\/wp-json\/wp\/v2\/comments?post=1560"}],"version-history":[{"count":0,"href":"https:\/\/www.caritasne2.org.br\/site\/wp-json\/wp\/v2\/posts\/1560\/revisions"}],"wp:featuredmedia":[{"embeddable":true,"href":"https:\/\/www.caritasne2.org.br\/site\/wp-json\/"}],"wp:attachment":[{"href":"https:\/\/www.caritasne2.org.br\/site\/wp-json\/wp\/v2\/media?parent=1560"}],"wp:term":[{"taxonomy":"category","embeddable":true,"href":"https:\/\/www.caritasne2.org.br\/site\/wp-json\/wp\/v2\/categories?post=1560"},{"taxonomy":"post_tag","embeddable":true,"href":"https:\/\/www.caritasne2.org.br\/site\/wp-json\/wp\/v2\/tags?post=1560"}],"curies":[{"name":"wp","href":"https:\/\/api.w.org\/{rel}","templated":true}]}}