{"id":1554,"date":"2013-12-18T16:41:18","date_gmt":"2013-12-18T18:41:18","guid":{"rendered":"http:\/\/ne2.caritas.org.br.s174889.gridserver.com\/?p=1554"},"modified":"2017-07-11T15:22:49","modified_gmt":"2017-07-11T18:22:49","slug":"nota-de-esclarecimento-por-ocasiao-de-noticia-publicada-na-folha-de-sao-paulo","status":"publish","type":"post","link":"https:\/\/www.caritasne2.org.br\/site\/nota-de-esclarecimento-por-ocasiao-de-noticia-publicada-na-folha-de-sao-paulo\/","title":{"rendered":"NOTA DE ESCLARECIMENTO \u2013 por ocasi\u00e3o de not\u00edcia publicada na Folha de S\u00e3o Paulo"},"content":{"rendered":"<p style=\"text-align: justify;\">A C\u00e1ritas Brasileira vem a p\u00fablico reafirmar que a Campanha Mundial Uma fam\u00edlia humana, p\u00e3o e justi\u00e7a para todas as pessoas, lan\u00e7ada em Bras\u00edlia (DF) no \u00faltimo dia 10 de dezembro, n\u00e3o tem o objetivo de \u201cestimular discuss\u00f5es e propostas para uma sa\u00edda do Bolsa Fam\u00edlia\u201d, conforme informado em not\u00edcia publicada ontem, dia 17 de dezembro de 2013, no jornal Folha de S\u00e3o Paulo (vers\u00e3o impressa e on-line).<\/p>\n<p style=\"text-align: justify;\">\u00a0A campanha, que, no Brasil, vai at\u00e9 2015, pretende sensibilizar e mobilizar a sociedade sobre a realidade da fome, da mis\u00e9ria e das desigualdades no pa\u00eds. A alimenta\u00e7\u00e3o adequada e de qualidade \u00e9 um direito humano e por isso deve ser garantido a todos os cidad\u00e3os e cidad\u00e3s de forma igualit\u00e1ria.<\/p>\n<p style=\"text-align: justify;\">A C\u00e1ritas Brasileira reconhece a importante a\u00e7\u00e3o realizada pelo Governo Federal nos \u00faltimos 12 anos no enfrentamento a pobreza, bem como as a\u00e7\u00f5es realizadas pela Igreja e pela sociedade civil, por\u00e9m acredita que muito ainda tem de ser feito.<\/p>\n<p style=\"text-align: justify;\">Para ler a mat\u00e9ria<a href=\"http:\/\/www1.folha.uol.com.br\/poder\/2013\/12\/1386556-bolsa-familia-nao-resolve-diz-grupo-ligado-a-igreja.shtml\"> CLIQUE AQUI<\/a><\/p>\n<p style=\"text-align: justify;\">\u00a0Cordialmente,<\/p>\n<p style=\"text-align: justify;\">\u00a0Dom Fl\u00e1vio Giovenale, bispo de Santar\u00e9m (PA) e presidente da C\u00e1ritas Brasileira<\/p>\n<ul class=\"ssb_list_wrapper\"><li class=\"fb2\" style=\"width:135px\"><iframe src=\"\/\/www.facebook.com\/plugins\/like.php?href=https%3A%2F%2Fwww.caritasne2.org.br%2Fsite%2Fnota-de-esclarecimento-por-ocasiao-de-noticia-publicada-na-folha-de-sao-paulo%2F&amp;layout=button_count&amp;action=like&amp;show_faces=false&amp;share=true&amp;width=135&amp;height=21&amp;appId=307091639398582\" scrolling=\"no\" frameborder=\"0\" style=\"border:none; overflow:hidden;  width:150px; height:21px;\" allowTransparency=\"true\"><\/iframe><\/li><li class=\"twtr\" style=\"width:90px\"><a href=\"https:\/\/twitter.com\/share\" class=\"twitter-share-button\" data-url=\"https:\/\/www.caritasne2.org.br\/site\/nota-de-esclarecimento-por-ocasiao-de-noticia-publicada-na-folha-de-sao-paulo\/\">&nbsp;<\/a><script>!function(d,s,id){var js,fjs=d.getElementsByTagName(s)[0],p=\/^http:\/.test(d.location)?'http':'https';if(!d.getElementById(id)){js=d.createElement(s);js.id=id;js.src=p+':\/\/platform.twitter.com\/widgets.js';fjs.parentNode.insertBefore(js,fjs);}}(document, 'script', 'twitter-wjs');<\/script><\/li><li class=\"gplus\" style=\"width:68px\"><div class=\"g-plusone\" data-size=\"medium\" data-href=\"https:\/\/www.caritasne2.org.br\/site\/nota-de-esclarecimento-por-ocasiao-de-noticia-publicada-na-folha-de-sao-paulo\/\"><\/div><\/li><li class=\"ssb_linkedin\" style=\"width:64px\"><script src=\"\/\/platform.linkedin.com\/in.js\" type=\"text\/javascript\">lang: en_US<\/script><script type=\"IN\/Share\" data-url=\"https:\/\/www.caritasne2.org.br\/site\/nota-de-esclarecimento-por-ocasiao-de-noticia-publicada-na-folha-de-sao-paulo\/\" data-counter=\"right\"><\/script><\/li><\/ul>","protected":false},"excerpt":{"rendered":"<p>A C\u00e1ritas Brasileira vem a p\u00fablico reafirmar que a Campanha Mundial Uma fam\u00edlia humana, p\u00e3o e justi\u00e7a para todas as pessoas, lan\u00e7ada em Bras\u00edlia (DF) no \u00faltimo dia 10 de dezembro, n\u00e3o tem o objetivo de \u201cestimular discuss\u00f5es e propostas para uma sa\u00edda do Bolsa Fam\u00edlia\u201d, conforme informado em not\u00edcia publicada ontem, dia 17 de dezembro de 2013, no jornal Folha de S\u00e3o Paulo (vers\u00e3o [&hellip;]<\/p>\n<ul class=\"ssb_list_wrapper\"><li class=\"fb2\" style=\"width:135px\"><iframe src=\"\/\/www.facebook.com\/plugins\/like.php?href=https%3A%2F%2Fwww.caritasne2.org.br%2Fsite%2Fnota-de-esclarecimento-por-ocasiao-de-noticia-publicada-na-folha-de-sao-paulo%2F&amp;layout=button_count&amp;action=like&amp;show_faces=false&amp;share=true&amp;width=135&amp;height=21&amp;appId=307091639398582\" scrolling=\"no\" frameborder=\"0\" style=\"border:none; overflow:hidden;  width:150px; height:21px;\" allowTransparency=\"true\"><\/iframe><\/li><li class=\"twtr\" style=\"width:90px\"><a href=\"https:\/\/twitter.com\/share\" class=\"twitter-share-button\" data-url=\"https:\/\/www.caritasne2.org.br\/site\/nota-de-esclarecimento-por-ocasiao-de-noticia-publicada-na-folha-de-sao-paulo\/\">&nbsp;<\/a><script>!function(d,s,id){var js,fjs=d.getElementsByTagName(s)[0],p=\/^http:\/.test(d.location)?'http':'https';if(!d.getElementById(id)){js=d.createElement(s);js.id=id;js.src=p+':\/\/platform.twitter.com\/widgets.js';fjs.parentNode.insertBefore(js,fjs);}}(document, 'script', 'twitter-wjs');<\/script><\/li><li class=\"gplus\" style=\"width:68px\"><div class=\"g-plusone\" data-size=\"medium\" data-href=\"https:\/\/www.caritasne2.org.br\/site\/nota-de-esclarecimento-por-ocasiao-de-noticia-publicada-na-folha-de-sao-paulo\/\"><\/div><\/li><li class=\"ssb_linkedin\" style=\"width:64px\"><script src=\"\/\/platform.linkedin.com\/in.js\" type=\"text\/javascript\">lang: en_US<\/script><script type=\"IN\/Share\" data-url=\"https:\/\/www.caritasne2.org.br\/site\/nota-de-esclarecimento-por-ocasiao-de-noticia-publicada-na-folha-de-sao-paulo\/\" data-counter=\"right\"><\/script><\/li><\/ul>","protected":false},"author":4,"featured_media":1555,"comment_status":"open","ping_status":"open","sticky":false,"template":"","format":"standard","meta":[],"categories":[20],"tags":[309,67,348],"_links":{"self":[{"href":"https:\/\/www.caritasne2.org.br\/site\/wp-json\/wp\/v2\/posts\/1554"}],"collection":[{"href":"https:\/\/www.caritasne2.org.br\/site\/wp-json\/wp\/v2\/posts"}],"about":[{"href":"https:\/\/www.caritasne2.org.br\/site\/wp-json\/wp\/v2\/types\/post"}],"author":[{"embeddable":true,"href":"https:\/\/www.caritasne2.org.br\/site\/wp-json\/wp\/v2\/users\/4"}],"replies":[{"embeddable":true,"href":"https:\/\/www.caritasne2.org.br\/site\/wp-json\/wp\/v2\/comments?post=1554"}],"version-history":[{"count":0,"href":"https:\/\/www.caritasne2.org.br\/site\/wp-json\/wp\/v2\/posts\/1554\/revisions"}],"wp:featuredmedia":[{"embeddable":true,"href":"https:\/\/www.caritasne2.org.br\/site\/wp-json\/"}],"wp:attachment":[{"href":"https:\/\/www.caritasne2.org.br\/site\/wp-json\/wp\/v2\/media?parent=1554"}],"wp:term":[{"taxonomy":"category","embeddable":true,"href":"https:\/\/www.caritasne2.org.br\/site\/wp-json\/wp\/v2\/categories?post=1554"},{"taxonomy":"post_tag","embeddable":true,"href":"https:\/\/www.caritasne2.org.br\/site\/wp-json\/wp\/v2\/tags?post=1554"}],"curies":[{"name":"wp","href":"https:\/\/api.w.org\/{rel}","templated":true}]}}