{"id":1545,"date":"2013-12-14T19:04:04","date_gmt":"2013-12-14T21:04:04","guid":{"rendered":"http:\/\/ne2.caritas.org.br.s174889.gridserver.com\/?p=1545"},"modified":"2017-07-11T15:22:49","modified_gmt":"2017-07-11T18:22:49","slug":"caritas-realiza-capacitacao-em-politica-de-protecao-infantil-neste-final-de-semana","status":"publish","type":"post","link":"https:\/\/www.caritasne2.org.br\/site\/caritas-realiza-capacitacao-em-politica-de-protecao-infantil-neste-final-de-semana\/","title":{"rendered":"C\u00e1ritas realiza capacita\u00e7\u00e3o em Pol\u00edtica de Prote\u00e7\u00e3o Infantil neste final de semana"},"content":{"rendered":"<p style=\"text-align: justify;\">Com o objetivo de capacitar e fomentar uma Pol\u00edtica de Prote\u00e7\u00e3o Infantil (PPI), a C\u00e1ritas Brasileira Regional NE 2, atrav\u00e9s do Programa Inf\u00e2ncia, Adolesc\u00eancia e Juventude (PIAJ) promove, neste final de semana o II Encontro de Capacita\u00e7\u00e3o \u201cDiga Sim a Prote\u00e7\u00e3o Infantil \u2013 Pol\u00edtica de Prote\u00e7\u00e3o Infantil\u201d. O evento que teve in\u00edcio na sexta-feira (13) e segue at\u00e9 domingo (15) acontece no audit\u00f3rio da Obra Kolping do Brasil, na cidade de Caruaru (PE).<\/p>\n<p style=\"text-align: justify;\">Durante os tr\u00eas dias de evento, haver\u00e1 uma programa\u00e7\u00e3o que envolve discuss\u00f5es, trocas de experi\u00eancias e uma oficina sobre PPI, tendo como objetivo a constru\u00e7\u00e3o coletiva de uma proposta institucional, que articule novas rela\u00e7\u00f5es entre organiza\u00e7\u00f5es sociais e fam\u00edlias, numa a\u00e7\u00e3o conjunta denominada \u201cDiga Sim a Prote\u00e7\u00e3o Infantil\u201d.<\/p>\n<p style=\"text-align: justify;\">Nessa oficina um dos destaques \u00e9 a participa\u00e7\u00e3o de representantes das fam\u00edlias acompanhadas pelo PIAJ. Al\u00e9m das entidades envolvidas no projeto, entre elas a C\u00e1ritas Diocesana de Palmeira dos \u00cdndios e C\u00e1ritas Diocesana de Penedo, em Alagoas, A\u00e7\u00e3o Social da Diocese de Cajazeiras (ASDICA) e a Associa\u00e7\u00e3o Centro de Conviv\u00eancia Direito de Viver, na Para\u00edba, e o Instituto de Desenvolvimento Social e Cultural (IDESC), em Pernambuco.<\/p>\n<p><a href=\"http:\/\/ne2.caritas.org.br.s174889.gridserver.com\/2013\/12\/14\/caritas-realiza-capacitacao-em-politica-de-protecao-infantil-neste-final-de-semana\/sam_0317\/\" rel=\"attachment wp-att-1548\"><img decoding=\"async\" loading=\"lazy\" class=\"size-medium wp-image-1548 aligncenter\" title=\"SAM_0317\" src=\"http:\/\/ne2.caritas.org.br.s174889.gridserver.com\/wp-content\/uploads\/2013\/12\/SAM_0317-300x225.jpg\" alt=\"\" width=\"300\" height=\"225\" \/><\/a><\/p>\n<p style=\"text-align: justify;\">\n<p style=\"text-align: justify;\">por Kilma Ferreira<\/p>\n<p style=\"text-align: justify;\">\n<ul class=\"ssb_list_wrapper\"><li class=\"fb2\" style=\"width:135px\"><iframe src=\"\/\/www.facebook.com\/plugins\/like.php?href=https%3A%2F%2Fwww.caritasne2.org.br%2Fsite%2Fcaritas-realiza-capacitacao-em-politica-de-protecao-infantil-neste-final-de-semana%2F&amp;layout=button_count&amp;action=like&amp;show_faces=false&amp;share=true&amp;width=135&amp;height=21&amp;appId=307091639398582\" scrolling=\"no\" frameborder=\"0\" style=\"border:none; overflow:hidden;  width:150px; height:21px;\" allowTransparency=\"true\"><\/iframe><\/li><li class=\"twtr\" style=\"width:90px\"><a href=\"https:\/\/twitter.com\/share\" class=\"twitter-share-button\" data-url=\"https:\/\/www.caritasne2.org.br\/site\/caritas-realiza-capacitacao-em-politica-de-protecao-infantil-neste-final-de-semana\/\">&nbsp;<\/a><script>!function(d,s,id){var js,fjs=d.getElementsByTagName(s)[0],p=\/^http:\/.test(d.location)?'http':'https';if(!d.getElementById(id)){js=d.createElement(s);js.id=id;js.src=p+':\/\/platform.twitter.com\/widgets.js';fjs.parentNode.insertBefore(js,fjs);}}(document, 'script', 'twitter-wjs');<\/script><\/li><li class=\"gplus\" style=\"width:68px\"><div class=\"g-plusone\" data-size=\"medium\" data-href=\"https:\/\/www.caritasne2.org.br\/site\/caritas-realiza-capacitacao-em-politica-de-protecao-infantil-neste-final-de-semana\/\"><\/div><\/li><li class=\"ssb_linkedin\" style=\"width:64px\"><script src=\"\/\/platform.linkedin.com\/in.js\" type=\"text\/javascript\">lang: en_US<\/script><script type=\"IN\/Share\" data-url=\"https:\/\/www.caritasne2.org.br\/site\/caritas-realiza-capacitacao-em-politica-de-protecao-infantil-neste-final-de-semana\/\" data-counter=\"right\"><\/script><\/li><\/ul>","protected":false},"excerpt":{"rendered":"<p>Com o objetivo de capacitar e fomentar uma Pol\u00edtica de Prote\u00e7\u00e3o Infantil (PPI), a C\u00e1ritas Brasileira Regional NE 2, atrav\u00e9s do Programa Inf\u00e2ncia, Adolesc\u00eancia e Juventude (PIAJ) promove, neste final de semana o II Encontro de Capacita\u00e7\u00e3o \u201cDiga Sim a Prote\u00e7\u00e3o Infantil \u2013 Pol\u00edtica de Prote\u00e7\u00e3o Infantil\u201d. O evento que teve in\u00edcio na sexta-feira (13) e segue at\u00e9 domingo (15) acontece no audit\u00f3rio da Obra [&hellip;]<\/p>\n<ul class=\"ssb_list_wrapper\"><li class=\"fb2\" style=\"width:135px\"><iframe src=\"\/\/www.facebook.com\/plugins\/like.php?href=https%3A%2F%2Fwww.caritasne2.org.br%2Fsite%2Fcaritas-realiza-capacitacao-em-politica-de-protecao-infantil-neste-final-de-semana%2F&amp;layout=button_count&amp;action=like&amp;show_faces=false&amp;share=true&amp;width=135&amp;height=21&amp;appId=307091639398582\" scrolling=\"no\" frameborder=\"0\" style=\"border:none; overflow:hidden;  width:150px; height:21px;\" allowTransparency=\"true\"><\/iframe><\/li><li class=\"twtr\" style=\"width:90px\"><a href=\"https:\/\/twitter.com\/share\" class=\"twitter-share-button\" data-url=\"https:\/\/www.caritasne2.org.br\/site\/caritas-realiza-capacitacao-em-politica-de-protecao-infantil-neste-final-de-semana\/\">&nbsp;<\/a><script>!function(d,s,id){var js,fjs=d.getElementsByTagName(s)[0],p=\/^http:\/.test(d.location)?'http':'https';if(!d.getElementById(id)){js=d.createElement(s);js.id=id;js.src=p+':\/\/platform.twitter.com\/widgets.js';fjs.parentNode.insertBefore(js,fjs);}}(document, 'script', 'twitter-wjs');<\/script><\/li><li class=\"gplus\" style=\"width:68px\"><div class=\"g-plusone\" data-size=\"medium\" data-href=\"https:\/\/www.caritasne2.org.br\/site\/caritas-realiza-capacitacao-em-politica-de-protecao-infantil-neste-final-de-semana\/\"><\/div><\/li><li class=\"ssb_linkedin\" style=\"width:64px\"><script src=\"\/\/platform.linkedin.com\/in.js\" type=\"text\/javascript\">lang: en_US<\/script><script type=\"IN\/Share\" data-url=\"https:\/\/www.caritasne2.org.br\/site\/caritas-realiza-capacitacao-em-politica-de-protecao-infantil-neste-final-de-semana\/\" data-counter=\"right\"><\/script><\/li><\/ul>","protected":false},"author":4,"featured_media":1547,"comment_status":"open","ping_status":"open","sticky":false,"template":"","format":"standard","meta":[],"categories":[20,105],"tags":[67,87,346,347],"_links":{"self":[{"href":"https:\/\/www.caritasne2.org.br\/site\/wp-json\/wp\/v2\/posts\/1545"}],"collection":[{"href":"https:\/\/www.caritasne2.org.br\/site\/wp-json\/wp\/v2\/posts"}],"about":[{"href":"https:\/\/www.caritasne2.org.br\/site\/wp-json\/wp\/v2\/types\/post"}],"author":[{"embeddable":true,"href":"https:\/\/www.caritasne2.org.br\/site\/wp-json\/wp\/v2\/users\/4"}],"replies":[{"embeddable":true,"href":"https:\/\/www.caritasne2.org.br\/site\/wp-json\/wp\/v2\/comments?post=1545"}],"version-history":[{"count":0,"href":"https:\/\/www.caritasne2.org.br\/site\/wp-json\/wp\/v2\/posts\/1545\/revisions"}],"wp:featuredmedia":[{"embeddable":true,"href":"https:\/\/www.caritasne2.org.br\/site\/wp-json\/"}],"wp:attachment":[{"href":"https:\/\/www.caritasne2.org.br\/site\/wp-json\/wp\/v2\/media?parent=1545"}],"wp:term":[{"taxonomy":"category","embeddable":true,"href":"https:\/\/www.caritasne2.org.br\/site\/wp-json\/wp\/v2\/categories?post=1545"},{"taxonomy":"post_tag","embeddable":true,"href":"https:\/\/www.caritasne2.org.br\/site\/wp-json\/wp\/v2\/tags?post=1545"}],"curies":[{"name":"wp","href":"https:\/\/api.w.org\/{rel}","templated":true}]}}