{"id":1536,"date":"2013-12-12T10:45:40","date_gmt":"2013-12-12T12:45:40","guid":{"rendered":"http:\/\/ne2.caritas.org.br.s174889.gridserver.com\/?p=1536"},"modified":"2017-07-11T15:22:49","modified_gmt":"2017-07-11T18:22:49","slug":"asape-participa-de-mesa-de-debate-na-conferencia-estadual-de-convivencia-semiarido","status":"publish","type":"post","link":"https:\/\/www.caritasne2.org.br\/site\/asape-participa-de-mesa-de-debate-na-conferencia-estadual-de-convivencia-semiarido\/","title":{"rendered":"ASA\/PE participa de mesa de debate na Confer\u00eancia Estadual de Conviv\u00eancia com o Semi\u00e1rido"},"content":{"rendered":"<p style=\"text-align: justify;\">Foi durante a Confer\u00eancia Estadual de Conviv\u00eancia com o Semi\u00e1rido, a secret\u00e1ria executiva da C\u00e1ritas Diocesana de Pesqueira e coordenadora executiva da ASA pelo Estado de Pernambuco, Neilda Pereira, participou da mesa tem\u00e1tica \u201cAn\u00e1lise das Confer\u00eancias Regionais: processo e propostas\u201d na \u00faltima ter\u00e7a-feira (10) no audit\u00f3rio da Faculdade Frassinetti do Recife (Fafire).<\/p>\n<p style=\"text-align: justify;\">Para um p\u00fablico de mais de 300 pessoas, Neilda apresentou as principais contribui\u00e7\u00f5es e demandas para a agricultura familiar agroecol\u00f3gica na perspectiva da conviv\u00eancia com o Semi\u00e1rido e ainda resgatou a participa\u00e7\u00e3o da sociedade civil nos debates. Al\u00e9m dela, estiveram na mesa o secret\u00e1rio estadual de Agricultura e Reforma Agr\u00e1ria, Aldo Santos, secret\u00e1rio executivo da Secretaria de Planejamento e Gest\u00e3o do Estado, Maur\u00edcio Cruz, e o representante do Minist\u00e9rio do Desenvolvimento Agr\u00e1rio (MDA), C\u00e9sar de Oliveira.<\/p>\n<p style=\"text-align: justify;\">Antes da confer\u00eancia estadual, foram realizadas cinco confer\u00eancias regionais no Estado (Sert\u00e3o Central, do S\u00e3o Francisco, Araripe, Itaparica, Moxot\u00f3, Paje\u00fa e Agreste Meridional Central e Setentrional), reunindo mais de mil pessoas. Nesses encontros os participantes formularam propostas de a\u00e7\u00f5es que contribuir\u00e3o para o primeiro Plano Estadual de Conviv\u00eancia com o Semi\u00e1rido em Pernambuco. Em sua fala, o secret\u00e1rio Aldo Santos ressaltou a import\u00e2ncia do Plano Estadual de Conviv\u00eancia com o Semi\u00e1rido. \u201cA ideia \u00e9 que nas pr\u00f3ximas secas a popula\u00e7\u00e3o atravesse a estiagem com menos dificuldades. Quem sabe se no futuro n\u00e3o tenhamos um fundo espec\u00edfico para as a\u00e7\u00f5es de conviv\u00eancia. N\u00e3o estamos querendo fazer a\u00e7\u00f5es de governo, mas sim a\u00e7\u00f5es de Estado &#8211; uma pol\u00edtica de conviv\u00eancia com a\u00e7\u00f5es estruturantes\u201d, refor\u00e7ou.<\/p>\n<p style=\"text-align: justify;\">\u201cAntes as pol\u00edticas eram pensadas dentro dos gabinetes, sem a participa\u00e7\u00e3o da popula\u00e7\u00e3o. Esse plano estadual teve o envolvimento e a mobiliza\u00e7\u00e3o de<a href=\"http:\/\/ne2.caritas.org.br.s174889.gridserver.com\/2013\/12\/12\/asape-participa-de-mesa-de-debate-na-conferencia-estadual-de-convivencia-semiarido\/neilda-conferencia-2\/\" rel=\"attachment wp-att-1542\"><img decoding=\"async\" loading=\"lazy\" class=\"alignright size-medium wp-image-1542\" title=\"Neilda conferencia\" src=\"http:\/\/ne2.caritas.org.br.s174889.gridserver.com\/wp-content\/uploads\/2013\/12\/Neilda-conferencia1-300x225.jpg\" alt=\"\" width=\"300\" height=\"225\" \/><\/a> diversos atores, principalmente a contribui\u00e7\u00e3o da sociedade civil. Precisamos investir no controle social, para que de fato as a\u00e7\u00f5es aconte\u00e7am e contribua para que as pessoas vivam com dignidade no semi\u00e1rido pernambucano.\u201d, destacou Neilda Pereira.<\/p>\n<p style=\"text-align: justify;\">Segundo Neilda, apenas 14 munic\u00edpios (de 122 cidades do Semi\u00e1rido) elaboraram seus planos municipais de conviv\u00eancia. \u201c\u00c9 muito importante que cada munic\u00edpio tenha seu plano, pois \u00e9 dentro do munic\u00edpio que tudo acontece. \u00c9 necess\u00e1rio que as pessoas se vejam e se sintam parte desse processo\u201d, enfatizou.<\/p>\n<p style=\"text-align: justify;\">Ap\u00f3s a explana\u00e7\u00e3o da mesa, abriu para o debate e interven\u00e7\u00f5es do p\u00fablico. Esse momento serviu para os delegados intervirem na discuss\u00e3o com perguntas e proposi\u00e7\u00f5es.<\/p>\n<p style=\"text-align: justify;\">O secret\u00e1rio municipal de agricultura do munic\u00edpio de Oricuri, Paulo Pedro, chamou \u00e0 aten\u00e7\u00e3o que o debate da conviv\u00eancia n\u00e3o \u00e9 novo, mas ressaltou o pioneirismo do Estado em construir o plano estadual. \u201cPela primeira vez Pernambuco realiza uma confer\u00eancia de conviv\u00eancia com o Semi\u00e1rido, \u00e9 um momento hist\u00f3rico n\u00e3o s\u00f3 para o Estado, mas tamb\u00e9m para o Brasil\u201d, disse.<\/p>\n<p style=\"text-align: justify;\">Ainda dentro da pauta, os delegados debateram as estrat\u00e9gias para implementa\u00e7\u00e3o, sistematiza\u00e7\u00e3o e finaliza\u00e7\u00e3o do plano estadual e a sistematiza\u00e7\u00e3o e finaliza\u00e7\u00e3o do plano. A programa\u00e7\u00e3o da confer\u00eancia foi encerrada ainda no final da manh\u00e3.<\/p>\n<p>por\u00a0 Daniel Ferreira | Jornalista da C\u00e1ritas Diocesana de Pesqueira<\/p>\n<p>&nbsp;<\/p>\n<ul class=\"ssb_list_wrapper\"><li class=\"fb2\" style=\"width:135px\"><iframe src=\"\/\/www.facebook.com\/plugins\/like.php?href=https%3A%2F%2Fwww.caritasne2.org.br%2Fsite%2Fasape-participa-de-mesa-de-debate-na-conferencia-estadual-de-convivencia-semiarido%2F&amp;layout=button_count&amp;action=like&amp;show_faces=false&amp;share=true&amp;width=135&amp;height=21&amp;appId=307091639398582\" scrolling=\"no\" frameborder=\"0\" style=\"border:none; overflow:hidden;  width:150px; height:21px;\" allowTransparency=\"true\"><\/iframe><\/li><li class=\"twtr\" style=\"width:90px\"><a href=\"https:\/\/twitter.com\/share\" class=\"twitter-share-button\" data-url=\"https:\/\/www.caritasne2.org.br\/site\/asape-participa-de-mesa-de-debate-na-conferencia-estadual-de-convivencia-semiarido\/\">&nbsp;<\/a><script>!function(d,s,id){var js,fjs=d.getElementsByTagName(s)[0],p=\/^http:\/.test(d.location)?'http':'https';if(!d.getElementById(id)){js=d.createElement(s);js.id=id;js.src=p+':\/\/platform.twitter.com\/widgets.js';fjs.parentNode.insertBefore(js,fjs);}}(document, 'script', 'twitter-wjs');<\/script><\/li><li class=\"gplus\" style=\"width:68px\"><div class=\"g-plusone\" data-size=\"medium\" data-href=\"https:\/\/www.caritasne2.org.br\/site\/asape-participa-de-mesa-de-debate-na-conferencia-estadual-de-convivencia-semiarido\/\"><\/div><\/li><li class=\"ssb_linkedin\" style=\"width:64px\"><script src=\"\/\/platform.linkedin.com\/in.js\" type=\"text\/javascript\">lang: en_US<\/script><script type=\"IN\/Share\" data-url=\"https:\/\/www.caritasne2.org.br\/site\/asape-participa-de-mesa-de-debate-na-conferencia-estadual-de-convivencia-semiarido\/\" data-counter=\"right\"><\/script><\/li><\/ul>","protected":false},"excerpt":{"rendered":"<p>Foi durante a Confer\u00eancia Estadual de Conviv\u00eancia com o Semi\u00e1rido, a secret\u00e1ria executiva da C\u00e1ritas Diocesana de Pesqueira e coordenadora executiva da ASA pelo Estado de Pernambuco, Neilda Pereira, participou da mesa tem\u00e1tica \u201cAn\u00e1lise das Confer\u00eancias Regionais: processo e propostas\u201d na \u00faltima ter\u00e7a-feira (10) no audit\u00f3rio da Faculdade Frassinetti do Recife (Fafire). Para um p\u00fablico de mais de 300 pessoas, Neilda apresentou as principais contribui\u00e7\u00f5es [&hellip;]<\/p>\n<ul class=\"ssb_list_wrapper\"><li class=\"fb2\" style=\"width:135px\"><iframe src=\"\/\/www.facebook.com\/plugins\/like.php?href=https%3A%2F%2Fwww.caritasne2.org.br%2Fsite%2Fasape-participa-de-mesa-de-debate-na-conferencia-estadual-de-convivencia-semiarido%2F&amp;layout=button_count&amp;action=like&amp;show_faces=false&amp;share=true&amp;width=135&amp;height=21&amp;appId=307091639398582\" scrolling=\"no\" frameborder=\"0\" style=\"border:none; overflow:hidden;  width:150px; height:21px;\" allowTransparency=\"true\"><\/iframe><\/li><li class=\"twtr\" style=\"width:90px\"><a href=\"https:\/\/twitter.com\/share\" class=\"twitter-share-button\" data-url=\"https:\/\/www.caritasne2.org.br\/site\/asape-participa-de-mesa-de-debate-na-conferencia-estadual-de-convivencia-semiarido\/\">&nbsp;<\/a><script>!function(d,s,id){var js,fjs=d.getElementsByTagName(s)[0],p=\/^http:\/.test(d.location)?'http':'https';if(!d.getElementById(id)){js=d.createElement(s);js.id=id;js.src=p+':\/\/platform.twitter.com\/widgets.js';fjs.parentNode.insertBefore(js,fjs);}}(document, 'script', 'twitter-wjs');<\/script><\/li><li class=\"gplus\" style=\"width:68px\"><div class=\"g-plusone\" data-size=\"medium\" data-href=\"https:\/\/www.caritasne2.org.br\/site\/asape-participa-de-mesa-de-debate-na-conferencia-estadual-de-convivencia-semiarido\/\"><\/div><\/li><li class=\"ssb_linkedin\" style=\"width:64px\"><script src=\"\/\/platform.linkedin.com\/in.js\" type=\"text\/javascript\">lang: en_US<\/script><script type=\"IN\/Share\" data-url=\"https:\/\/www.caritasne2.org.br\/site\/asape-participa-de-mesa-de-debate-na-conferencia-estadual-de-convivencia-semiarido\/\" data-counter=\"right\"><\/script><\/li><\/ul>","protected":false},"author":4,"featured_media":1537,"comment_status":"open","ping_status":"open","sticky":false,"template":"","format":"standard","meta":[],"categories":[72,20],"tags":[125,313,132,67],"_links":{"self":[{"href":"https:\/\/www.caritasne2.org.br\/site\/wp-json\/wp\/v2\/posts\/1536"}],"collection":[{"href":"https:\/\/www.caritasne2.org.br\/site\/wp-json\/wp\/v2\/posts"}],"about":[{"href":"https:\/\/www.caritasne2.org.br\/site\/wp-json\/wp\/v2\/types\/post"}],"author":[{"embeddable":true,"href":"https:\/\/www.caritasne2.org.br\/site\/wp-json\/wp\/v2\/users\/4"}],"replies":[{"embeddable":true,"href":"https:\/\/www.caritasne2.org.br\/site\/wp-json\/wp\/v2\/comments?post=1536"}],"version-history":[{"count":0,"href":"https:\/\/www.caritasne2.org.br\/site\/wp-json\/wp\/v2\/posts\/1536\/revisions"}],"wp:featuredmedia":[{"embeddable":true,"href":"https:\/\/www.caritasne2.org.br\/site\/wp-json\/"}],"wp:attachment":[{"href":"https:\/\/www.caritasne2.org.br\/site\/wp-json\/wp\/v2\/media?parent=1536"}],"wp:term":[{"taxonomy":"category","embeddable":true,"href":"https:\/\/www.caritasne2.org.br\/site\/wp-json\/wp\/v2\/categories?post=1536"},{"taxonomy":"post_tag","embeddable":true,"href":"https:\/\/www.caritasne2.org.br\/site\/wp-json\/wp\/v2\/tags?post=1536"}],"curies":[{"name":"wp","href":"https:\/\/api.w.org\/{rel}","templated":true}]}}