{"id":1529,"date":"2013-12-11T17:40:34","date_gmt":"2013-12-11T19:40:34","guid":{"rendered":"http:\/\/ne2.caritas.org.br.s174889.gridserver.com\/?p=1529"},"modified":"2017-07-11T15:22:49","modified_gmt":"2017-07-11T18:22:49","slug":"caritas-realiza-intercambio-interestadual-agricultores","status":"publish","type":"post","link":"https:\/\/www.caritasne2.org.br\/site\/caritas-realiza-intercambio-interestadual-agricultores\/","title":{"rendered":"C\u00e1ritas realiza interc\u00e2mbio interestadual com agricultores"},"content":{"rendered":"<p style=\"text-align: justify;\">A C\u00e1ritas Brasileira Regional Nordeste 2 realizou, nos dias 03 e 04 deste m\u00eas, um interc\u00e2mbio interestadual com agricultoras e agricultores contemplados pelo Programa Uma Terra e Duas \u00c1guas (P1+2). Ao todo, foram visitadas quatro experi\u00eancias acompanhadas pela Cooperativa dos Pequenos Produtores Agr\u00edcolas dos Bancos Comunit\u00e1rios de Sementes (Coppabacs), no Sert\u00e3o, em Alagoas. O agente C\u00e1ritas respons\u00e1vel por acompanhar a visita foi o articulador de campo Samuel Barros.<\/p>\n<p style=\"text-align: justify;\">O primeiro lugar a ser conhecido foi a propriedade de dona Maria Jos\u00e9, localizada no s\u00edtio Baixa do Galo, munic\u00edpio de Inhapi. No local, ela cultiva verduras e cria animais de pequeno, m\u00e9dio e grande porte. A agricultora, que possui uma cisterna enxurrada do P1+2, se destaca por realizar um trabalho agroecol\u00f3gico no local onde mora. Atrav\u00e9s da partilha de experi\u00eancias, ela mostrou que \u00e9 poss\u00edvel ter uma produ\u00e7\u00e3o de qualidade e que, atrav\u00e9s do uso de estrat\u00e9gias de f\u00e1cil acesso, como \u00e9 o caso da utiliza\u00e7\u00e3o da urina de vaca na produ\u00e7\u00e3o de defensivos naturais, planta\u00e7\u00e3o de flores e ervas de cheiro forte, al\u00e9m de armadilhas para moscas com garrafas pets, o veneno pode ser erradicado.<\/p>\n<p style=\"text-align: justify;\">O banco de sementes do jovem agricultor Rafael Santos, na comunidade Maracuj\u00e1, no mesmo munic\u00edpio, foi a segunda experi\u00eancia visitada. Apesar da pouca idade, o rapaz chama aten\u00e7\u00e3o de quem o escuta pelo cuidado e interesse que tem com a preserva\u00e7\u00e3o das sementes. Ele conta que o costume de guardar os gr\u00e3os come\u00e7ou com o pai, seu Sivaldo Santos, em 1992. \u201cO h\u00e1bito teve in\u00edcio atrav\u00e9s de uma cole\u00e7\u00e3o, mas depois percebemos a import\u00e2ncia de preservar as sementes e, desde ent\u00e3o, n\u00e3o paramos mais\u201d, afirmou Rafael. Hoje, a fam\u00edlia estima que tem, aproximadamente, 50 tipos de feij\u00e3o, que s\u00e3o armazenadas em garrafas de pl\u00e1stico e organizadas em prateleiras de acordo com o ano. Quem visita a propriedade, logo percebe que a reciclagem tamb\u00e9m \u00e9 um ponto que merece destaque. Junto com a fam\u00edlia, Rafael construiu cercas de garrafas pets. Os recipientes foram coletados em v\u00e1rios lugares circunvizinhos.<\/p>\n<p style=\"text-align: center;\"><a href=\"http:\/\/ne2.caritas.org.br.s174889.gridserver.com\/2013\/12\/11\/caritas-realiza-intercambio-interestadual-agricultores\/dsc02238\/\" rel=\"attachment wp-att-1531\"><img decoding=\"async\" loading=\"lazy\" class=\"alignnone  wp-image-1531\" title=\"DSC02238\" src=\"http:\/\/ne2.caritas.org.br.s174889.gridserver.com\/wp-content\/uploads\/2013\/12\/DSC02238.jpg\" alt=\"\" width=\"222\" height=\"185\" \/><\/a> \u00a0 \u00a0 <a href=\"http:\/\/ne2.caritas.org.br.s174889.gridserver.com\/2013\/12\/11\/caritas-realiza-intercambio-interestadual-agricultores\/dsc02260\/\" rel=\"attachment wp-att-1532\"><img decoding=\"async\" loading=\"lazy\" class=\"alignnone  wp-image-1532\" title=\"DSC02260\" src=\"http:\/\/ne2.caritas.org.br.s174889.gridserver.com\/wp-content\/uploads\/2013\/12\/DSC02260.jpg\" alt=\"\" width=\"244\" height=\"182\" \/><\/a><\/p>\n<p style=\"text-align: justify;\">O dia seguinte do interc\u00e2mbio foi marcado pela visita \u00e0 experi\u00eancia de cria\u00e7\u00e3o de caprinos, localizada no s\u00edtio Ouricuri, no munic\u00edpio de Mata Grande. Recepcionados pelo senhor Jos\u00e9 Marcos Lima, os agricultores puderam perceber as vantagens em se criar cabras, principalmente pelo baixo volume de \u00e1gua que estes animais consomem, comparados aos bovinos, por exemplo. A cria\u00e7\u00e3o que antes era direcionada com foco na carne, hoje \u00e9 voltada para a comercializa\u00e7\u00e3o do leite. O produtor acredita que na propriedade existam mais de 110 animais.<\/p>\n<p style=\"text-align: justify;\">A \u00faltima experi\u00eancia visitada foi \u00e0 Cooperativa Lagoa do Copo, tamb\u00e9m no munic\u00edpio de Mata Grande. O trabalho realizado pelas mulheres tem a produ\u00e7\u00e3o de sab\u00e3o e sabonete como a principal fonte de renda da organiza\u00e7\u00e3o. A mat\u00e9ria-prima utilizada \u00e9 natural e possui propriedade medicinal, como \u00e9 o caso da aroeira, babosa, camomila, cenoura, erva-doce, pepino e o tradicional leite de cabra.<\/p>\n<p style=\"text-align: justify;\">Uma visita \u00e0 sede da Coppabacs, na cidade de Delmiro Gouveia, marcou o fim do interc\u00e2mbio em Alagoas. Na oportunidade, houve a leitura do Evangelho que narra a Par\u00e1bola do Semeador, uma m\u00edstica de apresenta\u00e7\u00e3o intitulada \u201cSe eu fosse uma semente\u201d e apresenta\u00e7\u00e3o da hist\u00f3ria de preserva\u00e7\u00e3o das sementes crioulas desenvolvida pela organiza\u00e7\u00e3o.<\/p>\n<p style=\"text-align: justify;\">De acordo com a agricultora Maria \u00c1lvaro, 54, da comunidade V\u00e1rzea Dantas, em Angelim (PE), o interc\u00e2mbio foi composto por momentos ricos de aprendizados. \u201c\u00c9 uma troca de experi\u00eancias em que se pode aprender muito, al\u00e9m de conhecer novas pessoas e ambientes. Uma das coisas que mais chamou minha aten\u00e7\u00e3o foi a produ\u00e7\u00e3o de sab\u00e3o, no entanto a arboriza\u00e7\u00e3o da minha propriedade \u00e9 algo que vou fazer com certeza, assim como a propriedade de dona Maria Jos\u00e9\u201d, concluiu.<\/p>\n<p style=\"text-align: justify;\"><strong>Coppabacs \u2013<\/strong> Foi fundada em 1986 com o objetivo de preservar as sementes crioulas. Hoje, a organiza\u00e7\u00e3o est\u00e1 presente em oito mun\u00edcipios alagoanos, onde conta com 16 Bancos Comunit\u00e1rios de Sementes (BCS) e possui um quadro de 265 s\u00f3cios.<\/p>\n<p style=\"text-align: justify;\"><em>por Lidiane Santos | Comunicadora Popular da C\u00e1ritas Brasileira Regional NE2 pelo P1+2<\/em><\/p>\n<p>&nbsp;<\/p>\n<p>&nbsp;<\/p>\n<p>&nbsp;<\/p>\n<ul class=\"ssb_list_wrapper\"><li class=\"fb2\" style=\"width:135px\"><iframe src=\"\/\/www.facebook.com\/plugins\/like.php?href=https%3A%2F%2Fwww.caritasne2.org.br%2Fsite%2Fcaritas-realiza-intercambio-interestadual-agricultores%2F&amp;layout=button_count&amp;action=like&amp;show_faces=false&amp;share=true&amp;width=135&amp;height=21&amp;appId=307091639398582\" scrolling=\"no\" frameborder=\"0\" style=\"border:none; overflow:hidden;  width:150px; height:21px;\" allowTransparency=\"true\"><\/iframe><\/li><li class=\"twtr\" style=\"width:90px\"><a href=\"https:\/\/twitter.com\/share\" class=\"twitter-share-button\" data-url=\"https:\/\/www.caritasne2.org.br\/site\/caritas-realiza-intercambio-interestadual-agricultores\/\">&nbsp;<\/a><script>!function(d,s,id){var js,fjs=d.getElementsByTagName(s)[0],p=\/^http:\/.test(d.location)?'http':'https';if(!d.getElementById(id)){js=d.createElement(s);js.id=id;js.src=p+':\/\/platform.twitter.com\/widgets.js';fjs.parentNode.insertBefore(js,fjs);}}(document, 'script', 'twitter-wjs');<\/script><\/li><li class=\"gplus\" style=\"width:68px\"><div class=\"g-plusone\" data-size=\"medium\" data-href=\"https:\/\/www.caritasne2.org.br\/site\/caritas-realiza-intercambio-interestadual-agricultores\/\"><\/div><\/li><li class=\"ssb_linkedin\" style=\"width:64px\"><script src=\"\/\/platform.linkedin.com\/in.js\" type=\"text\/javascript\">lang: en_US<\/script><script type=\"IN\/Share\" data-url=\"https:\/\/www.caritasne2.org.br\/site\/caritas-realiza-intercambio-interestadual-agricultores\/\" data-counter=\"right\"><\/script><\/li><\/ul>","protected":false},"excerpt":{"rendered":"<p>A C\u00e1ritas Brasileira Regional Nordeste 2 realizou, nos dias 03 e 04 deste m\u00eas, um interc\u00e2mbio interestadual com agricultoras e agricultores contemplados pelo Programa Uma Terra e Duas \u00c1guas (P1+2). Ao todo, foram visitadas quatro experi\u00eancias acompanhadas pela Cooperativa dos Pequenos Produtores Agr\u00edcolas dos Bancos Comunit\u00e1rios de Sementes (Coppabacs), no Sert\u00e3o, em Alagoas. O agente C\u00e1ritas respons\u00e1vel por acompanhar a visita foi o articulador de [&hellip;]<\/p>\n<ul class=\"ssb_list_wrapper\"><li class=\"fb2\" style=\"width:135px\"><iframe src=\"\/\/www.facebook.com\/plugins\/like.php?href=https%3A%2F%2Fwww.caritasne2.org.br%2Fsite%2Fcaritas-realiza-intercambio-interestadual-agricultores%2F&amp;layout=button_count&amp;action=like&amp;show_faces=false&amp;share=true&amp;width=135&amp;height=21&amp;appId=307091639398582\" scrolling=\"no\" frameborder=\"0\" style=\"border:none; overflow:hidden;  width:150px; height:21px;\" allowTransparency=\"true\"><\/iframe><\/li><li class=\"twtr\" style=\"width:90px\"><a href=\"https:\/\/twitter.com\/share\" class=\"twitter-share-button\" data-url=\"https:\/\/www.caritasne2.org.br\/site\/caritas-realiza-intercambio-interestadual-agricultores\/\">&nbsp;<\/a><script>!function(d,s,id){var js,fjs=d.getElementsByTagName(s)[0],p=\/^http:\/.test(d.location)?'http':'https';if(!d.getElementById(id)){js=d.createElement(s);js.id=id;js.src=p+':\/\/platform.twitter.com\/widgets.js';fjs.parentNode.insertBefore(js,fjs);}}(document, 'script', 'twitter-wjs');<\/script><\/li><li class=\"gplus\" style=\"width:68px\"><div class=\"g-plusone\" data-size=\"medium\" data-href=\"https:\/\/www.caritasne2.org.br\/site\/caritas-realiza-intercambio-interestadual-agricultores\/\"><\/div><\/li><li class=\"ssb_linkedin\" style=\"width:64px\"><script src=\"\/\/platform.linkedin.com\/in.js\" type=\"text\/javascript\">lang: en_US<\/script><script type=\"IN\/Share\" data-url=\"https:\/\/www.caritasne2.org.br\/site\/caritas-realiza-intercambio-interestadual-agricultores\/\" data-counter=\"right\"><\/script><\/li><\/ul>","protected":false},"author":4,"featured_media":1530,"comment_status":"open","ping_status":"open","sticky":false,"template":"","format":"standard","meta":[],"categories":[72,20],"tags":[67,160],"_links":{"self":[{"href":"https:\/\/www.caritasne2.org.br\/site\/wp-json\/wp\/v2\/posts\/1529"}],"collection":[{"href":"https:\/\/www.caritasne2.org.br\/site\/wp-json\/wp\/v2\/posts"}],"about":[{"href":"https:\/\/www.caritasne2.org.br\/site\/wp-json\/wp\/v2\/types\/post"}],"author":[{"embeddable":true,"href":"https:\/\/www.caritasne2.org.br\/site\/wp-json\/wp\/v2\/users\/4"}],"replies":[{"embeddable":true,"href":"https:\/\/www.caritasne2.org.br\/site\/wp-json\/wp\/v2\/comments?post=1529"}],"version-history":[{"count":0,"href":"https:\/\/www.caritasne2.org.br\/site\/wp-json\/wp\/v2\/posts\/1529\/revisions"}],"wp:featuredmedia":[{"embeddable":true,"href":"https:\/\/www.caritasne2.org.br\/site\/wp-json\/"}],"wp:attachment":[{"href":"https:\/\/www.caritasne2.org.br\/site\/wp-json\/wp\/v2\/media?parent=1529"}],"wp:term":[{"taxonomy":"category","embeddable":true,"href":"https:\/\/www.caritasne2.org.br\/site\/wp-json\/wp\/v2\/categories?post=1529"},{"taxonomy":"post_tag","embeddable":true,"href":"https:\/\/www.caritasne2.org.br\/site\/wp-json\/wp\/v2\/tags?post=1529"}],"curies":[{"name":"wp","href":"https:\/\/api.w.org\/{rel}","templated":true}]}}