{"id":1526,"date":"2013-12-09T18:43:07","date_gmt":"2013-12-09T20:43:07","guid":{"rendered":"http:\/\/ne2.caritas.org.br.s174889.gridserver.com\/?p=1526"},"modified":"2017-07-11T15:23:15","modified_gmt":"2017-07-11T18:23:15","slug":"caritas-nordeste-2-promove-momento-ecumenico-de-oracao-por-um-mundo-sem-fome-sem-pobreza","status":"publish","type":"post","link":"https:\/\/www.caritasne2.org.br\/site\/caritas-nordeste-2-promove-momento-ecumenico-de-oracao-por-um-mundo-sem-fome-sem-pobreza\/","title":{"rendered":"C\u00e1ritas Nordeste 2  promove momento ecum\u00eanico de ora\u00e7\u00e3o por um mundo sem fome e sem pobreza"},"content":{"rendered":"<p style=\"text-align: justify;\">Nesta ter\u00e7a-feira, dia 10 de dezembro, Dia Internacional dos Direitos Humanos, as 164 organiza\u00e7\u00f5es membro da Caritas Internationalis estar\u00e3o unidas em ora\u00e7\u00e3o no dia do lan\u00e7amento oficial da campanha mundial \u201cUma fam\u00edlia humana, alimentos para todos\u201d, que no Brasil foi adaptada para \u201cUma fam\u00edlia humana, p\u00e3o e justi\u00e7a para todas as pessoas\u201d.<\/p>\n<p style=\"text-align: justify;\">No estado de Pernambuco, sede da C\u00e1ritas Brasileira Regional NE2 acontecer\u00e1 um momento ecum\u00eanico de ora\u00e7\u00e3o por um mundo sem fome e sem pobreza. Na ocasi\u00e3o, a equipe C\u00e1ritas NE2 junto a organiza\u00e7\u00f5es parceiras ir\u00e3o refletir sobre quest\u00f5es relacionadas \u00e0 fome. O momento contar\u00e1 com a participa\u00e7\u00e3o de agentes C\u00e1ritas, representa\u00e7\u00f5es da CNBB Regional NE2, Setor Pastoral Social, da organiza\u00e7\u00e3o n\u00e3o-governamental Habitat para a Humanidade Brasil e igrejas evang\u00e9licas.<\/p>\n<p style=\"text-align: justify;\">A programa\u00e7\u00e3o est\u00e1 prevista para come\u00e7ar \u00e0s 10h: 30 e ir\u00e1 apresentar a campanha mundial, a partir de dados sobre a fome e a pobreza, com foco na realidade da regi\u00e3o Nordeste, especialmente nos quatro estados onde a C\u00e1ritas Regional NE 2 atua: Rio Grande do Norte, Para\u00edba, Pernambuco e Alagoas. Vale ressaltar que o Nordeste do Brasil ainda concentra o maior contingente de pessoas na extrema pobreza.<\/p>\n<p style=\"text-align: justify;\">Ainda na programa\u00e7\u00e3o haver\u00e1 um momento dedicado a leitura e reflex\u00e3o do Evangelho. Em seguida, ter\u00e1 a apresenta\u00e7\u00e3o de um projeto desenvolvido com m\u00e3es de uma comunidade carente chamada \u201cDancing Days\u201d, localizada no bairro do Ipsep, na Regi\u00e3o Metropolitana do Recife. Aproximadamente 98 fam\u00edlias vivem em situa\u00e7\u00e3o de extrema pobreza nessa comunidade.<\/p>\n<p style=\"text-align: justify;\">Ao meio-dia, todos e todas se unem a onda de ora\u00e7\u00e3o da campanha mundial, com um prop\u00f3sito \u00fanico, orar por um mundo sem fome e sem pobreza.<\/p>\n<p>Por Kilma Ferreira | Assessora de Comunica\u00e7\u00e3o C\u00e1ritas NE2<\/p>\n<p>&nbsp;<\/p>\n<ul class=\"ssb_list_wrapper\"><li class=\"fb2\" style=\"width:135px\"><iframe src=\"\/\/www.facebook.com\/plugins\/like.php?href=https%3A%2F%2Fwww.caritasne2.org.br%2Fsite%2Fcaritas-nordeste-2-promove-momento-ecumenico-de-oracao-por-um-mundo-sem-fome-sem-pobreza%2F&amp;layout=button_count&amp;action=like&amp;show_faces=false&amp;share=true&amp;width=135&amp;height=21&amp;appId=307091639398582\" scrolling=\"no\" frameborder=\"0\" style=\"border:none; overflow:hidden;  width:150px; height:21px;\" allowTransparency=\"true\"><\/iframe><\/li><li class=\"twtr\" style=\"width:90px\"><a href=\"https:\/\/twitter.com\/share\" class=\"twitter-share-button\" data-url=\"https:\/\/www.caritasne2.org.br\/site\/caritas-nordeste-2-promove-momento-ecumenico-de-oracao-por-um-mundo-sem-fome-sem-pobreza\/\">&nbsp;<\/a><script>!function(d,s,id){var js,fjs=d.getElementsByTagName(s)[0],p=\/^http:\/.test(d.location)?'http':'https';if(!d.getElementById(id)){js=d.createElement(s);js.id=id;js.src=p+':\/\/platform.twitter.com\/widgets.js';fjs.parentNode.insertBefore(js,fjs);}}(document, 'script', 'twitter-wjs');<\/script><\/li><li class=\"gplus\" style=\"width:68px\"><div class=\"g-plusone\" data-size=\"medium\" data-href=\"https:\/\/www.caritasne2.org.br\/site\/caritas-nordeste-2-promove-momento-ecumenico-de-oracao-por-um-mundo-sem-fome-sem-pobreza\/\"><\/div><\/li><li class=\"ssb_linkedin\" style=\"width:64px\"><script src=\"\/\/platform.linkedin.com\/in.js\" type=\"text\/javascript\">lang: en_US<\/script><script type=\"IN\/Share\" data-url=\"https:\/\/www.caritasne2.org.br\/site\/caritas-nordeste-2-promove-momento-ecumenico-de-oracao-por-um-mundo-sem-fome-sem-pobreza\/\" data-counter=\"right\"><\/script><\/li><\/ul>","protected":false},"excerpt":{"rendered":"<p>Nesta ter\u00e7a-feira, dia 10 de dezembro, Dia Internacional dos Direitos Humanos, as 164 organiza\u00e7\u00f5es membro da Caritas Internationalis estar\u00e3o unidas em ora\u00e7\u00e3o no dia do lan\u00e7amento oficial da campanha mundial \u201cUma fam\u00edlia humana, alimentos para todos\u201d, que no Brasil foi adaptada para \u201cUma fam\u00edlia humana, p\u00e3o e justi\u00e7a para todas as pessoas\u201d. No estado de Pernambuco, sede da C\u00e1ritas Brasileira Regional NE2 acontecer\u00e1 um momento [&hellip;]<\/p>\n<ul class=\"ssb_list_wrapper\"><li class=\"fb2\" style=\"width:135px\"><iframe src=\"\/\/www.facebook.com\/plugins\/like.php?href=https%3A%2F%2Fwww.caritasne2.org.br%2Fsite%2Fcaritas-nordeste-2-promove-momento-ecumenico-de-oracao-por-um-mundo-sem-fome-sem-pobreza%2F&amp;layout=button_count&amp;action=like&amp;show_faces=false&amp;share=true&amp;width=135&amp;height=21&amp;appId=307091639398582\" scrolling=\"no\" frameborder=\"0\" style=\"border:none; overflow:hidden;  width:150px; height:21px;\" allowTransparency=\"true\"><\/iframe><\/li><li class=\"twtr\" style=\"width:90px\"><a href=\"https:\/\/twitter.com\/share\" class=\"twitter-share-button\" data-url=\"https:\/\/www.caritasne2.org.br\/site\/caritas-nordeste-2-promove-momento-ecumenico-de-oracao-por-um-mundo-sem-fome-sem-pobreza\/\">&nbsp;<\/a><script>!function(d,s,id){var js,fjs=d.getElementsByTagName(s)[0],p=\/^http:\/.test(d.location)?'http':'https';if(!d.getElementById(id)){js=d.createElement(s);js.id=id;js.src=p+':\/\/platform.twitter.com\/widgets.js';fjs.parentNode.insertBefore(js,fjs);}}(document, 'script', 'twitter-wjs');<\/script><\/li><li class=\"gplus\" style=\"width:68px\"><div class=\"g-plusone\" data-size=\"medium\" data-href=\"https:\/\/www.caritasne2.org.br\/site\/caritas-nordeste-2-promove-momento-ecumenico-de-oracao-por-um-mundo-sem-fome-sem-pobreza\/\"><\/div><\/li><li class=\"ssb_linkedin\" style=\"width:64px\"><script src=\"\/\/platform.linkedin.com\/in.js\" type=\"text\/javascript\">lang: en_US<\/script><script type=\"IN\/Share\" data-url=\"https:\/\/www.caritasne2.org.br\/site\/caritas-nordeste-2-promove-momento-ecumenico-de-oracao-por-um-mundo-sem-fome-sem-pobreza\/\" data-counter=\"right\"><\/script><\/li><\/ul>","protected":false},"author":4,"featured_media":1527,"comment_status":"open","ping_status":"open","sticky":false,"template":"","format":"standard","meta":[],"categories":[36,20],"tags":[309,67,344,310,314,345,311],"_links":{"self":[{"href":"https:\/\/www.caritasne2.org.br\/site\/wp-json\/wp\/v2\/posts\/1526"}],"collection":[{"href":"https:\/\/www.caritasne2.org.br\/site\/wp-json\/wp\/v2\/posts"}],"about":[{"href":"https:\/\/www.caritasne2.org.br\/site\/wp-json\/wp\/v2\/types\/post"}],"author":[{"embeddable":true,"href":"https:\/\/www.caritasne2.org.br\/site\/wp-json\/wp\/v2\/users\/4"}],"replies":[{"embeddable":true,"href":"https:\/\/www.caritasne2.org.br\/site\/wp-json\/wp\/v2\/comments?post=1526"}],"version-history":[{"count":0,"href":"https:\/\/www.caritasne2.org.br\/site\/wp-json\/wp\/v2\/posts\/1526\/revisions"}],"wp:featuredmedia":[{"embeddable":true,"href":"https:\/\/www.caritasne2.org.br\/site\/wp-json\/"}],"wp:attachment":[{"href":"https:\/\/www.caritasne2.org.br\/site\/wp-json\/wp\/v2\/media?parent=1526"}],"wp:term":[{"taxonomy":"category","embeddable":true,"href":"https:\/\/www.caritasne2.org.br\/site\/wp-json\/wp\/v2\/categories?post=1526"},{"taxonomy":"post_tag","embeddable":true,"href":"https:\/\/www.caritasne2.org.br\/site\/wp-json\/wp\/v2\/tags?post=1526"}],"curies":[{"name":"wp","href":"https:\/\/api.w.org\/{rel}","templated":true}]}}