{"id":1522,"date":"2013-12-05T18:26:39","date_gmt":"2013-12-05T20:26:39","guid":{"rendered":"http:\/\/ne2.caritas.org.br.s174889.gridserver.com\/?p=1522"},"modified":"2017-07-11T15:23:16","modified_gmt":"2017-07-11T18:23:16","slug":"onda-de-oracao-marcara-inicio-da-campanha-mundial-contra-fome-pobreza","status":"publish","type":"post","link":"https:\/\/www.caritasne2.org.br\/site\/onda-de-oracao-marcara-inicio-da-campanha-mundial-contra-fome-pobreza\/","title":{"rendered":"Onda de ora\u00e7\u00e3o marcar\u00e1 in\u00edcio da campanha mundial contra a fome e a pobreza"},"content":{"rendered":"<p style=\"text-align: justify;\">As 164 organiza\u00e7\u00f5es membro da Caritas Internationalis estar\u00e3o unidas em ora\u00e7\u00e3o no pr\u00f3ximo dia 10 de dezembro, dia do lan\u00e7amento oficial da campanha mundial \u201cUma fam\u00edlia humana, alimentos para todos\u201d, que no Brasil foi adaptada para \u201cUma fam\u00edlia humana, p\u00e3o e justi\u00e7a para todas as pessoas\u201d.<\/p>\n<p style=\"text-align: justify;\">Todas as pessoas que fazem parte da Rede C\u00e1ritas em todo o mundo far\u00e3o um momento de ora\u00e7\u00e3o pelo fim da fome, da pobreza, das desigualdades e refletir\u00e3o sobre o tema. A partir da Oceania, todos os membros, pontualmente ao meio-dia (12h) de seu pa\u00eds, estado e cidade, dar\u00e3o in\u00edcio \u00e0 ora\u00e7\u00e3o. Desta forma, ao girar o planeta e passar pelos sete continentes, a Rede ter\u00e1 completado 24 horas de ora\u00e7\u00f5es ininterruptas.<\/p>\n<p style=\"text-align: justify;\"><strong>Veja no mapa todos os locais que j\u00e1 est\u00e3o se preparando para a ora\u00e7\u00e3o <a title=\"Mapa da ora\u00e7\u00e3o\" href=\"https:\/\/mapsengine.google.com\/map\/viewer?mid=zHSiX9DyKv1Q.kDKbpaOxlh_c\">CLIQUE AQUI<\/a><\/strong><\/p>\n<p style=\"text-align: justify;\">Convidamos voc\u00ea para participar desse grande momento junto com a gente. Junte seus amigos, sua fam\u00edlia, sua comunidade para esse que ser\u00e1 um grande momento mundial em favor da vida, dos direitos humanos e da justi\u00e7a social.<\/p>\n<p style=\"text-align: center;\"><strong>Ora\u00e7\u00e3o da Campanha Mundial<\/strong><\/p>\n<p style=\"text-align: center;\"><em><strong>Uma fam\u00edlia humana, p\u00e3o e justi\u00e7a para todas as pessoas<\/strong><\/em><\/p>\n<p style=\"text-align: justify;\">\u00a0Senhor Nosso Deus, que nos confiaste os frutos da cria\u00e7\u00e3o para que cuid\u00e1ssemos da Terra e nos aliment\u00e1ssemos de sua generosidade. Enviaste teu Filho para partilhar sua pr\u00f3pria carne e sangue e para ensinar-nos a Lei do Amor. Por Sua morte e ressurrei\u00e7\u00e3o, nos tornamos uma \u00fanica fam\u00edlia humana.<\/p>\n<p style=\"text-align: justify;\">Jesus teve grande preocupa\u00e7\u00e3o com as pessoas que n\u00e3o tinham o que comer. Transformou cinco p\u00e3es e dois peixes em um banquete que alimentou mais de cinco mil pessoas.<\/p>\n<p style=\"text-align: justify;\">Viemos diante de Ti, Senhor, conscientes de nossas fraquezas, mas com muita esperan\u00e7a, para compartilhar o alimento com todas as pessoas da grande fam\u00edlia humana.<\/p>\n<p style=\"text-align: justify;\">Na Tua sabedoria, ilumina os governantes e todos os cidad\u00e3os e cidad\u00e3s a encontrar solu\u00e7\u00f5es justas e solid\u00e1rias para acabar com a fome no mundo e garantir o direito de cada ser humano \u00e0 alimenta\u00e7\u00e3o.<\/p>\n<p style=\"text-align: justify;\">Por isso Te pedimos, Senhor Nosso Deus, que ao nos apresentarmos diante de Ti, possamos nos proclamar como parte de \u201cUma Fam\u00edlia Humana\u201d com \u201cP\u00e3o e Justi\u00e7a para todas as pessoas\u201d.<\/p>\n<p style=\"text-align: center;\">\u00a0Am\u00e9m! Ax\u00e9! Hawere! Aleluia!<\/p>\n<ul class=\"ssb_list_wrapper\"><li class=\"fb2\" style=\"width:135px\"><iframe src=\"\/\/www.facebook.com\/plugins\/like.php?href=https%3A%2F%2Fwww.caritasne2.org.br%2Fsite%2Fonda-de-oracao-marcara-inicio-da-campanha-mundial-contra-fome-pobreza%2F&amp;layout=button_count&amp;action=like&amp;show_faces=false&amp;share=true&amp;width=135&amp;height=21&amp;appId=307091639398582\" scrolling=\"no\" frameborder=\"0\" style=\"border:none; overflow:hidden;  width:150px; height:21px;\" allowTransparency=\"true\"><\/iframe><\/li><li class=\"twtr\" style=\"width:90px\"><a href=\"https:\/\/twitter.com\/share\" class=\"twitter-share-button\" data-url=\"https:\/\/www.caritasne2.org.br\/site\/onda-de-oracao-marcara-inicio-da-campanha-mundial-contra-fome-pobreza\/\">&nbsp;<\/a><script>!function(d,s,id){var js,fjs=d.getElementsByTagName(s)[0],p=\/^http:\/.test(d.location)?'http':'https';if(!d.getElementById(id)){js=d.createElement(s);js.id=id;js.src=p+':\/\/platform.twitter.com\/widgets.js';fjs.parentNode.insertBefore(js,fjs);}}(document, 'script', 'twitter-wjs');<\/script><\/li><li class=\"gplus\" style=\"width:68px\"><div class=\"g-plusone\" data-size=\"medium\" data-href=\"https:\/\/www.caritasne2.org.br\/site\/onda-de-oracao-marcara-inicio-da-campanha-mundial-contra-fome-pobreza\/\"><\/div><\/li><li class=\"ssb_linkedin\" style=\"width:64px\"><script src=\"\/\/platform.linkedin.com\/in.js\" type=\"text\/javascript\">lang: en_US<\/script><script type=\"IN\/Share\" data-url=\"https:\/\/www.caritasne2.org.br\/site\/onda-de-oracao-marcara-inicio-da-campanha-mundial-contra-fome-pobreza\/\" data-counter=\"right\"><\/script><\/li><\/ul>","protected":false},"excerpt":{"rendered":"<p>As 164 organiza\u00e7\u00f5es membro da Caritas Internationalis estar\u00e3o unidas em ora\u00e7\u00e3o no pr\u00f3ximo dia 10 de dezembro, dia do lan\u00e7amento oficial da campanha mundial \u201cUma fam\u00edlia humana, alimentos para todos\u201d, que no Brasil foi adaptada para \u201cUma fam\u00edlia humana, p\u00e3o e justi\u00e7a para todas as pessoas\u201d. Todas as pessoas que fazem parte da Rede C\u00e1ritas em todo o mundo far\u00e3o um momento de ora\u00e7\u00e3o pelo [&hellip;]<\/p>\n<ul class=\"ssb_list_wrapper\"><li class=\"fb2\" style=\"width:135px\"><iframe src=\"\/\/www.facebook.com\/plugins\/like.php?href=https%3A%2F%2Fwww.caritasne2.org.br%2Fsite%2Fonda-de-oracao-marcara-inicio-da-campanha-mundial-contra-fome-pobreza%2F&amp;layout=button_count&amp;action=like&amp;show_faces=false&amp;share=true&amp;width=135&amp;height=21&amp;appId=307091639398582\" scrolling=\"no\" frameborder=\"0\" style=\"border:none; overflow:hidden;  width:150px; height:21px;\" allowTransparency=\"true\"><\/iframe><\/li><li class=\"twtr\" style=\"width:90px\"><a href=\"https:\/\/twitter.com\/share\" class=\"twitter-share-button\" data-url=\"https:\/\/www.caritasne2.org.br\/site\/onda-de-oracao-marcara-inicio-da-campanha-mundial-contra-fome-pobreza\/\">&nbsp;<\/a><script>!function(d,s,id){var js,fjs=d.getElementsByTagName(s)[0],p=\/^http:\/.test(d.location)?'http':'https';if(!d.getElementById(id)){js=d.createElement(s);js.id=id;js.src=p+':\/\/platform.twitter.com\/widgets.js';fjs.parentNode.insertBefore(js,fjs);}}(document, 'script', 'twitter-wjs');<\/script><\/li><li class=\"gplus\" style=\"width:68px\"><div class=\"g-plusone\" data-size=\"medium\" data-href=\"https:\/\/www.caritasne2.org.br\/site\/onda-de-oracao-marcara-inicio-da-campanha-mundial-contra-fome-pobreza\/\"><\/div><\/li><li class=\"ssb_linkedin\" style=\"width:64px\"><script src=\"\/\/platform.linkedin.com\/in.js\" type=\"text\/javascript\">lang: en_US<\/script><script type=\"IN\/Share\" data-url=\"https:\/\/www.caritasne2.org.br\/site\/onda-de-oracao-marcara-inicio-da-campanha-mundial-contra-fome-pobreza\/\" data-counter=\"right\"><\/script><\/li><\/ul>","protected":false},"author":4,"featured_media":1523,"comment_status":"open","ping_status":"open","sticky":false,"template":"","format":"standard","meta":[],"categories":[36,20],"tags":[309,67,310,314,311],"_links":{"self":[{"href":"https:\/\/www.caritasne2.org.br\/site\/wp-json\/wp\/v2\/posts\/1522"}],"collection":[{"href":"https:\/\/www.caritasne2.org.br\/site\/wp-json\/wp\/v2\/posts"}],"about":[{"href":"https:\/\/www.caritasne2.org.br\/site\/wp-json\/wp\/v2\/types\/post"}],"author":[{"embeddable":true,"href":"https:\/\/www.caritasne2.org.br\/site\/wp-json\/wp\/v2\/users\/4"}],"replies":[{"embeddable":true,"href":"https:\/\/www.caritasne2.org.br\/site\/wp-json\/wp\/v2\/comments?post=1522"}],"version-history":[{"count":0,"href":"https:\/\/www.caritasne2.org.br\/site\/wp-json\/wp\/v2\/posts\/1522\/revisions"}],"wp:featuredmedia":[{"embeddable":true,"href":"https:\/\/www.caritasne2.org.br\/site\/wp-json\/"}],"wp:attachment":[{"href":"https:\/\/www.caritasne2.org.br\/site\/wp-json\/wp\/v2\/media?parent=1522"}],"wp:term":[{"taxonomy":"category","embeddable":true,"href":"https:\/\/www.caritasne2.org.br\/site\/wp-json\/wp\/v2\/categories?post=1522"},{"taxonomy":"post_tag","embeddable":true,"href":"https:\/\/www.caritasne2.org.br\/site\/wp-json\/wp\/v2\/tags?post=1522"}],"curies":[{"name":"wp","href":"https:\/\/api.w.org\/{rel}","templated":true}]}}