{"id":1516,"date":"2013-12-05T16:41:21","date_gmt":"2013-12-05T18:41:21","guid":{"rendered":"http:\/\/ne2.caritas.org.br.s174889.gridserver.com\/?p=1516"},"modified":"2017-07-11T15:23:16","modified_gmt":"2017-07-11T18:23:16","slug":"nota-publica-das-entidades-trabalham-semiarido-brasileiro","status":"publish","type":"post","link":"https:\/\/www.caritasne2.org.br\/site\/nota-publica-das-entidades-trabalham-semiarido-brasileiro\/","title":{"rendered":"Nota p\u00fablica das entidades que trabalham no Semi\u00e1rido Brasileiro"},"content":{"rendered":"<p>ASA \u2013 Articula\u00e7\u00e3o do Semi\u00e1rido (1)<\/p>\n<p>CESE \u2013 Coordenadoria Ecum\u00eanica de Servi\u00e7os (2)<\/p>\n<p>RESAB \u2013Rede de Educadores do Semi\u00e1rido Brasileiro (3)<\/p>\n<p>C\u00e1ritas Brasileira (4)<\/p>\n<p>&nbsp;<\/p>\n<p style=\"text-align: center;\"><strong>OS PIPAS E AS CISTERNAS<\/strong><\/p>\n<p style=\"text-align: justify;\">\u00a0Chamou a aten\u00e7\u00e3o a mat\u00e9ria sobre o abastecimento das cisternas por carros pipas contaminados, ou \u00e1gua contaminada dos pipas, veiculada pelo Fant\u00e1stico da Rede Globo, edi\u00e7\u00e3o de 01\/12\/2013. Entretanto, cabem algumas observa\u00e7\u00f5es sobre a referida mat\u00e9ria.<\/p>\n<p style=\"text-align: justify;\">Em primeiro, o conte\u00fado da mat\u00e9ria n\u00e3o pode se generalizar para todo o Semi\u00e1rido. Na maioria dos lugares o abastecimento est\u00e1 sendo decente e com \u00e1gua tratada, em que pese tantos casos de fraudes, m\u00e1 f\u00e9 e falta de \u00e9tica por falta dos pipeiros e pol\u00edticos. Tamb\u00e9m no que se refere \u00e0 epidemia em Alagoas, trate-se de um caso localizado, acontecido h\u00e1 meses atr\u00e1s, s\u00f3 agora vindo ao ar no referido programa.<\/p>\n<p style=\"text-align: justify;\">Em segundo, est\u00e1 evidente que ainda estamos longe de resolver os problemas da \u00e1gua pot\u00e1vel da regi\u00e3o do Semi\u00e1rido, particularmente em \u00e9pocas de grandes estiagens, como essa que estamos passando. Uma grande parcela da popula\u00e7\u00e3o local ainda bebe \u00e1gua contaminada, n\u00e3o s\u00f3 porque vem pelos pipas, mas porque suas fontes de abastecimento ainda s\u00e3o os barreiros e a\u00e7udes, cujas \u00e1guas insalubres servem para o abastecimento humano e dos animais.<\/p>\n<p style=\"text-align: justify;\">Terceiro, \u00e9 preciso real\u00e7ar que, com todos os limites apontados pela referida mat\u00e9ria, j\u00e1 n\u00e3o temos nessa regi\u00e3o, nem mesmo em per\u00edodos de longas estiagens, a intensa mortalidade infantil, tantas doen\u00e7as veiculadas por \u00e1gua contaminada, j\u00e1 n\u00e3o precisamos das famigeradas \u201cfrentes de emerg\u00eancia\u201d, j\u00e1 n\u00e3o temos intensas migra\u00e7\u00f5es e nem os horrores dos saques feitos por sedentos e fam\u00e9licos. N\u00f3s, das entidades que atuam nessa regi\u00e3o, construindo a conviv\u00eancia como Semi\u00e1rido, fazemos quest\u00e3o de real\u00e7ar as conquistas desse povo.<\/p>\n<p style=\"text-align: justify;\">Por \u00faltimo, se n\u00e3o quisermos que essas cenas do presente se repitam no futuro, \u00e9 s\u00f3 o governo implementar massivamente as tecnologias de conviv\u00eancia com o Semi\u00e1rido: cisternas de capta\u00e7\u00e3o de \u00e1gua de chuva para beber, cisternas para produ\u00e7\u00e3o, caxios, barreiros, barragens subterr\u00e2neas, etc, e implementar adutoras para abastecimento das aglomera\u00e7\u00f5es rurais e centros urbanos. Onde esses servi\u00e7os j\u00e1 chegaram, apesar das dificuldades, os problemas tr\u00e1gicos j\u00e1 n\u00e3o se repetem. Infelizmente, essa situa\u00e7\u00e3o atinge todo povo brasileiro. Recentemente, o IBGE divulgou a s\u00edntese dos Indicadores sociais 2013 \u2013 SIS, onde constata que 29,7% dos domic\u00edlios urbanos n\u00e3o t\u00eam acesso simult\u00e2neo aos servi\u00e7os b\u00e1sicos de saneamento e ilumina\u00e7\u00e3o, como abastecimento de \u00e1gua, esgotamento sanit\u00e1rio, coleta de lixo e ilumina\u00e7\u00e3o el\u00e9trica. Do total de domic\u00edlios analisados, 93,5% acusaram aus\u00eancia de esgotamento sanit\u00e1rio (IBGE\/2013).<\/p>\n<p style=\"text-align: justify;\">Terceiro, \u00e9 preciso real\u00e7ar que, com todos os limites apontados pela referida mat\u00e9ria, j\u00e1 n\u00e3o temos nessa regi\u00e3o, nem mesmo em per\u00edodos de longas estiagens, a intensa mortalidade infantil, tantas doen\u00e7as veiculadas por \u00e1gua contaminada, j\u00e1 n\u00e3o precisamos das famigeradas \u201cfrentes de emerg\u00eancia\u201d, j\u00e1 n\u00e3o temos intensas migra\u00e7\u00f5es e nem os horrores dos saques feitos por sedentos e fam\u00e9licos. N\u00f3s, das entidades que atuam nessa regi\u00e3o, construindo a conviv\u00eancia como Semi\u00e1rido, fazemos quest\u00e3o de real\u00e7ar as conquistas desse povo.<\/p>\n<p style=\"text-align: justify;\">Por \u00faltimo, se n\u00e3o quisermos que essas cenas do presente se repitam no futuro, \u00e9 s\u00f3 o governo implementar massivamente as tecnologias de conviv\u00eancia com o Semi\u00e1rido: cisternas de capta\u00e7\u00e3o de \u00e1gua de chuva para beber, cisternas para produ\u00e7\u00e3o, caxios, barreiros, barragens subterr\u00e2neas, etc, e implementar adutoras para abastecimento das aglomera\u00e7\u00f5es rurais e centros urbanos. Onde esses servi\u00e7os j\u00e1 chegaram, apesar das dificuldades, os problemas tr\u00e1gicos j\u00e1 n\u00e3o se repetem. Infelizmente, essa situa\u00e7\u00e3o atinge todo povo brasileiro. Recentemente, o IBGE divulgou a s\u00edntese dos Indicadores sociais 2013 \u2013 SIS, onde constata que 29,7% dos domic\u00edlios urbanos n\u00e3o t\u00eam acesso simult\u00e2neo aos servi\u00e7os b\u00e1sicos de saneamento e ilumina\u00e7\u00e3o, como abastecimento de \u00e1gua, esgotamento sanit\u00e1rio, coleta de lixo e ilumina\u00e7\u00e3o el\u00e9trica. Do total de domic\u00edlios analisados, 93,5% acusaram aus\u00eancia de esgotamento sanit\u00e1rio (IBGE\/2013).<\/p>\n<p style=\"text-align: justify;\">Talvez ainda precisemos dos pipas, principalmente onde os servi\u00e7os de \u00e1gua n\u00e3o chegaram, ou simplesmente porque nessas longas estiagens h\u00e1 locais t\u00e3o distantes que v\u00e3o continuar precisando deles. A\u00ed ent\u00e3o \u00e9 uma quest\u00e3o da vigil\u00e2ncia sanit\u00e1ria e dos respons\u00e1veis pelos programas de abastecimento dos pipas, assim como dos gestores p\u00fablicos federal, estadual e municipal, assumirem suas responsabilidades.<\/p>\n<p style=\"text-align: justify;\">(1) Rede formada por mil organiza\u00e7\u00f5es da sociedade civil que atuam na gest\u00e3o e no desenvolvimento de pol\u00edticas de conviv\u00eancia com a regi\u00e3o semi\u00e1rida. (<a href=\"http:\/\/www.asabrasil.org.br\/portal\/Default.asp\" target=\"_blank\">www.asabrasil.org.br<\/a>)<\/p>\n<p style=\"text-align: justify;\">(2) Entidade ecum\u00eanica de promo\u00e7\u00e3o e garantia a defesa de direitos, justi\u00e7a e paz, defesa e fortalecimento das as lutas dos movimentos sociais por transforma\u00e7\u00f5es que assegurem uma sociedade justa e democr\u00e1tica. (<a href=\"http:\/\/www.cese.org.br\/site\/\" target=\"_blank\">www.cese.org.br<\/a>)<\/p>\n<p style=\"text-align: justify;\">(3) Espa\u00e7o de articula\u00e7\u00e3o pol\u00edtica regional da sociedade organizada, que congrega educadores e educadoras e institui\u00e7\u00f5es governamentais e n\u00e3o governamentais, que atuam na \u00e1rea de educa\u00e7\u00e3o contextualizada no Semi\u00e1rido Brasileiro. http:\/\/resabnacional.blogspot.com.br<\/p>\n<p style=\"text-align: justify;\">(4) Entidade vinculada \u00e0 Confer\u00eancia Nacional dos Bispos do Brasil, presente em 164 pa\u00edses, com atua\u00e7\u00e3o em todo o territ\u00f3rio nacional, desenvolve o programa de conviv\u00eancia com o semin\u00e1rio. (<a href=\"http:\/\/caritas.org.br\/\" target=\"_blank\">www.caritas.org.br<\/a>)<\/p>\n<p style=\"text-align: justify;\">\n<ul class=\"ssb_list_wrapper\"><li class=\"fb2\" style=\"width:135px\"><iframe src=\"\/\/www.facebook.com\/plugins\/like.php?href=https%3A%2F%2Fwww.caritasne2.org.br%2Fsite%2Fnota-publica-das-entidades-trabalham-semiarido-brasileiro%2F&amp;layout=button_count&amp;action=like&amp;show_faces=false&amp;share=true&amp;width=135&amp;height=21&amp;appId=307091639398582\" scrolling=\"no\" frameborder=\"0\" style=\"border:none; overflow:hidden;  width:150px; height:21px;\" allowTransparency=\"true\"><\/iframe><\/li><li class=\"twtr\" style=\"width:90px\"><a href=\"https:\/\/twitter.com\/share\" class=\"twitter-share-button\" data-url=\"https:\/\/www.caritasne2.org.br\/site\/nota-publica-das-entidades-trabalham-semiarido-brasileiro\/\">&nbsp;<\/a><script>!function(d,s,id){var js,fjs=d.getElementsByTagName(s)[0],p=\/^http:\/.test(d.location)?'http':'https';if(!d.getElementById(id)){js=d.createElement(s);js.id=id;js.src=p+':\/\/platform.twitter.com\/widgets.js';fjs.parentNode.insertBefore(js,fjs);}}(document, 'script', 'twitter-wjs');<\/script><\/li><li class=\"gplus\" style=\"width:68px\"><div class=\"g-plusone\" data-size=\"medium\" data-href=\"https:\/\/www.caritasne2.org.br\/site\/nota-publica-das-entidades-trabalham-semiarido-brasileiro\/\"><\/div><\/li><li class=\"ssb_linkedin\" style=\"width:64px\"><script src=\"\/\/platform.linkedin.com\/in.js\" type=\"text\/javascript\">lang: en_US<\/script><script type=\"IN\/Share\" data-url=\"https:\/\/www.caritasne2.org.br\/site\/nota-publica-das-entidades-trabalham-semiarido-brasileiro\/\" data-counter=\"right\"><\/script><\/li><\/ul>","protected":false},"excerpt":{"rendered":"<p>ASA \u2013 Articula\u00e7\u00e3o do Semi\u00e1rido (1) CESE \u2013 Coordenadoria Ecum\u00eanica de Servi\u00e7os (2) RESAB \u2013Rede de Educadores do Semi\u00e1rido Brasileiro (3) C\u00e1ritas Brasileira (4) &nbsp; OS PIPAS E AS CISTERNAS \u00a0Chamou a aten\u00e7\u00e3o a mat\u00e9ria sobre o abastecimento das cisternas por carros pipas contaminados, ou \u00e1gua contaminada dos pipas, veiculada pelo Fant\u00e1stico da Rede Globo, edi\u00e7\u00e3o de 01\/12\/2013. Entretanto, cabem algumas observa\u00e7\u00f5es sobre a referida [&hellip;]<\/p>\n<ul class=\"ssb_list_wrapper\"><li class=\"fb2\" style=\"width:135px\"><iframe src=\"\/\/www.facebook.com\/plugins\/like.php?href=https%3A%2F%2Fwww.caritasne2.org.br%2Fsite%2Fnota-publica-das-entidades-trabalham-semiarido-brasileiro%2F&amp;layout=button_count&amp;action=like&amp;show_faces=false&amp;share=true&amp;width=135&amp;height=21&amp;appId=307091639398582\" scrolling=\"no\" frameborder=\"0\" style=\"border:none; overflow:hidden;  width:150px; height:21px;\" allowTransparency=\"true\"><\/iframe><\/li><li class=\"twtr\" style=\"width:90px\"><a href=\"https:\/\/twitter.com\/share\" class=\"twitter-share-button\" data-url=\"https:\/\/www.caritasne2.org.br\/site\/nota-publica-das-entidades-trabalham-semiarido-brasileiro\/\">&nbsp;<\/a><script>!function(d,s,id){var js,fjs=d.getElementsByTagName(s)[0],p=\/^http:\/.test(d.location)?'http':'https';if(!d.getElementById(id)){js=d.createElement(s);js.id=id;js.src=p+':\/\/platform.twitter.com\/widgets.js';fjs.parentNode.insertBefore(js,fjs);}}(document, 'script', 'twitter-wjs');<\/script><\/li><li class=\"gplus\" style=\"width:68px\"><div class=\"g-plusone\" data-size=\"medium\" data-href=\"https:\/\/www.caritasne2.org.br\/site\/nota-publica-das-entidades-trabalham-semiarido-brasileiro\/\"><\/div><\/li><li class=\"ssb_linkedin\" style=\"width:64px\"><script src=\"\/\/platform.linkedin.com\/in.js\" type=\"text\/javascript\">lang: en_US<\/script><script type=\"IN\/Share\" data-url=\"https:\/\/www.caritasne2.org.br\/site\/nota-publica-das-entidades-trabalham-semiarido-brasileiro\/\" data-counter=\"right\"><\/script><\/li><\/ul>","protected":false},"author":4,"featured_media":1517,"comment_status":"open","ping_status":"open","sticky":false,"template":"","format":"standard","meta":[],"categories":[72,20],"tags":[222,67,343],"_links":{"self":[{"href":"https:\/\/www.caritasne2.org.br\/site\/wp-json\/wp\/v2\/posts\/1516"}],"collection":[{"href":"https:\/\/www.caritasne2.org.br\/site\/wp-json\/wp\/v2\/posts"}],"about":[{"href":"https:\/\/www.caritasne2.org.br\/site\/wp-json\/wp\/v2\/types\/post"}],"author":[{"embeddable":true,"href":"https:\/\/www.caritasne2.org.br\/site\/wp-json\/wp\/v2\/users\/4"}],"replies":[{"embeddable":true,"href":"https:\/\/www.caritasne2.org.br\/site\/wp-json\/wp\/v2\/comments?post=1516"}],"version-history":[{"count":0,"href":"https:\/\/www.caritasne2.org.br\/site\/wp-json\/wp\/v2\/posts\/1516\/revisions"}],"wp:featuredmedia":[{"embeddable":true,"href":"https:\/\/www.caritasne2.org.br\/site\/wp-json\/"}],"wp:attachment":[{"href":"https:\/\/www.caritasne2.org.br\/site\/wp-json\/wp\/v2\/media?parent=1516"}],"wp:term":[{"taxonomy":"category","embeddable":true,"href":"https:\/\/www.caritasne2.org.br\/site\/wp-json\/wp\/v2\/categories?post=1516"},{"taxonomy":"post_tag","embeddable":true,"href":"https:\/\/www.caritasne2.org.br\/site\/wp-json\/wp\/v2\/tags?post=1516"}],"curies":[{"name":"wp","href":"https:\/\/api.w.org\/{rel}","templated":true}]}}