{"id":1511,"date":"2013-12-04T16:58:34","date_gmt":"2013-12-04T18:58:34","guid":{"rendered":"http:\/\/ne2.caritas.org.br.s174889.gridserver.com\/?p=1511"},"modified":"2017-07-11T15:23:16","modified_gmt":"2017-07-11T18:23:16","slug":"cnbb-caritas-lancam-campanha-mundial-contra-fome-pobreza","status":"publish","type":"post","link":"https:\/\/www.caritasne2.org.br\/site\/cnbb-caritas-lancam-campanha-mundial-contra-fome-pobreza\/","title":{"rendered":"CNBB e C\u00e1ritas lan\u00e7am campanha mundial contra a fome e a pobreza"},"content":{"rendered":"<p style=\"text-align: center;\"><em>Uma onda de ora\u00e7\u00e3o que ocorrer\u00e1 em v\u00e1rias partes do planeta dar\u00e1 in\u00edcio a campanha que debater\u00e1 realidade da pobreza no Brasil no mundo; mensagem exclusiva do Papa Francisco em apoio \u00e0 mobiliza\u00e7\u00e3o mundial ser\u00e1 divulgada durante o lan\u00e7amento<\/em><\/p>\n<p style=\"text-align: justify;\">No pr\u00f3ximo dia 10 de dezembro, Dia Internacional dos Direitos Humanos, a Confer\u00eancia Nacional dos Bispos do Brasil (CNBB) e a C\u00e1ritas Brasileira lan\u00e7ar\u00e3o uma campanha mundial contra a fome, a pobreza e as desigualdades. Com o tema &#8220;Uma fam\u00edlia humana, p\u00e3o e justi\u00e7a para todas as pessoas&#8221;, o lan\u00e7amento ocorrer\u00e1 na sede da CNBB, a partir das 14h, em Bras\u00edlia (DF).<\/p>\n<p style=\"text-align: justify;\">A campanha faz parte de uma mobiliza\u00e7\u00e3o mundial da Caritas Internationalis que articulou as164 organiza\u00e7\u00f5es membro para esse grande movimento em favor da vida, dos direitos humanos e da justi\u00e7a social. Uma grande onda de ora\u00e7\u00e3o que ter\u00e1 in\u00edcio em na ilha de Samoa, na Polin\u00e9sia, e se espalhar\u00e1 por todo o mundo envolvendo todas as organiza\u00e7\u00f5es C\u00e1ritas e muitas outras pessoas de todos os continentes. Veja o mapa da onda de ora\u00e7\u00e3o: <a title=\"Mapa\" href=\"https:\/\/mapsengine.google.com\/map\/edit?mid=zHSiX9DyKv1Q.kDKbpaOxlh_c\" target=\"_blank\">Clique aqui<\/a><\/p>\n<p style=\"text-align: justify;\">A C\u00e1ritas e a CNBB pretendem com a campanha, que vai at\u00e9 2015, sensibilizar e mobilizar a sociedade sobre a realidade da fome, da mis\u00e9ria e das desigualdades no mundo e no Brasil. A alimenta\u00e7\u00e3o adequada e de qualidade \u00e9 um direito humano e por isso deve ser garantido a todos os cidad\u00e3os e cidad\u00e3s de forma igualit\u00e1ria.<\/p>\n<p style=\"text-align: justify;\">O Papa Francisco gravou um v\u00eddeo com uma mensagem de cinco minutos em apoio \u00e0 campanha. As palavras do Santo Padre ser\u00e3o divulgadas no dia do lan\u00e7amento. &#8220;N\u00e3o se pode tolerar mais o fato de se lan\u00e7ar comida no lixo, quando h\u00e1 pessoas que passam fome. Isto \u00e9 desigualdade social&#8221;, disse o Papa em sua primeira Exorta\u00e7\u00e3o Apost\u00f3lica.<\/p>\n<p style=\"text-align: justify;\">Participar\u00e3o do lan\u00e7amento dom Leonardo Ulrich Steiner, secret\u00e1rio geral da Confer\u00eancia Nacional dos Bispos do Brasil (CNBB), dom Fl\u00e1vio Giovenale, presidente da C\u00e1ritas Brasileira, e Maria Cristina dos Anjos, diretora executiva nacional da C\u00e1ritas Brasileira. Irio Luiz Conti, que falar\u00e1 sobre Seguran\u00e7a Alimentar e Nutricional, \u00e9 doutorando em Desenvolvimento Rural na Universidade Federal do Rio Grande do Sul (UFRGS), mestre em sociologia, te\u00f3logo, fil\u00f3sofo, e membro do Conselho Nacional de Seguran\u00e7a Alimentar e Nutricional (Consea).<\/p>\n<p style=\"text-align: justify;\">Ap\u00f3s o ato de lan\u00e7amento, o evento ser\u00e1 aberto para entrevistas.<\/p>\n<p style=\"text-align: justify;\"><strong>A concentra\u00e7\u00e3o de renda no mundo<\/strong><\/p>\n<p style=\"text-align: justify;\">Segundo a Organiza\u00e7\u00e3o das Na\u00e7\u00f5es Unidas para Alimenta\u00e7\u00e3o e Agricultura (FAO), hoje, 842 milh\u00f5es de pessoas ainda passam fome no mundo, ou seja, um em cada oito seres humanos.<\/p>\n<p style=\"text-align: justify;\">De acordo com o Relat\u00f3rio da Riqueza Global, lan\u00e7ado este ano pelo banco su\u00ed\u00e7o Credit Suisse, se a riqueza produzida no mundo em 2013, que foi de UU$ 241 trilh\u00f5es, fosse distribu\u00edda em partes iguais entre as pessoas adultas do planeta, cada um iria receber UU$ 56.600,00. O relat\u00f3rio ainda aponta que os 10% mais ricos controlam 86% da riqueza global, enquanto apenas 32 milh\u00f5es de adultos em um mundo com sete bilh\u00f5es de habitantes (0,7), possuem 41% da riqueza mundial. Al\u00e9m disso, dois ter\u00e7os dos adultos da humanidade &#8211; 3,2 bilh\u00f5es &#8211; s\u00f3 conseguem dividir 3% da riqueza mundial.<\/p>\n<p style=\"text-align: justify;\"><strong>A pobreza e as desigualdades no Brasil<\/strong><\/p>\n<p style=\"text-align: justify;\">Segundo o Instituto Brasileiro de Geografia e Estat\u00edstica (IBGE), o Brasil \u00e9 a sexta economia mais rica do mundo, mas 57 milh\u00f5es de pessoas ainda vivem em estado de pobreza, ou seja, sobrevivem com meio sal\u00e1rio m\u00ednimo. Mesmo com programas de distribui\u00e7\u00e3o de renda promovidos pelo Governo Federal, 20% dos mais ricos ainda det\u00e9m 63,8% da renda nacional, enquanto os 20% mais pobres acessam apenas 2,5% de toda a riqueza que \u00e9 produzida pelo pa\u00eds.<\/p>\n<p style=\"text-align: justify;\">O &#8220;Atlas de Exclus\u00e3o Social: os ricos no Brasil&#8221;, mostra que o pa\u00eds tem mais de 51 milh\u00f5es de fam\u00edlias, mas somente cinco mil apropriam-se de 45% de toda a riqueza e renda nacional.<\/p>\n<p style=\"text-align: justify;\">Conforme a Pesquisa Nacional por Amostra de Domic\u00edlios (PNAD\/IBGE), em 2012, em termos absolutos, o estado da Bahia apresentou maior contingente de pessoas na extrema pobreza, 1.126.897 pessoas, seguido dos estados do Maranh\u00e3o (924.515), Cear\u00e1 (718.066), S\u00e3o Paulo (666.452) e Pernambuco (609.160). J\u00e1 em termos proporcionais, Maranh\u00e3o, Alagoas, Cear\u00e1, Bahia e Pernambuco s\u00e3o os que apresentam as maiores taxas. Consideram-se extremamente pobres \u00e0quelas com renda domiciliar per capta inferior a R$ 70.<\/p>\n<p style=\"text-align: justify;\"><strong>Servi\u00e7o<\/strong><\/p>\n<p style=\"text-align: justify;\">Lan\u00e7amento Campanha Mundial &#8220;Uma fam\u00edlia humana: p\u00e3o e justi\u00e7a para todas as pessoas&#8221;<\/p>\n<p style=\"text-align: justify;\">10 de dezembro de 2013, \u00e0s 14h<\/p>\n<p style=\"text-align: justify;\">Na sede Nacional da Confer\u00eancia Nacional dos Bispos do Brasil (CNBB)<\/p>\n<p style=\"text-align: justify;\">SE\/Sul Quadra 801 Conjunto &#8220;B&#8221; &#8211; Bras\u00edlia (DF).<\/p>\n<p style=\"text-align: justify;\"><em>por Thays Puzzi, assessora de Comunica\u00e7\u00e3o da C\u00e1ritas Brasileira | Secretariado Nacional<\/em><\/p>\n<p>&nbsp;<\/p>\n<ul class=\"ssb_list_wrapper\"><li class=\"fb2\" style=\"width:135px\"><iframe src=\"\/\/www.facebook.com\/plugins\/like.php?href=https%3A%2F%2Fwww.caritasne2.org.br%2Fsite%2Fcnbb-caritas-lancam-campanha-mundial-contra-fome-pobreza%2F&amp;layout=button_count&amp;action=like&amp;show_faces=false&amp;share=true&amp;width=135&amp;height=21&amp;appId=307091639398582\" scrolling=\"no\" frameborder=\"0\" style=\"border:none; overflow:hidden;  width:150px; height:21px;\" allowTransparency=\"true\"><\/iframe><\/li><li class=\"twtr\" style=\"width:90px\"><a href=\"https:\/\/twitter.com\/share\" class=\"twitter-share-button\" data-url=\"https:\/\/www.caritasne2.org.br\/site\/cnbb-caritas-lancam-campanha-mundial-contra-fome-pobreza\/\">&nbsp;<\/a><script>!function(d,s,id){var js,fjs=d.getElementsByTagName(s)[0],p=\/^http:\/.test(d.location)?'http':'https';if(!d.getElementById(id)){js=d.createElement(s);js.id=id;js.src=p+':\/\/platform.twitter.com\/widgets.js';fjs.parentNode.insertBefore(js,fjs);}}(document, 'script', 'twitter-wjs');<\/script><\/li><li class=\"gplus\" style=\"width:68px\"><div class=\"g-plusone\" data-size=\"medium\" data-href=\"https:\/\/www.caritasne2.org.br\/site\/cnbb-caritas-lancam-campanha-mundial-contra-fome-pobreza\/\"><\/div><\/li><li class=\"ssb_linkedin\" style=\"width:64px\"><script src=\"\/\/platform.linkedin.com\/in.js\" type=\"text\/javascript\">lang: en_US<\/script><script type=\"IN\/Share\" data-url=\"https:\/\/www.caritasne2.org.br\/site\/cnbb-caritas-lancam-campanha-mundial-contra-fome-pobreza\/\" data-counter=\"right\"><\/script><\/li><\/ul>","protected":false},"excerpt":{"rendered":"<p>Uma onda de ora\u00e7\u00e3o que ocorrer\u00e1 em v\u00e1rias partes do planeta dar\u00e1 in\u00edcio a campanha que debater\u00e1 realidade da pobreza no Brasil no mundo; mensagem exclusiva do Papa Francisco em apoio \u00e0 mobiliza\u00e7\u00e3o mundial ser\u00e1 divulgada durante o lan\u00e7amento No pr\u00f3ximo dia 10 de dezembro, Dia Internacional dos Direitos Humanos, a Confer\u00eancia Nacional dos Bispos do Brasil (CNBB) e a C\u00e1ritas Brasileira lan\u00e7ar\u00e3o uma campanha [&hellip;]<\/p>\n<ul class=\"ssb_list_wrapper\"><li class=\"fb2\" style=\"width:135px\"><iframe src=\"\/\/www.facebook.com\/plugins\/like.php?href=https%3A%2F%2Fwww.caritasne2.org.br%2Fsite%2Fcnbb-caritas-lancam-campanha-mundial-contra-fome-pobreza%2F&amp;layout=button_count&amp;action=like&amp;show_faces=false&amp;share=true&amp;width=135&amp;height=21&amp;appId=307091639398582\" scrolling=\"no\" frameborder=\"0\" style=\"border:none; overflow:hidden;  width:150px; height:21px;\" allowTransparency=\"true\"><\/iframe><\/li><li class=\"twtr\" style=\"width:90px\"><a href=\"https:\/\/twitter.com\/share\" class=\"twitter-share-button\" data-url=\"https:\/\/www.caritasne2.org.br\/site\/cnbb-caritas-lancam-campanha-mundial-contra-fome-pobreza\/\">&nbsp;<\/a><script>!function(d,s,id){var js,fjs=d.getElementsByTagName(s)[0],p=\/^http:\/.test(d.location)?'http':'https';if(!d.getElementById(id)){js=d.createElement(s);js.id=id;js.src=p+':\/\/platform.twitter.com\/widgets.js';fjs.parentNode.insertBefore(js,fjs);}}(document, 'script', 'twitter-wjs');<\/script><\/li><li class=\"gplus\" style=\"width:68px\"><div class=\"g-plusone\" data-size=\"medium\" data-href=\"https:\/\/www.caritasne2.org.br\/site\/cnbb-caritas-lancam-campanha-mundial-contra-fome-pobreza\/\"><\/div><\/li><li class=\"ssb_linkedin\" style=\"width:64px\"><script src=\"\/\/platform.linkedin.com\/in.js\" type=\"text\/javascript\">lang: en_US<\/script><script type=\"IN\/Share\" data-url=\"https:\/\/www.caritasne2.org.br\/site\/cnbb-caritas-lancam-campanha-mundial-contra-fome-pobreza\/\" data-counter=\"right\"><\/script><\/li><\/ul>","protected":false},"author":4,"featured_media":1512,"comment_status":"open","ping_status":"open","sticky":false,"template":"","format":"standard","meta":[],"categories":[36,20],"tags":[309,342,67,310,311],"_links":{"self":[{"href":"https:\/\/www.caritasne2.org.br\/site\/wp-json\/wp\/v2\/posts\/1511"}],"collection":[{"href":"https:\/\/www.caritasne2.org.br\/site\/wp-json\/wp\/v2\/posts"}],"about":[{"href":"https:\/\/www.caritasne2.org.br\/site\/wp-json\/wp\/v2\/types\/post"}],"author":[{"embeddable":true,"href":"https:\/\/www.caritasne2.org.br\/site\/wp-json\/wp\/v2\/users\/4"}],"replies":[{"embeddable":true,"href":"https:\/\/www.caritasne2.org.br\/site\/wp-json\/wp\/v2\/comments?post=1511"}],"version-history":[{"count":0,"href":"https:\/\/www.caritasne2.org.br\/site\/wp-json\/wp\/v2\/posts\/1511\/revisions"}],"wp:featuredmedia":[{"embeddable":true,"href":"https:\/\/www.caritasne2.org.br\/site\/wp-json\/"}],"wp:attachment":[{"href":"https:\/\/www.caritasne2.org.br\/site\/wp-json\/wp\/v2\/media?parent=1511"}],"wp:term":[{"taxonomy":"category","embeddable":true,"href":"https:\/\/www.caritasne2.org.br\/site\/wp-json\/wp\/v2\/categories?post=1511"},{"taxonomy":"post_tag","embeddable":true,"href":"https:\/\/www.caritasne2.org.br\/site\/wp-json\/wp\/v2\/tags?post=1511"}],"curies":[{"name":"wp","href":"https:\/\/api.w.org\/{rel}","templated":true}]}}