{"id":1507,"date":"2013-11-28T11:50:29","date_gmt":"2013-11-28T13:50:29","guid":{"rendered":"http:\/\/ne2.caritas.org.br.s174889.gridserver.com\/?p=1507"},"modified":"2017-07-11T15:23:16","modified_gmt":"2017-07-11T18:23:16","slug":"sos-filipinas-caritas-segue-avancando-apoio-emergencial-ao-povo-filipino","status":"publish","type":"post","link":"https:\/\/www.caritasne2.org.br\/site\/sos-filipinas-caritas-segue-avancando-apoio-emergencial-ao-povo-filipino\/","title":{"rendered":"SOS FILIPINAS \u2013 C\u00e1ritas segue avan\u00e7ando no apoio emergencial ao povo filipino"},"content":{"rendered":"<p style=\"text-align: justify;\">Toda a rede C\u00e1ritas segue com os seus trabalhos de mobiliza\u00e7\u00e3o em resposta emergencial \u00e0s necessidades dos afetados pelo desastre causado nas Filipinas pelo supertuf\u00e3o Haiyan. O papel dos volunt\u00e1rios e equipes locais da C\u00e1ritas Filipinas \u00e9 vital para os trabalhos de aux\u00edlio, como \u00e9 o caso da C\u00e1ritas Manila, que nos \u00faltimos dias tem distribu\u00eddo \u00e0s v\u00edtimas 75 mil kits de emerg\u00eancia que incluem alimentos, medicamentos, utens\u00edlios de higiene e limpeza.<\/p>\n<p style=\"text-align: justify;\"><strong>Identifica\u00e7\u00e3o dos atingidos mais vulner\u00e1veis<\/strong><\/p>\n<p style=\"text-align: justify;\">Quinze volunt\u00e1rios da C\u00e1ritas Filipinas est\u00e3o cedidos \u00e0s dioceses afetadas pelo tuf\u00e3o e l\u00e1 est\u00e3o identificando fam\u00edlias e comunidades em condi\u00e7\u00f5es mais prec\u00e1rias e as direcionam para serem inclu\u00eddas no Plano de Resposta a Emerg\u00eancia.<\/p>\n<p style=\"text-align: justify;\">Este plano, que C\u00e1ritas Filipinas lan\u00e7ou na \u00faltima quinta-feira, conta com a colabora\u00e7\u00e3o de v\u00e1rias C\u00e1ritas no mundo, como a C\u00e1ritas Espanha que enviou 700 mil euros, e a C\u00e1ritas Brasileira\/CNBB que lan\u00e7ou campanha emergencial de arrecada\u00e7\u00e3o de recursos que ser\u00e3o enviados para a C\u00e1ritas Filipinas. O plano tem execu\u00e7\u00e3o prevista para seis meses e pretende ajudar 275 mil pessoas em sete prov\u00edncias mais danificadas. O or\u00e7amento para a execu\u00e7\u00e3o desse projeto \u00e9 de 5 milh\u00f5es de euros.<\/p>\n<p style=\"text-align: justify;\"><strong>A\u00e7\u00f5es da rede internacional<\/strong><\/p>\n<p style=\"text-align: justify;\">As equipes da rede internacional de C\u00e1ritas tamb\u00e9m seguem trabalhando nas Filipinas. Em Palo e Tolosa foram distribu\u00eddos mais de 7 mil lonas para abrigos tempor\u00e1rios e outros 8 mil kits de utens\u00edlios de higiene pessoal em Palo. Al\u00e9m disso, na cidade de Bislig foi instalado um centro de fornecimento de \u00e1gua pot\u00e1vel.<\/p>\n<p style=\"text-align: justify;\">\u00a0Nove mil casas de Santa F\u00e9 e Madridejos, na ilha de Bantayan, est\u00e3o recebendo itens de primeira necessidade (alimentos e produtos de higiene) gra\u00e7as a uma opera\u00e7\u00e3o conjunta da rede C\u00e1ritas e quatro organiza\u00e7\u00f5es locais. Um programa similar ser\u00e1 desenvolvido em Samar e Leyte.<\/p>\n<p style=\"text-align: justify;\">\u00a0As equipe da C\u00e1ritas em Cebu j\u00e1 receberam o segundo avi\u00e3o com suprimentos de emerg\u00eancia com equipamentos m\u00e9dicos, placas solares e 1300 lonas para abrigos tempor\u00e1rios.<\/p>\n<p style=\"text-align: justify;\"><strong>A reabilita\u00e7\u00e3o levar\u00e1 anos<\/strong><\/p>\n<p style=\"text-align: justify;\">As regi\u00f5es atingidas pelo supertuf\u00e3o Haiyan levar\u00e3o anos para serem reabilitadas, como dizem o Governo Filipino, C\u00e1ritas e outras organiza\u00e7\u00f5es humanit\u00e1rias.<\/p>\n<p style=\"text-align: justify;\">De acordo com os \u00faltimos dados do Departamento Filipino de Bem estar Social e Desenvolvimento, h\u00e1 um total de 10 milh\u00f5es de pessoas afetadas, 10.724 aldeias, 575 munic\u00edpios, 44 prov\u00edncias e nove regi\u00f5es. Mais 4,2 milh\u00f5es de pessoas foram obrigadas a deixar seu lugar de origem por consequ\u00eancia da cat\u00e1strofe. Estima-se que mais de 1 milh\u00e3o e 100 mil casas tenham sido danificadas, sendo que meio milh\u00e3o foi totalmente destru\u00edda.<\/p>\n<p style=\"text-align: justify;\"><strong>Mensagem dos bispos filipinos<\/strong><\/p>\n<p style=\"text-align: justify;\">\u00a0Enquanto a rede C\u00e1ritas continua trabalhando para que a ajuda chegue em todas as regi\u00f5es afetadas pelo supertuf\u00e3o Haiyan, a Confer\u00eancia Episcopal Filipina emitiu uma declara\u00e7\u00e3o pastoral em agradecimento aos seus compatriotas e toda a comunidade internacional pela solidariedade ao povo filipino.<\/p>\n<p style=\"text-align: justify;\">Dizem os bispos: \u201c\u00e9 inspirador ver as pessoas que moram perto do desastre levarem \u00e1gua, comida e medicamentos para os sobreviventes. Observar como as fam\u00edlias abrem seus lares para acolher outras pessoas que perderam suas casas e n\u00e3o t\u00eam abrigo. Essas pessoas s\u00e3o manifesta\u00e7\u00f5es de solidariedade, de uma vida de caridade.\u201d<\/p>\n<p style=\"text-align: justify;\">\u00a0Fonte: C\u00e1ritas Am\u00e9rica Latina e Caribe<\/p>\n<ul class=\"ssb_list_wrapper\"><li class=\"fb2\" style=\"width:135px\"><iframe src=\"\/\/www.facebook.com\/plugins\/like.php?href=https%3A%2F%2Fwww.caritasne2.org.br%2Fsite%2Fsos-filipinas-caritas-segue-avancando-apoio-emergencial-ao-povo-filipino%2F&amp;layout=button_count&amp;action=like&amp;show_faces=false&amp;share=true&amp;width=135&amp;height=21&amp;appId=307091639398582\" scrolling=\"no\" frameborder=\"0\" style=\"border:none; overflow:hidden;  width:150px; height:21px;\" allowTransparency=\"true\"><\/iframe><\/li><li class=\"twtr\" style=\"width:90px\"><a href=\"https:\/\/twitter.com\/share\" class=\"twitter-share-button\" data-url=\"https:\/\/www.caritasne2.org.br\/site\/sos-filipinas-caritas-segue-avancando-apoio-emergencial-ao-povo-filipino\/\">&nbsp;<\/a><script>!function(d,s,id){var js,fjs=d.getElementsByTagName(s)[0],p=\/^http:\/.test(d.location)?'http':'https';if(!d.getElementById(id)){js=d.createElement(s);js.id=id;js.src=p+':\/\/platform.twitter.com\/widgets.js';fjs.parentNode.insertBefore(js,fjs);}}(document, 'script', 'twitter-wjs');<\/script><\/li><li class=\"gplus\" style=\"width:68px\"><div class=\"g-plusone\" data-size=\"medium\" data-href=\"https:\/\/www.caritasne2.org.br\/site\/sos-filipinas-caritas-segue-avancando-apoio-emergencial-ao-povo-filipino\/\"><\/div><\/li><li class=\"ssb_linkedin\" style=\"width:64px\"><script src=\"\/\/platform.linkedin.com\/in.js\" type=\"text\/javascript\">lang: en_US<\/script><script type=\"IN\/Share\" data-url=\"https:\/\/www.caritasne2.org.br\/site\/sos-filipinas-caritas-segue-avancando-apoio-emergencial-ao-povo-filipino\/\" data-counter=\"right\"><\/script><\/li><\/ul>","protected":false},"excerpt":{"rendered":"<p>Toda a rede C\u00e1ritas segue com os seus trabalhos de mobiliza\u00e7\u00e3o em resposta emergencial \u00e0s necessidades dos afetados pelo desastre causado nas Filipinas pelo supertuf\u00e3o Haiyan. O papel dos volunt\u00e1rios e equipes locais da C\u00e1ritas Filipinas \u00e9 vital para os trabalhos de aux\u00edlio, como \u00e9 o caso da C\u00e1ritas Manila, que nos \u00faltimos dias tem distribu\u00eddo \u00e0s v\u00edtimas 75 mil kits de emerg\u00eancia que incluem [&hellip;]<\/p>\n<ul class=\"ssb_list_wrapper\"><li class=\"fb2\" style=\"width:135px\"><iframe src=\"\/\/www.facebook.com\/plugins\/like.php?href=https%3A%2F%2Fwww.caritasne2.org.br%2Fsite%2Fsos-filipinas-caritas-segue-avancando-apoio-emergencial-ao-povo-filipino%2F&amp;layout=button_count&amp;action=like&amp;show_faces=false&amp;share=true&amp;width=135&amp;height=21&amp;appId=307091639398582\" scrolling=\"no\" frameborder=\"0\" style=\"border:none; overflow:hidden;  width:150px; height:21px;\" allowTransparency=\"true\"><\/iframe><\/li><li class=\"twtr\" style=\"width:90px\"><a href=\"https:\/\/twitter.com\/share\" class=\"twitter-share-button\" data-url=\"https:\/\/www.caritasne2.org.br\/site\/sos-filipinas-caritas-segue-avancando-apoio-emergencial-ao-povo-filipino\/\">&nbsp;<\/a><script>!function(d,s,id){var js,fjs=d.getElementsByTagName(s)[0],p=\/^http:\/.test(d.location)?'http':'https';if(!d.getElementById(id)){js=d.createElement(s);js.id=id;js.src=p+':\/\/platform.twitter.com\/widgets.js';fjs.parentNode.insertBefore(js,fjs);}}(document, 'script', 'twitter-wjs');<\/script><\/li><li class=\"gplus\" style=\"width:68px\"><div class=\"g-plusone\" data-size=\"medium\" data-href=\"https:\/\/www.caritasne2.org.br\/site\/sos-filipinas-caritas-segue-avancando-apoio-emergencial-ao-povo-filipino\/\"><\/div><\/li><li class=\"ssb_linkedin\" style=\"width:64px\"><script src=\"\/\/platform.linkedin.com\/in.js\" type=\"text\/javascript\">lang: en_US<\/script><script type=\"IN\/Share\" data-url=\"https:\/\/www.caritasne2.org.br\/site\/sos-filipinas-caritas-segue-avancando-apoio-emergencial-ao-povo-filipino\/\" data-counter=\"right\"><\/script><\/li><\/ul>","protected":false},"author":4,"featured_media":1508,"comment_status":"open","ping_status":"open","sticky":false,"template":"","format":"standard","meta":[],"categories":[36,20],"tags":[67,328,329],"_links":{"self":[{"href":"https:\/\/www.caritasne2.org.br\/site\/wp-json\/wp\/v2\/posts\/1507"}],"collection":[{"href":"https:\/\/www.caritasne2.org.br\/site\/wp-json\/wp\/v2\/posts"}],"about":[{"href":"https:\/\/www.caritasne2.org.br\/site\/wp-json\/wp\/v2\/types\/post"}],"author":[{"embeddable":true,"href":"https:\/\/www.caritasne2.org.br\/site\/wp-json\/wp\/v2\/users\/4"}],"replies":[{"embeddable":true,"href":"https:\/\/www.caritasne2.org.br\/site\/wp-json\/wp\/v2\/comments?post=1507"}],"version-history":[{"count":0,"href":"https:\/\/www.caritasne2.org.br\/site\/wp-json\/wp\/v2\/posts\/1507\/revisions"}],"wp:featuredmedia":[{"embeddable":true,"href":"https:\/\/www.caritasne2.org.br\/site\/wp-json\/"}],"wp:attachment":[{"href":"https:\/\/www.caritasne2.org.br\/site\/wp-json\/wp\/v2\/media?parent=1507"}],"wp:term":[{"taxonomy":"category","embeddable":true,"href":"https:\/\/www.caritasne2.org.br\/site\/wp-json\/wp\/v2\/categories?post=1507"},{"taxonomy":"post_tag","embeddable":true,"href":"https:\/\/www.caritasne2.org.br\/site\/wp-json\/wp\/v2\/tags?post=1507"}],"curies":[{"name":"wp","href":"https:\/\/api.w.org\/{rel}","templated":true}]}}