{"id":1500,"date":"2013-11-28T11:36:32","date_gmt":"2013-11-28T13:36:32","guid":{"rendered":"http:\/\/ne2.caritas.org.br.s174889.gridserver.com\/?p=1500"},"modified":"2017-07-11T15:23:16","modified_gmt":"2017-07-11T18:23:16","slug":"festa-celebra-10-anos-da-caritas-alagoas","status":"publish","type":"post","link":"https:\/\/www.caritasne2.org.br\/site\/festa-celebra-10-anos-da-caritas-alagoas\/","title":{"rendered":"Festa celebra 10 anos da C\u00e1ritas Alagoas"},"content":{"rendered":"<p style=\"text-align: justify;\">Na noite da \u00faltima sexta-feira (22) durante a programa\u00e7\u00e3o da VI Assembleia Regional, foi celebrado os 10 anos da Rede C\u00e1ritas de Alagoas (C\u00e1ritas Diocesana de Palmeira dos \u00cdndios, C\u00e1ritas Arquidiocesana de Macei\u00f3 e C\u00e1ritas Diocesana de Penedo). N\u00e3o faltou anima\u00e7\u00e3o, m\u00fasica e bolo para a ocasi\u00e3o. A festa foi animada pela apresenta\u00e7\u00e3o dos alunos da Escola Estadual Professor Arruda Marinho com dan\u00e7as africanas, Grupo de Bacamarteiros da cidade de Sanhar\u00f3 e muito forr\u00f3 com o conjunto musical Juntos e Misturados. Na programa\u00e7\u00e3o, tamb\u00e9m uma m\u00edstica para relembrar a trajet\u00f3ria da C\u00e1ritas Alagoas e ainda foi servido um coquetel e dois grandes bolos para celebrar o anivers\u00e1rio.<\/p>\n<p style=\"text-align: justify;\">\u00a0\u201cA caminhada da C\u00e1ritas no Estado, nesses 10 anos, foi fruto da determina\u00e7\u00e3o<a href=\"http:\/\/ne2.caritas.org.br.s174889.gridserver.com\/2013\/11\/28\/festa-celebra-10-anos-da-caritas-alagoas\/copia-de-festa-dos-10-anos\/\" rel=\"attachment wp-att-1502\"><img decoding=\"async\" loading=\"lazy\" class=\"alignright size-medium wp-image-1502\" title=\"C\u00f3pia de Festa dos 10 anos\" src=\"http:\/\/ne2.caritas.org.br.s174889.gridserver.com\/wp-content\/uploads\/2013\/11\/C\u00f3pia-de-Festa-dos-10-anos-300x225.jpg\" alt=\"\" width=\"300\" height=\"225\" \/><\/a> e da redentora ousadia da Igreja particular de Alagoas e gra\u00e7as aos parceiros, colaboradores e volunt\u00e1rios que contribu\u00edram para a a\u00e7\u00e3o e miss\u00e3o da C\u00e1ritas. Continuemos com a miss\u00e3o da constru\u00e7\u00e3o solid\u00e1ria de uma sociedade justa e igualit\u00e1ria, junto com as pessoas em situa\u00e7\u00e3o de exclus\u00e3o social\u201d, enfatizou o volunt\u00e1rio da C\u00e1ritas Diocesana de Penedo-AL, Jos\u00e9 Matias.<\/p>\n<p style=\"text-align: justify;\"><strong>Assembleia: <\/strong>De 22 a 24 de novembro a C\u00e1ritas realizou sua VI Assembleia Regional. O evento aconteceu no Semin\u00e1rio S\u00e3o Jos\u00e9, em Pesqueira (PE). O encontro reuniu participantes dos estados de Alagoas,\u00a0 Para\u00edba,\u00a0 Pernambuco, Rio\u00a0 Grande\u00a0 do\u00a0 Norte,\u00a0 al\u00e9m\u00a0 de convidados\u00a0 de\u00a0 outras\u00a0 regi\u00f5es\u00a0 do pa\u00eds, para re\ufb02etir sobre a pr\u00e1tica da solidariedade a partir das a\u00e7\u00f5es e das experi\u00eancias da Rede C\u00e1ritas<\/p>\n<p style=\"text-align: justify;\">Por Daniel Ferreira | Assessoria de Comunica\u00e7\u00e3o da C\u00e1ritas Diocesana de Pesqueira.<\/p>\n<p>&nbsp;<\/p>\n<ul class=\"ssb_list_wrapper\"><li class=\"fb2\" style=\"width:135px\"><iframe src=\"\/\/www.facebook.com\/plugins\/like.php?href=https%3A%2F%2Fwww.caritasne2.org.br%2Fsite%2Ffesta-celebra-10-anos-da-caritas-alagoas%2F&amp;layout=button_count&amp;action=like&amp;show_faces=false&amp;share=true&amp;width=135&amp;height=21&amp;appId=307091639398582\" scrolling=\"no\" frameborder=\"0\" style=\"border:none; overflow:hidden;  width:150px; height:21px;\" allowTransparency=\"true\"><\/iframe><\/li><li class=\"twtr\" style=\"width:90px\"><a href=\"https:\/\/twitter.com\/share\" class=\"twitter-share-button\" data-url=\"https:\/\/www.caritasne2.org.br\/site\/festa-celebra-10-anos-da-caritas-alagoas\/\">&nbsp;<\/a><script>!function(d,s,id){var js,fjs=d.getElementsByTagName(s)[0],p=\/^http:\/.test(d.location)?'http':'https';if(!d.getElementById(id)){js=d.createElement(s);js.id=id;js.src=p+':\/\/platform.twitter.com\/widgets.js';fjs.parentNode.insertBefore(js,fjs);}}(document, 'script', 'twitter-wjs');<\/script><\/li><li class=\"gplus\" style=\"width:68px\"><div class=\"g-plusone\" data-size=\"medium\" data-href=\"https:\/\/www.caritasne2.org.br\/site\/festa-celebra-10-anos-da-caritas-alagoas\/\"><\/div><\/li><li class=\"ssb_linkedin\" style=\"width:64px\"><script src=\"\/\/platform.linkedin.com\/in.js\" type=\"text\/javascript\">lang: en_US<\/script><script type=\"IN\/Share\" data-url=\"https:\/\/www.caritasne2.org.br\/site\/festa-celebra-10-anos-da-caritas-alagoas\/\" data-counter=\"right\"><\/script><\/li><\/ul>","protected":false},"excerpt":{"rendered":"<p>Na noite da \u00faltima sexta-feira (22) durante a programa\u00e7\u00e3o da VI Assembleia Regional, foi celebrado os 10 anos da Rede C\u00e1ritas de Alagoas (C\u00e1ritas Diocesana de Palmeira dos \u00cdndios, C\u00e1ritas Arquidiocesana de Macei\u00f3 e C\u00e1ritas Diocesana de Penedo). N\u00e3o faltou anima\u00e7\u00e3o, m\u00fasica e bolo para a ocasi\u00e3o. A festa foi animada pela apresenta\u00e7\u00e3o dos alunos da Escola Estadual Professor Arruda Marinho com dan\u00e7as africanas, Grupo [&hellip;]<\/p>\n<ul class=\"ssb_list_wrapper\"><li class=\"fb2\" style=\"width:135px\"><iframe src=\"\/\/www.facebook.com\/plugins\/like.php?href=https%3A%2F%2Fwww.caritasne2.org.br%2Fsite%2Ffesta-celebra-10-anos-da-caritas-alagoas%2F&amp;layout=button_count&amp;action=like&amp;show_faces=false&amp;share=true&amp;width=135&amp;height=21&amp;appId=307091639398582\" scrolling=\"no\" frameborder=\"0\" style=\"border:none; overflow:hidden;  width:150px; height:21px;\" allowTransparency=\"true\"><\/iframe><\/li><li class=\"twtr\" style=\"width:90px\"><a href=\"https:\/\/twitter.com\/share\" class=\"twitter-share-button\" data-url=\"https:\/\/www.caritasne2.org.br\/site\/festa-celebra-10-anos-da-caritas-alagoas\/\">&nbsp;<\/a><script>!function(d,s,id){var js,fjs=d.getElementsByTagName(s)[0],p=\/^http:\/.test(d.location)?'http':'https';if(!d.getElementById(id)){js=d.createElement(s);js.id=id;js.src=p+':\/\/platform.twitter.com\/widgets.js';fjs.parentNode.insertBefore(js,fjs);}}(document, 'script', 'twitter-wjs');<\/script><\/li><li class=\"gplus\" style=\"width:68px\"><div class=\"g-plusone\" data-size=\"medium\" data-href=\"https:\/\/www.caritasne2.org.br\/site\/festa-celebra-10-anos-da-caritas-alagoas\/\"><\/div><\/li><li class=\"ssb_linkedin\" style=\"width:64px\"><script src=\"\/\/platform.linkedin.com\/in.js\" type=\"text\/javascript\">lang: en_US<\/script><script type=\"IN\/Share\" data-url=\"https:\/\/www.caritasne2.org.br\/site\/festa-celebra-10-anos-da-caritas-alagoas\/\" data-counter=\"right\"><\/script><\/li><\/ul>","protected":false},"author":4,"featured_media":1501,"comment_status":"open","ping_status":"open","sticky":false,"template":"","format":"standard","meta":[],"categories":[20,333],"tags":[67,339,340],"_links":{"self":[{"href":"https:\/\/www.caritasne2.org.br\/site\/wp-json\/wp\/v2\/posts\/1500"}],"collection":[{"href":"https:\/\/www.caritasne2.org.br\/site\/wp-json\/wp\/v2\/posts"}],"about":[{"href":"https:\/\/www.caritasne2.org.br\/site\/wp-json\/wp\/v2\/types\/post"}],"author":[{"embeddable":true,"href":"https:\/\/www.caritasne2.org.br\/site\/wp-json\/wp\/v2\/users\/4"}],"replies":[{"embeddable":true,"href":"https:\/\/www.caritasne2.org.br\/site\/wp-json\/wp\/v2\/comments?post=1500"}],"version-history":[{"count":0,"href":"https:\/\/www.caritasne2.org.br\/site\/wp-json\/wp\/v2\/posts\/1500\/revisions"}],"wp:featuredmedia":[{"embeddable":true,"href":"https:\/\/www.caritasne2.org.br\/site\/wp-json\/"}],"wp:attachment":[{"href":"https:\/\/www.caritasne2.org.br\/site\/wp-json\/wp\/v2\/media?parent=1500"}],"wp:term":[{"taxonomy":"category","embeddable":true,"href":"https:\/\/www.caritasne2.org.br\/site\/wp-json\/wp\/v2\/categories?post=1500"},{"taxonomy":"post_tag","embeddable":true,"href":"https:\/\/www.caritasne2.org.br\/site\/wp-json\/wp\/v2\/tags?post=1500"}],"curies":[{"name":"wp","href":"https:\/\/api.w.org\/{rel}","templated":true}]}}