{"id":1486,"date":"2013-11-27T18:05:13","date_gmt":"2013-11-27T20:05:13","guid":{"rendered":"http:\/\/ne2.caritas.org.br.s174889.gridserver.com\/?p=1486"},"modified":"2017-07-11T15:23:16","modified_gmt":"2017-07-11T18:23:16","slug":"projeto-em-homenagem-dom-helder-constroi-centesima-cisterna-em-comunidade-quilombola","status":"publish","type":"post","link":"https:\/\/www.caritasne2.org.br\/site\/projeto-em-homenagem-dom-helder-constroi-centesima-cisterna-em-comunidade-quilombola\/","title":{"rendered":"Projeto em homenagem a Dom H\u00e9lder constr\u00f3i cent\u00e9sima cisterna em comunidade quilombola"},"content":{"rendered":"<p style=\"text-align: center;\"><em>O mutir\u00e3o para constru\u00e7\u00e3o da cent\u00e9sima cisterna aconteceu como parte da programa\u00e7\u00e3o da Semana da Solidariedade da rede C\u00e1ritas no Brasil<\/em><\/p>\n<p style=\"text-align: justify;\">Por tr\u00e1s de uma apar\u00eancia fr\u00e1gil, castigada pelo sol e pelas longas caminhadas para conseguir \u00e1gua para beber e fazer os servi\u00e7os dom\u00e9sticos, encontra-se uma mulher forte, batalhadora e m\u00e3e de dois filhos. Moradora da comunidade quilombola Guaxinim, situada no munic\u00edpio de Cacimbinhas (AL), a agricultora Luzia Gon\u00e7alves dos Santos, 43 anos, n\u00e3o escondeu o entusiasmo quando o mutir\u00e3o de agentes C\u00e1ritas chegou a sua casa para construir a cent\u00e9sima cisterna de placa do projeto \u201c100 Cisternas no Centen\u00e1rio de Dom H\u00e9lder Cam\u00e2ra\u201d.<\/p>\n<p style=\"text-align: justify;\">\u201cA cisterna vai evitar que eu carregue \u00e1gua na cabe\u00e7a, porque n\u00f3s tiramos \u00e1gua dos barreiros que ficam distantes da comunidade, e ainda \u00e9 muito pesado pra carregar tantos baldes. Eu estou muito feliz por ter agora uma cisterna no quintal da minha casa\u201d, disse a agricultora.<\/p>\n<p style=\"text-align: justify;\">O mutir\u00e3o para constru\u00e7\u00e3o da cent\u00e9sima cisterna aconteceu no dia 12 de novembro, data de celebra\u00e7\u00e3o dos 57 anos de a\u00e7\u00f5es solid\u00e1rias da rede C\u00e1ritas no Brasil, e que ocorreu como parte da programa\u00e7\u00e3o da Semana da Solidariedade que acontece todos os anos, de 5 a 12 de novembro, em todo o pa\u00eds.<\/p>\n<p style=\"text-align: justify;\">A atividade contou com participa\u00e7\u00e3o de agentes C\u00e1ritas do Regional Nordeste 2, entre representantes do escrit\u00f3rio regional, das C\u00e1ritas Diocesanas de Palmeira dos \u00cdndios, C\u00e1ritas Diocesana de Penedo, al\u00e9m dos t\u00e9cnicos de campo e das fam\u00edlias da regi\u00e3o. Na ocasi\u00e3o, o mutir\u00e3o participou da constru\u00e7\u00e3o de uma cisterna com capacidade paraarmazenar 16 mil litros de \u00e1gua.<\/p>\n<p style=\"text-align: justify;\"><a href=\"http:\/\/ne2.caritas.org.br.s174889.gridserver.com\/2013\/11\/27\/projeto-em-homenagem-dom-helder-constroi-centesima-cisterna-em-comunidade-quilombola\/cisterna-01-3\/\" rel=\"attachment wp-att-1488\"><img decoding=\"async\" loading=\"lazy\" class=\"wp-image-1488 alignnone\" title=\"Cisterna 01\" src=\"http:\/\/ne2.caritas.org.br.s174889.gridserver.com\/wp-content\/uploads\/2013\/11\/Cisterna-012-300x225.jpg\" alt=\"\" width=\"223\" height=\"165\" \/><\/a> \u00a0 \u00a0\u00a0\u00a0 \u00a0 \u00a0 <a href=\"http:\/\/ne2.caritas.org.br.s174889.gridserver.com\/2013\/11\/27\/projeto-em-homenagem-dom-helder-constroi-centesima-cisterna-em-comunidade-quilombola\/sam_0115-2\/\" rel=\"attachment wp-att-1494\"><img decoding=\"async\" loading=\"lazy\" class=\"wp-image-1494\" title=\"SAM_0115\" src=\"http:\/\/ne2.caritas.org.br.s174889.gridserver.com\/wp-content\/uploads\/2013\/11\/SAM_01151-300x225.jpg\" alt=\"\" width=\"221\" height=\"167\" \/><\/a><\/p>\n<p style=\"text-align: justify;\">A comunidade escolhida para receber a cisterna j\u00e1 \u00e9 reconhecida pelo governo como quilombola, e \u00e9 liderada por mulheres que vem lutando pela demarca\u00e7\u00e3o da terra. Cerca de 200 fam\u00edlias moram no local e a maioria n\u00e3o tem onde plantar e acaba dependendo dos trabalhos ofertados pelos fazendeiros da regi\u00e3o.<\/p>\n<p style=\"text-align: justify;\">Para a articuladora das a\u00e7\u00f5es de economia popular solid\u00e1ria no estado de Alagoas, Maria Mafra, a palavra solidariedade significa estar junto. \u201c\u00c9 muito importante que o regional esteja pr\u00f3ximo das fam\u00edlias. Pensamos em ajudar a comunidade para trazer um pouco mais de esperan\u00e7a. Partilhar com essas pessoas este momento de constru\u00e7\u00e3o da cent\u00e9sima cisterna e o anivers\u00e1rio da C\u00e1ritas, pra mim \u00e9 muito gratificante\u201d, disse.<\/p>\n<p style=\"text-align: justify;\">Como forma de agradecimento, a comunidade preparou um almo\u00e7o com alimentos t\u00edpicos da regi\u00e3o. No card\u00e1pio, uma galinhada com fava (leguminosas) foi saboreada por todos. \u00c0 tarde, foi celebrado os 57 anos da C\u00e1ritas com um bolo oferecido pela rede C\u00e1ritas de Alagoas. Na oportunidade, os presentes tamb\u00e9m refletiram sobre o sentido da Semana da Solidariedade.<\/p>\n<p style=\"text-align: justify;\"><a href=\"http:\/\/ne2.caritas.org.br.s174889.gridserver.com\/2013\/11\/27\/projeto-em-homenagem-dom-helder-constroi-centesima-cisterna-em-comunidade-quilombola\/sam_0208-2\/\" rel=\"attachment wp-att-1490\"><img decoding=\"async\" loading=\"lazy\" class=\"aligncenter  wp-image-1490\" title=\"SAM_0208\" src=\"http:\/\/ne2.caritas.org.br.s174889.gridserver.com\/wp-content\/uploads\/2013\/11\/SAM_02081-300x225.jpg\" alt=\"\" width=\"262\" height=\"194\" \/><\/a><\/p>\n<p style=\"text-align: justify;\"><strong>\u00a0Amplia\u00e7\u00e3o:<\/strong>dando continuidade a parceria entre a C\u00e1ritas e o Comit\u00ea Betinho, mais 20 cisternas de placa com capacidade de armazenamento para 16 mil litros ser\u00e3o constru\u00eddas na comunidade. A nova proposta vai priorizar o resgate da cultura tradicional dos povos quilombolas da regi\u00e3o. De acordo com o secret\u00e1rio da C\u00e1ritas NE2, Pe. Jandeilson Rodrigues Alencar, a ideia \u00e9 sensibilizar as fam\u00edlias para trabalhar a gest\u00e3o da \u00e1gua para consumo humano e cozinhar, bem como apostar na produ\u00e7\u00e3o de alimentos, com foco nos quintais produtivos.<\/p>\n<p style=\"text-align: justify;\">\u201cO nosso desafio \u00e9 organizar os quintais para que se tornem produtivos e, a partir da\u00ed envolver as fam\u00edlias na constru\u00e7\u00e3o de pequenas hortas, plantio de fruteiras e a farm\u00e1cia viva (canteiros de plantas medicinais), que ajudem na produ\u00e7\u00e3o e consumo de alimentos pelas fam\u00edlias\u201d, explicou o secret\u00e1rio da C\u00e1ritas NE2.<\/p>\n<p style=\"text-align: justify;\">Ainda segundo Pe. Jandeilson, a proposta de agregar alimentos e \u00e1gua \u201cfaz com que a gente (C\u00e1ritas) trabalhe o combate a fome e a pobreza, principalmente em regi\u00f5es como essa aqui no estado de Alagoas\u201d.<\/p>\n<p style=\"text-align: justify;\">Por Kilma Ferreira | Assessora de Comunica\u00e7\u00e3o da C\u00e1ritas NE2.<\/p>\n<p>&nbsp;<\/p>\n<ul class=\"ssb_list_wrapper\"><li class=\"fb2\" style=\"width:135px\"><iframe src=\"\/\/www.facebook.com\/plugins\/like.php?href=https%3A%2F%2Fwww.caritasne2.org.br%2Fsite%2Fprojeto-em-homenagem-dom-helder-constroi-centesima-cisterna-em-comunidade-quilombola%2F&amp;layout=button_count&amp;action=like&amp;show_faces=false&amp;share=true&amp;width=135&amp;height=21&amp;appId=307091639398582\" scrolling=\"no\" frameborder=\"0\" style=\"border:none; overflow:hidden;  width:150px; height:21px;\" allowTransparency=\"true\"><\/iframe><\/li><li class=\"twtr\" style=\"width:90px\"><a href=\"https:\/\/twitter.com\/share\" class=\"twitter-share-button\" data-url=\"https:\/\/www.caritasne2.org.br\/site\/projeto-em-homenagem-dom-helder-constroi-centesima-cisterna-em-comunidade-quilombola\/\">&nbsp;<\/a><script>!function(d,s,id){var js,fjs=d.getElementsByTagName(s)[0],p=\/^http:\/.test(d.location)?'http':'https';if(!d.getElementById(id)){js=d.createElement(s);js.id=id;js.src=p+':\/\/platform.twitter.com\/widgets.js';fjs.parentNode.insertBefore(js,fjs);}}(document, 'script', 'twitter-wjs');<\/script><\/li><li class=\"gplus\" style=\"width:68px\"><div class=\"g-plusone\" data-size=\"medium\" data-href=\"https:\/\/www.caritasne2.org.br\/site\/projeto-em-homenagem-dom-helder-constroi-centesima-cisterna-em-comunidade-quilombola\/\"><\/div><\/li><li class=\"ssb_linkedin\" style=\"width:64px\"><script src=\"\/\/platform.linkedin.com\/in.js\" type=\"text\/javascript\">lang: en_US<\/script><script type=\"IN\/Share\" data-url=\"https:\/\/www.caritasne2.org.br\/site\/projeto-em-homenagem-dom-helder-constroi-centesima-cisterna-em-comunidade-quilombola\/\" data-counter=\"right\"><\/script><\/li><\/ul>","protected":false},"excerpt":{"rendered":"<p>O mutir\u00e3o para constru\u00e7\u00e3o da cent\u00e9sima cisterna aconteceu como parte da programa\u00e7\u00e3o da Semana da Solidariedade da rede C\u00e1ritas no Brasil Por tr\u00e1s de uma apar\u00eancia fr\u00e1gil, castigada pelo sol e pelas longas caminhadas para conseguir \u00e1gua para beber e fazer os servi\u00e7os dom\u00e9sticos, encontra-se uma mulher forte, batalhadora e m\u00e3e de dois filhos. Moradora da comunidade quilombola Guaxinim, situada no munic\u00edpio de Cacimbinhas (AL), [&hellip;]<\/p>\n<ul class=\"ssb_list_wrapper\"><li class=\"fb2\" style=\"width:135px\"><iframe src=\"\/\/www.facebook.com\/plugins\/like.php?href=https%3A%2F%2Fwww.caritasne2.org.br%2Fsite%2Fprojeto-em-homenagem-dom-helder-constroi-centesima-cisterna-em-comunidade-quilombola%2F&amp;layout=button_count&amp;action=like&amp;show_faces=false&amp;share=true&amp;width=135&amp;height=21&amp;appId=307091639398582\" scrolling=\"no\" frameborder=\"0\" style=\"border:none; overflow:hidden;  width:150px; height:21px;\" allowTransparency=\"true\"><\/iframe><\/li><li class=\"twtr\" style=\"width:90px\"><a href=\"https:\/\/twitter.com\/share\" class=\"twitter-share-button\" data-url=\"https:\/\/www.caritasne2.org.br\/site\/projeto-em-homenagem-dom-helder-constroi-centesima-cisterna-em-comunidade-quilombola\/\">&nbsp;<\/a><script>!function(d,s,id){var js,fjs=d.getElementsByTagName(s)[0],p=\/^http:\/.test(d.location)?'http':'https';if(!d.getElementById(id)){js=d.createElement(s);js.id=id;js.src=p+':\/\/platform.twitter.com\/widgets.js';fjs.parentNode.insertBefore(js,fjs);}}(document, 'script', 'twitter-wjs');<\/script><\/li><li class=\"gplus\" style=\"width:68px\"><div class=\"g-plusone\" data-size=\"medium\" data-href=\"https:\/\/www.caritasne2.org.br\/site\/projeto-em-homenagem-dom-helder-constroi-centesima-cisterna-em-comunidade-quilombola\/\"><\/div><\/li><li class=\"ssb_linkedin\" style=\"width:64px\"><script src=\"\/\/platform.linkedin.com\/in.js\" type=\"text\/javascript\">lang: en_US<\/script><script type=\"IN\/Share\" data-url=\"https:\/\/www.caritasne2.org.br\/site\/projeto-em-homenagem-dom-helder-constroi-centesima-cisterna-em-comunidade-quilombola\/\" data-counter=\"right\"><\/script><\/li><\/ul>","protected":false},"author":4,"featured_media":1493,"comment_status":"open","ping_status":"open","sticky":false,"template":"","format":"standard","meta":[],"categories":[72,20],"tags":[319,67,338],"_links":{"self":[{"href":"https:\/\/www.caritasne2.org.br\/site\/wp-json\/wp\/v2\/posts\/1486"}],"collection":[{"href":"https:\/\/www.caritasne2.org.br\/site\/wp-json\/wp\/v2\/posts"}],"about":[{"href":"https:\/\/www.caritasne2.org.br\/site\/wp-json\/wp\/v2\/types\/post"}],"author":[{"embeddable":true,"href":"https:\/\/www.caritasne2.org.br\/site\/wp-json\/wp\/v2\/users\/4"}],"replies":[{"embeddable":true,"href":"https:\/\/www.caritasne2.org.br\/site\/wp-json\/wp\/v2\/comments?post=1486"}],"version-history":[{"count":0,"href":"https:\/\/www.caritasne2.org.br\/site\/wp-json\/wp\/v2\/posts\/1486\/revisions"}],"wp:featuredmedia":[{"embeddable":true,"href":"https:\/\/www.caritasne2.org.br\/site\/wp-json\/"}],"wp:attachment":[{"href":"https:\/\/www.caritasne2.org.br\/site\/wp-json\/wp\/v2\/media?parent=1486"}],"wp:term":[{"taxonomy":"category","embeddable":true,"href":"https:\/\/www.caritasne2.org.br\/site\/wp-json\/wp\/v2\/categories?post=1486"},{"taxonomy":"post_tag","embeddable":true,"href":"https:\/\/www.caritasne2.org.br\/site\/wp-json\/wp\/v2\/tags?post=1486"}],"curies":[{"name":"wp","href":"https:\/\/api.w.org\/{rel}","templated":true}]}}