{"id":1474,"date":"2013-11-23T20:08:20","date_gmt":"2013-11-23T22:08:20","guid":{"rendered":"http:\/\/ne2.caritas.org.br.s174889.gridserver.com\/?p=1474"},"modified":"2017-07-11T15:23:16","modified_gmt":"2017-07-11T18:23:16","slug":"assembleia-elege-novo-secretario-regional-ne-ii","status":"publish","type":"post","link":"https:\/\/www.caritasne2.org.br\/site\/assembleia-elege-novo-secretario-regional-ne-ii\/","title":{"rendered":"Assembleia elege novo secret\u00e1rio do Regional NE II"},"content":{"rendered":"<p style=\"text-align: justify;\">A Comiss\u00e3o eleitoral da VI Assembleia Regional NE II divulgou o resultado da elei\u00e7\u00e3o para o cargo de secret\u00e1rio Regional. Os nomes apresentados para o processo foram Marcos Bezerra e \u00c2ngelo Zanr\u00e9, ambos do secretariado Regional NE II. Participaram da vota\u00e7\u00e3o delegados das entidades membro, representa\u00e7\u00e3o do secretariado nacional e regional e o bispo de refer\u00eancia. Com a maioria dos votos, Zanr\u00e9 foi eleito secret\u00e1rio para os pr\u00f3ximos quatro anos.<\/p>\n<p style=\"text-align: justify;\">A secret\u00e1ria executiva da C\u00e1ritas Diocesana de Pesqueira e presidenta do Conselho Regional da C\u00e1ritas NE II, Neilda Pereira, ressaltou a participa\u00e7\u00e3o e envolvimento do Conselho Regional e Comiss\u00e3o Preparat\u00f3ria da Assembleia durante a condu\u00e7\u00e3o do processo eleitoral. \u201cN\u00f3s visitamos os quatro estados que comp\u00f5e o regional e ouvimos as entidades membro, e na ocasi\u00e3o elas expuseram seus avan\u00e7os e perspectivas. Viemos para este momento com o cora\u00e7\u00e3o tranquilo, mas com clareza do que esse processo significa para a Rede C\u00e1ritas. Vale salientar que n\u00e3o houve sentimento de disputa, mas os candidatos se apresentaram \u00e0 disposi\u00e7\u00e3o para o servi\u00e7o\u201d, enfatizou.<\/p>\n<p style=\"text-align: justify;\">Neilda Pereira ainda falou sobre o papel do secret\u00e1rio eleito \u201cTerminamos o processo eleitoral com a expectativa de que o novo secret\u00e1rio possa contribuir com aquilo que as entidades membro ir\u00e3o apontar como estrat\u00e9gia para o pr\u00f3ximo quadri\u00eanio da Rede C\u00e1ritas\u201d, disse.<\/p>\n<p style=\"text-align: justify;\">Atualmente, \u00c2ngelo Zanr\u00e9 \u00e9 coordenador das a\u00e7\u00f5es de Economia Popular Solid\u00e1ria<a href=\"http:\/\/ne2.caritas.org.br.s174889.gridserver.com\/2013\/11\/23\/assembleia-elege-novo-secretario-regional-ne-ii\/dscn0190-3\/\" rel=\"attachment wp-att-1482\"><img decoding=\"async\" loading=\"lazy\" class=\"alignright  wp-image-1482\" title=\"DSCN0190\" src=\"http:\/\/ne2.caritas.org.br.s174889.gridserver.com\/wp-content\/uploads\/2013\/11\/DSCN01902-300x225.jpg\" alt=\"\" width=\"262\" height=\"201\" \/><\/a> no Regional NE II, mas atua na Rede C\u00e1ritas h\u00e1 20 anos, desde quando assumiu o cargo de articulador regional atrav\u00e9s de indica\u00e7\u00f5es da CNBB e entidades membro.<\/p>\n<p style=\"text-align: justify;\">\u201cMinha expectativa \u00e9 que esta nova fun\u00e7\u00e3o seja uma experi\u00eancia de gest\u00e3o partilhada e coletiva. Espero que haja possibilidade de se trabalhar de forma conjunta com o conselho regional, coordena\u00e7\u00e3o colegiada e entidades membro. Ou seja, de modo que a gente possa enfrentar os problemas de forma compartilhada e solid\u00e1ria\u201d, disse Zanr\u00e9.<\/p>\n<p style=\"text-align: justify;\">Al\u00e9m da elei\u00e7\u00e3o do novo secret\u00e1rio tamb\u00e9m houve a escolha dos novos membros do Conselho Regional. Num processo de renova\u00e7\u00e3o, a Para\u00edba e o Rio Grande do Norte indicaram um representante dos respectivos estados. J\u00e1 os suplentes foram indicados pelos estados da Para\u00edba e Alagoas. A gest\u00e3o do conselho tem um per\u00edodo de dois anos e pode ser renovado por mais um ano. As indica\u00e7\u00f5es foram referendas pela Assembleia.<\/p>\n<p style=\"text-align: justify;\"><span style=\"text-decoration: underline;\"><strong>Assembleia: <\/strong><\/span>Desde\u00a0a \u00faltima\u00a0sexta-feira (22), a cidade de Pesqueira, no Agreste de Pernambuco, est\u00e1 sediando\u00a0a VI Assembleia Regional da C\u00e1ritas Brasileira NE II. O evento acontece at\u00e9 este domingo (24) no Semin\u00e1rio S\u00e3o Jos\u00e9, para\u00a0refletir sobre a pr\u00e1tica da solidariedade a partir das a\u00e7\u00f5es e das experi\u00eancias da Rede C\u00e1ritas.<\/p>\n<p style=\"text-align: justify;\">por equipe de comunica\u00e7\u00e3o da C\u00e1ritas Regional NE II<\/p>\n<p style=\"text-align: justify;\">\n<ul class=\"ssb_list_wrapper\"><li class=\"fb2\" style=\"width:135px\"><iframe src=\"\/\/www.facebook.com\/plugins\/like.php?href=https%3A%2F%2Fwww.caritasne2.org.br%2Fsite%2Fassembleia-elege-novo-secretario-regional-ne-ii%2F&amp;layout=button_count&amp;action=like&amp;show_faces=false&amp;share=true&amp;width=135&amp;height=21&amp;appId=307091639398582\" scrolling=\"no\" frameborder=\"0\" style=\"border:none; overflow:hidden;  width:150px; height:21px;\" allowTransparency=\"true\"><\/iframe><\/li><li class=\"twtr\" style=\"width:90px\"><a href=\"https:\/\/twitter.com\/share\" class=\"twitter-share-button\" data-url=\"https:\/\/www.caritasne2.org.br\/site\/assembleia-elege-novo-secretario-regional-ne-ii\/\">&nbsp;<\/a><script>!function(d,s,id){var js,fjs=d.getElementsByTagName(s)[0],p=\/^http:\/.test(d.location)?'http':'https';if(!d.getElementById(id)){js=d.createElement(s);js.id=id;js.src=p+':\/\/platform.twitter.com\/widgets.js';fjs.parentNode.insertBefore(js,fjs);}}(document, 'script', 'twitter-wjs');<\/script><\/li><li class=\"gplus\" style=\"width:68px\"><div class=\"g-plusone\" data-size=\"medium\" data-href=\"https:\/\/www.caritasne2.org.br\/site\/assembleia-elege-novo-secretario-regional-ne-ii\/\"><\/div><\/li><li class=\"ssb_linkedin\" style=\"width:64px\"><script src=\"\/\/platform.linkedin.com\/in.js\" type=\"text\/javascript\">lang: en_US<\/script><script type=\"IN\/Share\" data-url=\"https:\/\/www.caritasne2.org.br\/site\/assembleia-elege-novo-secretario-regional-ne-ii\/\" data-counter=\"right\"><\/script><\/li><\/ul>","protected":false},"excerpt":{"rendered":"<p>A Comiss\u00e3o eleitoral da VI Assembleia Regional NE II divulgou o resultado da elei\u00e7\u00e3o para o cargo de secret\u00e1rio Regional. Os nomes apresentados para o processo foram Marcos Bezerra e \u00c2ngelo Zanr\u00e9, ambos do secretariado Regional NE II. Participaram da vota\u00e7\u00e3o delegados das entidades membro, representa\u00e7\u00e3o do secretariado nacional e regional e o bispo de refer\u00eancia. Com a maioria dos votos, Zanr\u00e9 foi eleito secret\u00e1rio [&hellip;]<\/p>\n<ul class=\"ssb_list_wrapper\"><li class=\"fb2\" style=\"width:135px\"><iframe src=\"\/\/www.facebook.com\/plugins\/like.php?href=https%3A%2F%2Fwww.caritasne2.org.br%2Fsite%2Fassembleia-elege-novo-secretario-regional-ne-ii%2F&amp;layout=button_count&amp;action=like&amp;show_faces=false&amp;share=true&amp;width=135&amp;height=21&amp;appId=307091639398582\" scrolling=\"no\" frameborder=\"0\" style=\"border:none; overflow:hidden;  width:150px; height:21px;\" allowTransparency=\"true\"><\/iframe><\/li><li class=\"twtr\" style=\"width:90px\"><a href=\"https:\/\/twitter.com\/share\" class=\"twitter-share-button\" data-url=\"https:\/\/www.caritasne2.org.br\/site\/assembleia-elege-novo-secretario-regional-ne-ii\/\">&nbsp;<\/a><script>!function(d,s,id){var js,fjs=d.getElementsByTagName(s)[0],p=\/^http:\/.test(d.location)?'http':'https';if(!d.getElementById(id)){js=d.createElement(s);js.id=id;js.src=p+':\/\/platform.twitter.com\/widgets.js';fjs.parentNode.insertBefore(js,fjs);}}(document, 'script', 'twitter-wjs');<\/script><\/li><li class=\"gplus\" style=\"width:68px\"><div class=\"g-plusone\" data-size=\"medium\" data-href=\"https:\/\/www.caritasne2.org.br\/site\/assembleia-elege-novo-secretario-regional-ne-ii\/\"><\/div><\/li><li class=\"ssb_linkedin\" style=\"width:64px\"><script src=\"\/\/platform.linkedin.com\/in.js\" type=\"text\/javascript\">lang: en_US<\/script><script type=\"IN\/Share\" data-url=\"https:\/\/www.caritasne2.org.br\/site\/assembleia-elege-novo-secretario-regional-ne-ii\/\" data-counter=\"right\"><\/script><\/li><\/ul>","protected":false},"author":4,"featured_media":1476,"comment_status":"open","ping_status":"open","sticky":false,"template":"","format":"standard","meta":[],"categories":[20,333],"tags":[67],"_links":{"self":[{"href":"https:\/\/www.caritasne2.org.br\/site\/wp-json\/wp\/v2\/posts\/1474"}],"collection":[{"href":"https:\/\/www.caritasne2.org.br\/site\/wp-json\/wp\/v2\/posts"}],"about":[{"href":"https:\/\/www.caritasne2.org.br\/site\/wp-json\/wp\/v2\/types\/post"}],"author":[{"embeddable":true,"href":"https:\/\/www.caritasne2.org.br\/site\/wp-json\/wp\/v2\/users\/4"}],"replies":[{"embeddable":true,"href":"https:\/\/www.caritasne2.org.br\/site\/wp-json\/wp\/v2\/comments?post=1474"}],"version-history":[{"count":0,"href":"https:\/\/www.caritasne2.org.br\/site\/wp-json\/wp\/v2\/posts\/1474\/revisions"}],"wp:featuredmedia":[{"embeddable":true,"href":"https:\/\/www.caritasne2.org.br\/site\/wp-json\/"}],"wp:attachment":[{"href":"https:\/\/www.caritasne2.org.br\/site\/wp-json\/wp\/v2\/media?parent=1474"}],"wp:term":[{"taxonomy":"category","embeddable":true,"href":"https:\/\/www.caritasne2.org.br\/site\/wp-json\/wp\/v2\/categories?post=1474"},{"taxonomy":"post_tag","embeddable":true,"href":"https:\/\/www.caritasne2.org.br\/site\/wp-json\/wp\/v2\/tags?post=1474"}],"curies":[{"name":"wp","href":"https:\/\/api.w.org\/{rel}","templated":true}]}}