{"id":1467,"date":"2013-11-21T12:40:07","date_gmt":"2013-11-21T14:40:07","guid":{"rendered":"http:\/\/ne2.caritas.org.br.s174889.gridserver.com\/?p=1467"},"modified":"2017-07-11T15:23:16","modified_gmt":"2017-07-11T18:23:16","slug":"pesqueira-sedia-vi-assembleia-regional-da-caritas-brasileira","status":"publish","type":"post","link":"https:\/\/www.caritasne2.org.br\/site\/pesqueira-sedia-vi-assembleia-regional-da-caritas-brasileira\/","title":{"rendered":"Pesqueira sedia VI Assembleia Regional da C\u00e1ritas Brasileira"},"content":{"rendered":"<p style=\"text-align: justify;\">A cidade de Pesqueira, no Agreste de Pernambuco, sedia a partir desta sexta-feira (22) a VI Assembleia Regional da C\u00e1ritas Brasileira NE II. O evento acontece at\u00e9 domingo (24) no Semin\u00e1rio S\u00e3o Jos\u00e9, e vai refletir sobre a pr\u00e1tica da solidariedade a partir das a\u00e7\u00f5es e das experi\u00eancias da Rede C\u00e1ritas.<\/p>\n<p style=\"text-align: justify;\">\u00a0Entre as diversas a\u00e7\u00f5es, no m\u00eas de dezembro, deste ano, a C\u00e1ritas Internacional lan\u00e7a uma campanha mundial contra a fome e a pobreza. Neste sentido, tem\u00e1ticas relacionadas \u00e0s realidades da fome e da pobreza no Brasil e no mundo tamb\u00e9m ser\u00e3o debatidas durante a VI Assembleia, que traz como tema central, &#8220;C\u00e1ritas Brasileira Regional NE II: um novo jeito de viver a solidariedade.<\/p>\n<p style=\"text-align: justify;\">\u00a0O evento reunir\u00e1 cerca de 100 pessoas, entre agricultores\/as familiares, ind\u00edgenas, assentados\/as, empreendedores, adolescentes, jovens, agentes C\u00e1ritas, representantes de 16 entidades membro, al\u00e9m de organiza\u00e7\u00f5es parceiras. Os participantes vir\u00e3o dos quatro estados onde o Regional NE II atua: Pernambuco, Alagoas, Para\u00edba e Rio Grande do Norte, al\u00e9m de convidados de outras regi\u00f5es do pa\u00eds.<\/p>\n<p style=\"text-align: justify;\">Para a coordenadora geral da C\u00e1ritas Diocesana de Pesqueira, Neilda Pesqueira, a expectativa \u00e9 grande para receber todos os participantes. &#8220;O nosso sentimento \u00e9 de acolhimento a todos os participantes da Assembleia da C\u00e1ritas Regional, estamos preparando tudo da melhor forma poss\u00edvel para que as pessoas se sintam bem na nossa casa e que nesses dias possamos pensar nos pr\u00f3ximos 04 anos da nossa a\u00e7\u00e3o no regional e com isso contribuir para que a miss\u00e3o da C\u00e1ritas seja vivenciada por todas as pessoas que formam essa rede. Assim, esperamos todos num mesmo sentimento de cora\u00e7\u00e3o e bra\u00e7os abertos&#8221;, enfatizou.<\/p>\n<p style=\"text-align: justify;\">A programa\u00e7\u00e3o dos tr\u00eas dias de Assembleia contemplar\u00e1 palestras, debates, salas tem\u00e1ticas e apresenta\u00e7\u00f5es culturais. No primeiro dia as aten\u00e7\u00f5es estar\u00e3o voltadas para as discuss\u00f5es sobre o painel: &#8220;A a\u00e7\u00e3o da C\u00e1ritas na vida das pessoas, contribuindo para o combate a fome e a pobreza&#8221;. A abertura do painel ser\u00e1 feita por representantes de grupos e comunidades que tiveram suas vidas transformadas pelas a\u00e7\u00f5es da Rede C\u00e1ritas. A noite ser\u00e1 dedicada a celebra\u00e7\u00e3o dos 10 anos de atua\u00e7\u00e3o da Rede C\u00e1ritas de Alagoas.<\/p>\n<p style=\"text-align: justify;\">Na manh\u00e3 do s\u00e1bado os participantes dar\u00e3o in\u00edcio aos trabalhos pr\u00e1ticos em quatro salas tem\u00e1ticas sobre sustentabilidade, forma\u00e7\u00e3o, comunica\u00e7\u00e3o e gest\u00e3o, m\u00edstica e espiritualidade. Todas acontecer\u00e3o simultaneamente.<\/p>\n<p style=\"text-align: justify;\">Neste mesmo dia, \u00e0 tarde todos ser\u00e3o convidados a refletir sobre o segundo painel: &#8220;Construindo Caminhos para Um Novo Jeito de Viver a Solidariedade no Regional NE II&#8221;. Ainda na parte da tarde haver\u00e1 um momento de vota\u00e7\u00e3o para escolha do novo secret\u00e1rio da C\u00e1ritas NE II. A noite do s\u00e1bado ser\u00e1 encerrada com a inaugura\u00e7\u00e3o da nova sede da C\u00e1ritas Diocesana de Pesqueira.<\/p>\n<p style=\"text-align: justify;\">\u00a0No domingo (24), \u00faltimo dia de Assembleia ser\u00e1 dedicado a fazer um balan\u00e7o das a\u00e7\u00f5es da entidade durante 2010 a 2013, bem como definir as a\u00e7\u00f5es para o quadri\u00eanio (2014 a 2017).<\/p>\n<p style=\"text-align: justify;\"><strong>\u00a0Servi\u00e7o<\/strong><\/p>\n<p style=\"text-align: justify;\">VI Assembleia Regional da C\u00e1ritas Brasileira NE II<\/p>\n<p style=\"text-align: justify;\">Data: de 22 a 24 de novembro<\/p>\n<p style=\"text-align: justify;\">Tema: C\u00e1ritas Brasileira Regional NE II: Um Novo Jeito de Viver a Solidariedade<\/p>\n<p style=\"text-align: justify;\">Lema: Resgatando a Ternura da Igreja<\/p>\n<p style=\"text-align: justify;\">Local: Semin\u00e1rio S\u00e3o Jos\u00e9 | Rua Comendador Jos\u00e9 Didier, s\/n, Centro, Pesqueira\/PE Tel.: (87) 3835-1069<\/p>\n<p>Por Kilma Ferreira | Assessoria de Comunica\u00e7\u00e3o da C\u00e1ritas NE2<\/p>\n<p>&nbsp;<\/p>\n<ul class=\"ssb_list_wrapper\"><li class=\"fb2\" style=\"width:135px\"><iframe src=\"\/\/www.facebook.com\/plugins\/like.php?href=https%3A%2F%2Fwww.caritasne2.org.br%2Fsite%2Fpesqueira-sedia-vi-assembleia-regional-da-caritas-brasileira%2F&amp;layout=button_count&amp;action=like&amp;show_faces=false&amp;share=true&amp;width=135&amp;height=21&amp;appId=307091639398582\" scrolling=\"no\" frameborder=\"0\" style=\"border:none; overflow:hidden;  width:150px; height:21px;\" allowTransparency=\"true\"><\/iframe><\/li><li class=\"twtr\" style=\"width:90px\"><a href=\"https:\/\/twitter.com\/share\" class=\"twitter-share-button\" data-url=\"https:\/\/www.caritasne2.org.br\/site\/pesqueira-sedia-vi-assembleia-regional-da-caritas-brasileira\/\">&nbsp;<\/a><script>!function(d,s,id){var js,fjs=d.getElementsByTagName(s)[0],p=\/^http:\/.test(d.location)?'http':'https';if(!d.getElementById(id)){js=d.createElement(s);js.id=id;js.src=p+':\/\/platform.twitter.com\/widgets.js';fjs.parentNode.insertBefore(js,fjs);}}(document, 'script', 'twitter-wjs');<\/script><\/li><li class=\"gplus\" style=\"width:68px\"><div class=\"g-plusone\" data-size=\"medium\" data-href=\"https:\/\/www.caritasne2.org.br\/site\/pesqueira-sedia-vi-assembleia-regional-da-caritas-brasileira\/\"><\/div><\/li><li class=\"ssb_linkedin\" style=\"width:64px\"><script src=\"\/\/platform.linkedin.com\/in.js\" type=\"text\/javascript\">lang: en_US<\/script><script type=\"IN\/Share\" data-url=\"https:\/\/www.caritasne2.org.br\/site\/pesqueira-sedia-vi-assembleia-regional-da-caritas-brasileira\/\" data-counter=\"right\"><\/script><\/li><\/ul>","protected":false},"excerpt":{"rendered":"<p>A cidade de Pesqueira, no Agreste de Pernambuco, sedia a partir desta sexta-feira (22) a VI Assembleia Regional da C\u00e1ritas Brasileira NE II. O evento acontece at\u00e9 domingo (24) no Semin\u00e1rio S\u00e3o Jos\u00e9, e vai refletir sobre a pr\u00e1tica da solidariedade a partir das a\u00e7\u00f5es e das experi\u00eancias da Rede C\u00e1ritas. \u00a0Entre as diversas a\u00e7\u00f5es, no m\u00eas de dezembro, deste ano, a C\u00e1ritas Internacional lan\u00e7a [&hellip;]<\/p>\n<ul class=\"ssb_list_wrapper\"><li class=\"fb2\" style=\"width:135px\"><iframe src=\"\/\/www.facebook.com\/plugins\/like.php?href=https%3A%2F%2Fwww.caritasne2.org.br%2Fsite%2Fpesqueira-sedia-vi-assembleia-regional-da-caritas-brasileira%2F&amp;layout=button_count&amp;action=like&amp;show_faces=false&amp;share=true&amp;width=135&amp;height=21&amp;appId=307091639398582\" scrolling=\"no\" frameborder=\"0\" style=\"border:none; overflow:hidden;  width:150px; height:21px;\" allowTransparency=\"true\"><\/iframe><\/li><li class=\"twtr\" style=\"width:90px\"><a href=\"https:\/\/twitter.com\/share\" class=\"twitter-share-button\" data-url=\"https:\/\/www.caritasne2.org.br\/site\/pesqueira-sedia-vi-assembleia-regional-da-caritas-brasileira\/\">&nbsp;<\/a><script>!function(d,s,id){var js,fjs=d.getElementsByTagName(s)[0],p=\/^http:\/.test(d.location)?'http':'https';if(!d.getElementById(id)){js=d.createElement(s);js.id=id;js.src=p+':\/\/platform.twitter.com\/widgets.js';fjs.parentNode.insertBefore(js,fjs);}}(document, 'script', 'twitter-wjs');<\/script><\/li><li class=\"gplus\" style=\"width:68px\"><div class=\"g-plusone\" data-size=\"medium\" data-href=\"https:\/\/www.caritasne2.org.br\/site\/pesqueira-sedia-vi-assembleia-regional-da-caritas-brasileira\/\"><\/div><\/li><li class=\"ssb_linkedin\" style=\"width:64px\"><script src=\"\/\/platform.linkedin.com\/in.js\" type=\"text\/javascript\">lang: en_US<\/script><script type=\"IN\/Share\" data-url=\"https:\/\/www.caritasne2.org.br\/site\/pesqueira-sedia-vi-assembleia-regional-da-caritas-brasileira\/\" data-counter=\"right\"><\/script><\/li><\/ul>","protected":false},"author":4,"featured_media":1472,"comment_status":"open","ping_status":"open","sticky":false,"template":"","format":"standard","meta":[],"categories":[20,333],"tags":[67,330,331,332],"_links":{"self":[{"href":"https:\/\/www.caritasne2.org.br\/site\/wp-json\/wp\/v2\/posts\/1467"}],"collection":[{"href":"https:\/\/www.caritasne2.org.br\/site\/wp-json\/wp\/v2\/posts"}],"about":[{"href":"https:\/\/www.caritasne2.org.br\/site\/wp-json\/wp\/v2\/types\/post"}],"author":[{"embeddable":true,"href":"https:\/\/www.caritasne2.org.br\/site\/wp-json\/wp\/v2\/users\/4"}],"replies":[{"embeddable":true,"href":"https:\/\/www.caritasne2.org.br\/site\/wp-json\/wp\/v2\/comments?post=1467"}],"version-history":[{"count":0,"href":"https:\/\/www.caritasne2.org.br\/site\/wp-json\/wp\/v2\/posts\/1467\/revisions"}],"wp:featuredmedia":[{"embeddable":true,"href":"https:\/\/www.caritasne2.org.br\/site\/wp-json\/"}],"wp:attachment":[{"href":"https:\/\/www.caritasne2.org.br\/site\/wp-json\/wp\/v2\/media?parent=1467"}],"wp:term":[{"taxonomy":"category","embeddable":true,"href":"https:\/\/www.caritasne2.org.br\/site\/wp-json\/wp\/v2\/categories?post=1467"},{"taxonomy":"post_tag","embeddable":true,"href":"https:\/\/www.caritasne2.org.br\/site\/wp-json\/wp\/v2\/tags?post=1467"}],"curies":[{"name":"wp","href":"https:\/\/api.w.org\/{rel}","templated":true}]}}