{"id":1460,"date":"2013-11-19T20:21:53","date_gmt":"2013-11-19T22:21:53","guid":{"rendered":"http:\/\/ne2.caritas.org.br.s174889.gridserver.com\/?p=1460"},"modified":"2017-07-11T15:23:16","modified_gmt":"2017-07-11T18:23:16","slug":"cnbb-divulga-carta-em-solidariedade-as-vitimas-supertufao-haiyan","status":"publish","type":"post","link":"https:\/\/www.caritasne2.org.br\/site\/cnbb-divulga-carta-em-solidariedade-as-vitimas-supertufao-haiyan\/","title":{"rendered":"CNBB divulga carta em solidariedade \u00e0s v\u00edtimas do supertuf\u00e3o Haiyan"},"content":{"rendered":"<p>Em sintonia com os apelos do Santo Padre, frente ao sofrimento de milh\u00f5es de fam\u00edlias filipinas atingidas pelo furac\u00e3o Haiyan, a CNBB e a C\u00e1ritas Brasileira lan\u00e7am a Campanha de Solidariedade \u00e0s Filipinas.<\/p>\n<p>As ajudas provenientes das entidades cat\u00f3licas de v\u00e1rias partes do mundo, e tamb\u00e9m do Brasil, est\u00e3o sob responsabilidade da C\u00e1ritas Internationalis, que j\u00e1 conta com uma equipe de especialistas nos diversos locais atingidos, para ajudar nos trabalhos de socorro e recupera\u00e7\u00e3o das comunidades, em cada uma das 95 dioceses das Filipinas.<\/p>\n<p>Para continuar lendo a carta <a title=\"Carta CNBB\" href=\"http:\/\/ne2.caritas.org.br.s174889.gridserver.com\/wp-content\/uploads\/2013\/11\/CNBB-SOS-Filipinas1.pdf\" target=\"_blank\">CLIQUE AQUI<\/a><\/p>\n<p>Voc\u00ea pode contribuir com o povo filipino. Fa\u00e7a a sua doa\u00e7\u00e3o!<\/p>\n<p><strong>\u00a0Banco do Brasil<\/strong><\/p>\n<p>Ag\u00eancia: 3475-4<\/p>\n<p>Conta Corrente: 29368-7<\/p>\n<p><strong>Caixa Econ\u00f4mica Federal<\/strong><\/p>\n<p>Ag\u00eancia: 1041<\/p>\n<p>Conta Corrente: 832-0<\/p>\n<p>Opera\u00e7\u00e3o: 003<\/p>\n<p><strong>\u00a0Bradesco<\/strong><\/p>\n<p>Ag\u00eancia: 0606<\/p>\n<p>Conta Corrente: 66000-0<\/p>\n<p>Para DOC e TED, o CNJP da C\u00e1ritas Brasileira \u00e9 33654419\/0001-16<\/p>\n<ul class=\"ssb_list_wrapper\"><li class=\"fb2\" style=\"width:135px\"><iframe src=\"\/\/www.facebook.com\/plugins\/like.php?href=https%3A%2F%2Fwww.caritasne2.org.br%2Fsite%2Fcnbb-divulga-carta-em-solidariedade-as-vitimas-supertufao-haiyan%2F&amp;layout=button_count&amp;action=like&amp;show_faces=false&amp;share=true&amp;width=135&amp;height=21&amp;appId=307091639398582\" scrolling=\"no\" frameborder=\"0\" style=\"border:none; overflow:hidden;  width:150px; height:21px;\" allowTransparency=\"true\"><\/iframe><\/li><li class=\"twtr\" style=\"width:90px\"><a href=\"https:\/\/twitter.com\/share\" class=\"twitter-share-button\" data-url=\"https:\/\/www.caritasne2.org.br\/site\/cnbb-divulga-carta-em-solidariedade-as-vitimas-supertufao-haiyan\/\">&nbsp;<\/a><script>!function(d,s,id){var js,fjs=d.getElementsByTagName(s)[0],p=\/^http:\/.test(d.location)?'http':'https';if(!d.getElementById(id)){js=d.createElement(s);js.id=id;js.src=p+':\/\/platform.twitter.com\/widgets.js';fjs.parentNode.insertBefore(js,fjs);}}(document, 'script', 'twitter-wjs');<\/script><\/li><li class=\"gplus\" style=\"width:68px\"><div class=\"g-plusone\" data-size=\"medium\" data-href=\"https:\/\/www.caritasne2.org.br\/site\/cnbb-divulga-carta-em-solidariedade-as-vitimas-supertufao-haiyan\/\"><\/div><\/li><li class=\"ssb_linkedin\" style=\"width:64px\"><script src=\"\/\/platform.linkedin.com\/in.js\" type=\"text\/javascript\">lang: en_US<\/script><script type=\"IN\/Share\" data-url=\"https:\/\/www.caritasne2.org.br\/site\/cnbb-divulga-carta-em-solidariedade-as-vitimas-supertufao-haiyan\/\" data-counter=\"right\"><\/script><\/li><\/ul>","protected":false},"excerpt":{"rendered":"<p>Em sintonia com os apelos do Santo Padre, frente ao sofrimento de milh\u00f5es de fam\u00edlias filipinas atingidas pelo furac\u00e3o Haiyan, a CNBB e a C\u00e1ritas Brasileira lan\u00e7am a Campanha de Solidariedade \u00e0s Filipinas. As ajudas provenientes das entidades cat\u00f3licas de v\u00e1rias partes do mundo, e tamb\u00e9m do Brasil, est\u00e3o sob responsabilidade da C\u00e1ritas Internationalis, que j\u00e1 conta com uma equipe de especialistas nos diversos locais [&hellip;]<\/p>\n<ul class=\"ssb_list_wrapper\"><li class=\"fb2\" style=\"width:135px\"><iframe src=\"\/\/www.facebook.com\/plugins\/like.php?href=https%3A%2F%2Fwww.caritasne2.org.br%2Fsite%2Fcnbb-divulga-carta-em-solidariedade-as-vitimas-supertufao-haiyan%2F&amp;layout=button_count&amp;action=like&amp;show_faces=false&amp;share=true&amp;width=135&amp;height=21&amp;appId=307091639398582\" scrolling=\"no\" frameborder=\"0\" style=\"border:none; overflow:hidden;  width:150px; height:21px;\" allowTransparency=\"true\"><\/iframe><\/li><li class=\"twtr\" style=\"width:90px\"><a href=\"https:\/\/twitter.com\/share\" class=\"twitter-share-button\" data-url=\"https:\/\/www.caritasne2.org.br\/site\/cnbb-divulga-carta-em-solidariedade-as-vitimas-supertufao-haiyan\/\">&nbsp;<\/a><script>!function(d,s,id){var js,fjs=d.getElementsByTagName(s)[0],p=\/^http:\/.test(d.location)?'http':'https';if(!d.getElementById(id)){js=d.createElement(s);js.id=id;js.src=p+':\/\/platform.twitter.com\/widgets.js';fjs.parentNode.insertBefore(js,fjs);}}(document, 'script', 'twitter-wjs');<\/script><\/li><li class=\"gplus\" style=\"width:68px\"><div class=\"g-plusone\" data-size=\"medium\" data-href=\"https:\/\/www.caritasne2.org.br\/site\/cnbb-divulga-carta-em-solidariedade-as-vitimas-supertufao-haiyan\/\"><\/div><\/li><li class=\"ssb_linkedin\" style=\"width:64px\"><script src=\"\/\/platform.linkedin.com\/in.js\" type=\"text\/javascript\">lang: en_US<\/script><script type=\"IN\/Share\" data-url=\"https:\/\/www.caritasne2.org.br\/site\/cnbb-divulga-carta-em-solidariedade-as-vitimas-supertufao-haiyan\/\" data-counter=\"right\"><\/script><\/li><\/ul>","protected":false},"author":4,"featured_media":1463,"comment_status":"open","ping_status":"open","sticky":false,"template":"","format":"standard","meta":[],"categories":[36,20],"tags":[67,328,329],"_links":{"self":[{"href":"https:\/\/www.caritasne2.org.br\/site\/wp-json\/wp\/v2\/posts\/1460"}],"collection":[{"href":"https:\/\/www.caritasne2.org.br\/site\/wp-json\/wp\/v2\/posts"}],"about":[{"href":"https:\/\/www.caritasne2.org.br\/site\/wp-json\/wp\/v2\/types\/post"}],"author":[{"embeddable":true,"href":"https:\/\/www.caritasne2.org.br\/site\/wp-json\/wp\/v2\/users\/4"}],"replies":[{"embeddable":true,"href":"https:\/\/www.caritasne2.org.br\/site\/wp-json\/wp\/v2\/comments?post=1460"}],"version-history":[{"count":0,"href":"https:\/\/www.caritasne2.org.br\/site\/wp-json\/wp\/v2\/posts\/1460\/revisions"}],"wp:featuredmedia":[{"embeddable":true,"href":"https:\/\/www.caritasne2.org.br\/site\/wp-json\/"}],"wp:attachment":[{"href":"https:\/\/www.caritasne2.org.br\/site\/wp-json\/wp\/v2\/media?parent=1460"}],"wp:term":[{"taxonomy":"category","embeddable":true,"href":"https:\/\/www.caritasne2.org.br\/site\/wp-json\/wp\/v2\/categories?post=1460"},{"taxonomy":"post_tag","embeddable":true,"href":"https:\/\/www.caritasne2.org.br\/site\/wp-json\/wp\/v2\/tags?post=1460"}],"curies":[{"name":"wp","href":"https:\/\/api.w.org\/{rel}","templated":true}]}}