{"id":1450,"date":"2013-11-19T16:26:45","date_gmt":"2013-11-19T18:26:45","guid":{"rendered":"http:\/\/ne2.caritas.org.br.s174889.gridserver.com\/?p=1450"},"modified":"2017-07-11T15:23:16","modified_gmt":"2017-07-11T18:23:16","slug":"cnbb-caritas-lancam-campanha-para-apoio-emergencial-as-filipinas","status":"publish","type":"post","link":"https:\/\/www.caritasne2.org.br\/site\/cnbb-caritas-lancam-campanha-para-apoio-emergencial-as-filipinas\/","title":{"rendered":"CNBB e C\u00e1ritas lan\u00e7am campanha para apoio emergencial \u00e0s Filipinas"},"content":{"rendered":"<p style=\"text-align: justify;\">Em conson\u00e2ncia com a campanha emergencial lan\u00e7ada pela Caritas Internationalis ao povo filipino, a Rede C\u00e1ritas Brasileira e a Confer\u00eancia Nacional dos Bispos do Brasil (CNBB) lan\u00e7am uma campanha emergencial de arrecada\u00e7\u00e3o de recursos em solidariedade aos afetados pelo supertuf\u00e3o &#8216;Haiyan&#8217; que devastou o arquip\u00e9lago filipino na \u00faltima sexta-feira (8).<\/p>\n<p style=\"text-align: justify;\">De acordo com o governo local 3.976 pessoas foram mortas, 2.582 feridas e 82 est\u00e3o desaparecidas. Os n\u00fameros podem ainda subir, pois, de acordo com relat\u00f3rio enviado pela C\u00e1ritas Filipinas, as opera\u00e7\u00f5es de busca continuam e as comunica\u00e7\u00f5es est\u00e3o se reestabelecendo. Em Tacloban, cidade localizada na ilha de Leyte, as tempestades provocaram ondas de at\u00e9 nove metros de altura e n\u00famero de v\u00edtimas pode chegar a 1.200 , com 95 % da cidade destru\u00edda.<\/p>\n<p style=\"text-align: justify;\">Ainda conforme o relat\u00f3rio, um total de 6.937.229 pessoas teriam sido afetadas em 39 prov\u00edncias. Deste n\u00famero, cerca de 286.433 est\u00e3o em centros de evacua\u00e7\u00e3o, enquanto 305.298 optam por ficar fora desses centros.<\/p>\n<p style=\"text-align: justify;\">A Rede C\u00e1ritas Internacional est\u00e1 em pleno processo de mobiliza\u00e7\u00e3o. A C\u00e1ritas Filipinas e a Igreja local, por meio das dioceses e das par\u00f3quias das \u00e1reas mais afetadas, est\u00e3o arrecadando e distribuindo alimentos. Em breve, 18 mil tendas ser\u00e3o distribu\u00eddas para abrigos tempor\u00e1rios.<\/p>\n<p style=\"text-align: justify;\">Os recursos arrecadados pela campanha emergencial no Brasil ser\u00e3o destinados \u00e0 C\u00e1ritas Filipinas que ser\u00e3o revertidos, nesse primeiro momento, em utens\u00edlios de primeira necessidade como comida, \u00e1gua pot\u00e1vel e produtos de higiene pessoal. Ap\u00f3s esta primeira etapa, os recursos ser\u00e3o destinados para apoiar a reconstru\u00e7\u00e3o do pa\u00eds.<\/p>\n<p style=\"text-align: justify;\"><strong>Voc\u00ea pode contribuir com o povo filipino.<\/strong><\/p>\n<p style=\"text-align: justify;\"><strong>Banco do Brasil<\/strong><\/p>\n<p style=\"text-align: justify;\">Ag\u00eancia: 3475-4<\/p>\n<p style=\"text-align: justify;\">Conta Corrente: 29368-7<\/p>\n<p style=\"text-align: justify;\"><strong>Caixa Econ\u00f4mica Federal<\/strong><\/p>\n<p style=\"text-align: justify;\">Ag\u00eancia: 1041<\/p>\n<p style=\"text-align: justify;\">Conta Corrente: 832-0<\/p>\n<p style=\"text-align: justify;\">Opera\u00e7\u00e3o: 003<\/p>\n<p style=\"text-align: justify;\"><strong>Bradesco<\/strong><\/p>\n<p style=\"text-align: justify;\">Ag\u00eancia: 0606<\/p>\n<p style=\"text-align: justify;\">Conta Corrente: 66000-0<\/p>\n<p style=\"text-align: justify;\">Para DOC e TED, o CNJP da C\u00e1ritas Brasileira \u00e9 33654419\/0001-16<\/p>\n<p style=\"text-align: justify;\">Da cidade de Tacloban, Rey Barnido, membro da C\u00e1ritas Filipinas que est\u00e1 presente no local atingido informou que &#8220;o hospital regioanl est\u00e1 superlotado de pacientes que precisam de ajuda. Existem mortos por todas as partes. N\u00e3o h\u00e1 \u00e1gua e nem energia. Os volunt\u00e1rios est\u00e3o trablalhando para amenizar essa situa\u00e7\u00e3o. \u00c9 como se tivessem lan\u00e7ado bombas nucleares.&#8221;<\/p>\n<p style=\"text-align: justify;\">Equipes de C\u00e1ritas chegam a Leyte de barco<\/p>\n<p style=\"text-align: justify;\">Uma equipe da C\u00e1ritas Filipinas e membros da Caritas Internationalis presentes na regi\u00e3o chegaram nesta segunda-feira (11) a ilha de Leyte para avaliar as necessidades mais urgentes. A C\u00e1ritas est\u00e1 no local para a avalia\u00e7\u00e3o de danos em v\u00e1rias dioceses pertencentes da Arquidiocese de Palo (em Leyte), a Borongan (em Samar Oriental), ao Vicariato Apost\u00f3lico de Calapan e a S\u00e3o Jos\u00e9 Mindoro.<\/p>\n<p style=\"text-align: justify;\">\u00c1gua pot\u00e1vel, produtos de higiene e limpeza, alimentos, rem\u00e9dios e abrigos, s\u00e3o, segundo o governo filipino, as prioridades imediatas, assim como a retirada dos escombros e o restabelecimento das comunidades.<\/p>\n<p style=\"text-align: justify;\">A C\u00e1ritas est\u00e1 coordenando seus esfor\u00e7os de ajuda com a colabora\u00e7\u00e3o das dioceses pr\u00f3ximas com capacidade para fornecer os suprimentos de emerg\u00eancia.<\/p>\n<p style=\"text-align: justify;\" align=\"center\"><em>\u00a0por Thays Puzzi |assessora de Comunica\u00e7\u00e3o da C\u00e1ritas Brasileira | Secretariado Nacional<\/em><\/p>\n<p>&nbsp;<\/p>\n<ul class=\"ssb_list_wrapper\"><li class=\"fb2\" style=\"width:135px\"><iframe src=\"\/\/www.facebook.com\/plugins\/like.php?href=https%3A%2F%2Fwww.caritasne2.org.br%2Fsite%2Fcnbb-caritas-lancam-campanha-para-apoio-emergencial-as-filipinas%2F&amp;layout=button_count&amp;action=like&amp;show_faces=false&amp;share=true&amp;width=135&amp;height=21&amp;appId=307091639398582\" scrolling=\"no\" frameborder=\"0\" style=\"border:none; overflow:hidden;  width:150px; height:21px;\" allowTransparency=\"true\"><\/iframe><\/li><li class=\"twtr\" style=\"width:90px\"><a href=\"https:\/\/twitter.com\/share\" class=\"twitter-share-button\" data-url=\"https:\/\/www.caritasne2.org.br\/site\/cnbb-caritas-lancam-campanha-para-apoio-emergencial-as-filipinas\/\">&nbsp;<\/a><script>!function(d,s,id){var js,fjs=d.getElementsByTagName(s)[0],p=\/^http:\/.test(d.location)?'http':'https';if(!d.getElementById(id)){js=d.createElement(s);js.id=id;js.src=p+':\/\/platform.twitter.com\/widgets.js';fjs.parentNode.insertBefore(js,fjs);}}(document, 'script', 'twitter-wjs');<\/script><\/li><li class=\"gplus\" style=\"width:68px\"><div class=\"g-plusone\" data-size=\"medium\" data-href=\"https:\/\/www.caritasne2.org.br\/site\/cnbb-caritas-lancam-campanha-para-apoio-emergencial-as-filipinas\/\"><\/div><\/li><li class=\"ssb_linkedin\" style=\"width:64px\"><script src=\"\/\/platform.linkedin.com\/in.js\" type=\"text\/javascript\">lang: en_US<\/script><script type=\"IN\/Share\" data-url=\"https:\/\/www.caritasne2.org.br\/site\/cnbb-caritas-lancam-campanha-para-apoio-emergencial-as-filipinas\/\" data-counter=\"right\"><\/script><\/li><\/ul>","protected":false},"excerpt":{"rendered":"<p>Em conson\u00e2ncia com a campanha emergencial lan\u00e7ada pela Caritas Internationalis ao povo filipino, a Rede C\u00e1ritas Brasileira e a Confer\u00eancia Nacional dos Bispos do Brasil (CNBB) lan\u00e7am uma campanha emergencial de arrecada\u00e7\u00e3o de recursos em solidariedade aos afetados pelo supertuf\u00e3o &#8216;Haiyan&#8217; que devastou o arquip\u00e9lago filipino na \u00faltima sexta-feira (8). De acordo com o governo local 3.976 pessoas foram mortas, 2.582 feridas e 82 est\u00e3o [&hellip;]<\/p>\n<ul class=\"ssb_list_wrapper\"><li class=\"fb2\" style=\"width:135px\"><iframe src=\"\/\/www.facebook.com\/plugins\/like.php?href=https%3A%2F%2Fwww.caritasne2.org.br%2Fsite%2Fcnbb-caritas-lancam-campanha-para-apoio-emergencial-as-filipinas%2F&amp;layout=button_count&amp;action=like&amp;show_faces=false&amp;share=true&amp;width=135&amp;height=21&amp;appId=307091639398582\" scrolling=\"no\" frameborder=\"0\" style=\"border:none; overflow:hidden;  width:150px; height:21px;\" allowTransparency=\"true\"><\/iframe><\/li><li class=\"twtr\" style=\"width:90px\"><a href=\"https:\/\/twitter.com\/share\" class=\"twitter-share-button\" data-url=\"https:\/\/www.caritasne2.org.br\/site\/cnbb-caritas-lancam-campanha-para-apoio-emergencial-as-filipinas\/\">&nbsp;<\/a><script>!function(d,s,id){var js,fjs=d.getElementsByTagName(s)[0],p=\/^http:\/.test(d.location)?'http':'https';if(!d.getElementById(id)){js=d.createElement(s);js.id=id;js.src=p+':\/\/platform.twitter.com\/widgets.js';fjs.parentNode.insertBefore(js,fjs);}}(document, 'script', 'twitter-wjs');<\/script><\/li><li class=\"gplus\" style=\"width:68px\"><div class=\"g-plusone\" data-size=\"medium\" data-href=\"https:\/\/www.caritasne2.org.br\/site\/cnbb-caritas-lancam-campanha-para-apoio-emergencial-as-filipinas\/\"><\/div><\/li><li class=\"ssb_linkedin\" style=\"width:64px\"><script src=\"\/\/platform.linkedin.com\/in.js\" type=\"text\/javascript\">lang: en_US<\/script><script type=\"IN\/Share\" data-url=\"https:\/\/www.caritasne2.org.br\/site\/cnbb-caritas-lancam-campanha-para-apoio-emergencial-as-filipinas\/\" data-counter=\"right\"><\/script><\/li><\/ul>","protected":false},"author":4,"featured_media":1453,"comment_status":"open","ping_status":"open","sticky":false,"template":"","format":"standard","meta":[],"categories":[36,20],"tags":[67,328,329],"_links":{"self":[{"href":"https:\/\/www.caritasne2.org.br\/site\/wp-json\/wp\/v2\/posts\/1450"}],"collection":[{"href":"https:\/\/www.caritasne2.org.br\/site\/wp-json\/wp\/v2\/posts"}],"about":[{"href":"https:\/\/www.caritasne2.org.br\/site\/wp-json\/wp\/v2\/types\/post"}],"author":[{"embeddable":true,"href":"https:\/\/www.caritasne2.org.br\/site\/wp-json\/wp\/v2\/users\/4"}],"replies":[{"embeddable":true,"href":"https:\/\/www.caritasne2.org.br\/site\/wp-json\/wp\/v2\/comments?post=1450"}],"version-history":[{"count":0,"href":"https:\/\/www.caritasne2.org.br\/site\/wp-json\/wp\/v2\/posts\/1450\/revisions"}],"wp:featuredmedia":[{"embeddable":true,"href":"https:\/\/www.caritasne2.org.br\/site\/wp-json\/"}],"wp:attachment":[{"href":"https:\/\/www.caritasne2.org.br\/site\/wp-json\/wp\/v2\/media?parent=1450"}],"wp:term":[{"taxonomy":"category","embeddable":true,"href":"https:\/\/www.caritasne2.org.br\/site\/wp-json\/wp\/v2\/categories?post=1450"},{"taxonomy":"post_tag","embeddable":true,"href":"https:\/\/www.caritasne2.org.br\/site\/wp-json\/wp\/v2\/tags?post=1450"}],"curies":[{"name":"wp","href":"https:\/\/api.w.org\/{rel}","templated":true}]}}