{"id":1443,"date":"2013-11-14T18:29:23","date_gmt":"2013-11-14T20:29:23","guid":{"rendered":"http:\/\/ne2.caritas.org.br.s174889.gridserver.com\/?p=1443"},"modified":"2017-07-11T15:23:16","modified_gmt":"2017-07-11T18:23:16","slug":"parceria-entre-caritas-comite-betinho-beneficia-comunidade-rural-10-cisternas-de-placas","status":"publish","type":"post","link":"https:\/\/www.caritasne2.org.br\/site\/parceria-entre-caritas-comite-betinho-beneficia-comunidade-rural-10-cisternas-de-placas\/","title":{"rendered":"Parceria entre C\u00e1ritas e Comit\u00ea Betinho beneficia comunidade rural com 10 cisternas de placas"},"content":{"rendered":"<p style=\"text-align: justify;\">Uma parceria entre a C\u00e1ritas Brasileira Regional NE2 e o Comit\u00ea Betinho tem somado esfor\u00e7os para a consolida\u00e7\u00e3o de um direito humano b\u00e1sico, o acesso \u00e0 \u00e1gua de boa qualidade, seja para o consumo humano ou para produ\u00e7\u00e3o. Como resultado dessa parceria, no \u00faltimo domingo (10\/11), a comunidade Cajazeiras no munic\u00edpio de Pedra, na regi\u00e3o do Agreste de Pernambuco foi beneficiada com a constru\u00e7\u00e3o de 10 cisternas de placas para capta\u00e7\u00e3o de \u00e1gua da chuva.<\/p>\n<p style=\"text-align: justify;\">As cisternas s\u00e3o tecnologias sociais de baixo custo que fortalecem a\u00e7\u00f5es para constru\u00e7\u00e3o de um novo paradigma que \u00e9 a conviv\u00eancia com o Semi\u00e1rido e n\u00e3o mais o combate \u00e0 seca.<\/p>\n<p style=\"text-align: justify;\">O recurso arrecadado para constru\u00e7\u00e3o das cisternas \u00e9 oriundo de doa\u00e7\u00f5es de funcion\u00e1rios de institui\u00e7\u00f5es banc\u00e1rias do pa\u00eds, al\u00e9m de parceiros que contribuem financeiramente para melhor as condi\u00e7\u00f5es de vida de pessoas em situa\u00e7\u00e3o de exclus\u00e3o social.<\/p>\n<p style=\"text-align: justify;\">As 32 fam\u00edlias que comp\u00f5em a comunidade Cajazeiras s\u00e3o constitu\u00eddas, principalmente por mulheres e crian\u00e7as que moram na beira da estrada. Em sua maioria s\u00e3o mulheres, cujos maridos trabalham com o \u201calugado\u201d \u2013 servi\u00e7os tempor\u00e1rios &#8211; em propriedades de fazendeiros.<\/p>\n<p style=\"text-align: justify;\">De acordo com o secret\u00e1rio da C\u00e1ritas Regional NE2, Pe. Jandeilson Rodrigues, a grande dificuldade da comunidade \u00e9 o acesso \u00e0 \u00e1gua. Segundo ele, os moradores utilizavam uma \u00e1gua salobra de um rio que passa pr\u00f3ximo da comunidade.<\/p>\n<p style=\"text-align: justify;\">\u201cAs fam\u00edlias n\u00e3o tinham acesso \u00e0 \u00e1gua de qualidade e quando necessitavam dela para beber ou cozinhar precisava caminhar cerca de 5 km at\u00e9 um povoado vizinho ou pagar cerca de R$ 0,50 centavos por cada garrafa de \u00e1gua com 10 litros\u201d, explicou.<\/p>\n<p style=\"text-align: justify;\">Cada cisterna constru\u00edda na comunidade Cajazeiras tem capacidade para armazenar 16 mil litros de \u00e1gua para beber e para uso dom\u00e9stico. A tecnologia social \u00e9 um reservat\u00f3rio que armazena \u00e1guas das chuvas por meio de calhas colocadas nos telhados das casas. Cada uma atende a uma fam\u00edlia com cinco pessoas por oito meses e custa R$ 1.600 a unidade.<\/p>\n<p style=\"text-align: justify;\">\u201cO sentimento \u00e9 de muita alegria por parte das fam\u00edlias que agora<a href=\"http:\/\/ne2.caritas.org.br.s174889.gridserver.com\/2013\/11\/14\/parceria-entre-caritas-comite-betinho-beneficia-comunidade-rural-10-cisternas-de-placas\/cistrena-02\/\" rel=\"attachment wp-att-1445\"><img decoding=\"async\" loading=\"lazy\" class=\"alignright size-medium wp-image-1445\" title=\"Cistrena 02\" src=\"http:\/\/ne2.caritas.org.br.s174889.gridserver.com\/wp-content\/uploads\/2013\/11\/Cistrena-02-300x225.jpg\" alt=\"\" width=\"300\" height=\"225\" \/><\/a> possuem uma cisterna em casa. Mesmo ainda n\u00e3o tendo \u00e1gua da chuva para armazenar, mas as fam\u00edlias j\u00e1 podem acumular \u00e1gua que recebem dos carros-pipa\u201d, disse Pe. Jandeilson.<\/p>\n<p style=\"text-align: justify;\">A cerim\u00f4nia de inaugura\u00e7\u00e3o das cisternas contou com a participa\u00e7\u00e3o de agentes C\u00e1ritas NE2, representantes do Comit\u00ea Betinho e banc\u00e1rios de Pernambuco. Na oportunidade, o grupo visitou as fam\u00edlias e aproveitou para conhecer as obras h\u00eddricas e o trabalho que foi realizado. Em seguida, houve um momento onde os moradores mais antigos da comunidade relataram sobre os problemas e dificuldades enfrentados pelas fam\u00edlias para ter acesso \u00e0 \u00e1gua. J\u00e1 as fam\u00edlias contempladas lembraram dos benef\u00edcios que as cisternas t\u00eam trazido j\u00e1 nos primeiros dias de uso.<\/p>\n<p style=\"text-align: justify;\">O encerramento da cerim\u00f4nia foi marcado por um clima festivo, de uni\u00e3o e partilha de alimentos. Na ocasi\u00e3o, a comunidade ofereceu um almo\u00e7o comunit\u00e1rio onde o prato principal foi uma galinhada, servida com xer\u00e9m, al\u00e9m de outras comidas t\u00edpicas da regi\u00e3o.<\/p>\n<p style=\"text-align: justify;\"><strong>Iniciativa:<\/strong> \u00c9 importante destacar que a constru\u00e7\u00e3o das cisternas \u00e9 uma iniciativa do projeto \u201c100 cisternas no centen\u00e1rio de Dom Helder\u201d, promovido pela C\u00e1ritas NE2. No ano de 2009, visando homenagear Dom Helder C\u00e2mara, a C\u00e1ritas se prop\u00f4s angariar recursos para a constru\u00e7\u00e3o de 100 cisternas de placas, numa parceria entre institui\u00e7\u00f5es de ensino e organiza\u00e7\u00f5es parceiras. O numero 100, de forma simb\u00f3lica, reverencia ao centen\u00e1rio de nascimento do eterno Dom \u2013 Profeta do Amor e do Escutar os clamores do povo que sofre.<\/p>\n<p style=\"text-align: justify;\">A cent\u00e9sima cisterna do projeto foi constru\u00edda na comunidade quilombola Guaxinim, no munic\u00edpio de Cacimbinhas (AL), na \u00faltima ter\u00e7a-feira (12).<\/p>\n<p>Por Kilma Ferreira | Assessoria de Comunica\u00e7\u00e3o da C\u00e1ritas NE2<\/p>\n<ul class=\"ssb_list_wrapper\"><li class=\"fb2\" style=\"width:135px\"><iframe src=\"\/\/www.facebook.com\/plugins\/like.php?href=https%3A%2F%2Fwww.caritasne2.org.br%2Fsite%2Fparceria-entre-caritas-comite-betinho-beneficia-comunidade-rural-10-cisternas-de-placas%2F&amp;layout=button_count&amp;action=like&amp;show_faces=false&amp;share=true&amp;width=135&amp;height=21&amp;appId=307091639398582\" scrolling=\"no\" frameborder=\"0\" style=\"border:none; overflow:hidden;  width:150px; height:21px;\" allowTransparency=\"true\"><\/iframe><\/li><li class=\"twtr\" style=\"width:90px\"><a href=\"https:\/\/twitter.com\/share\" class=\"twitter-share-button\" data-url=\"https:\/\/www.caritasne2.org.br\/site\/parceria-entre-caritas-comite-betinho-beneficia-comunidade-rural-10-cisternas-de-placas\/\">&nbsp;<\/a><script>!function(d,s,id){var js,fjs=d.getElementsByTagName(s)[0],p=\/^http:\/.test(d.location)?'http':'https';if(!d.getElementById(id)){js=d.createElement(s);js.id=id;js.src=p+':\/\/platform.twitter.com\/widgets.js';fjs.parentNode.insertBefore(js,fjs);}}(document, 'script', 'twitter-wjs');<\/script><\/li><li class=\"gplus\" style=\"width:68px\"><div class=\"g-plusone\" data-size=\"medium\" data-href=\"https:\/\/www.caritasne2.org.br\/site\/parceria-entre-caritas-comite-betinho-beneficia-comunidade-rural-10-cisternas-de-placas\/\"><\/div><\/li><li class=\"ssb_linkedin\" style=\"width:64px\"><script src=\"\/\/platform.linkedin.com\/in.js\" type=\"text\/javascript\">lang: en_US<\/script><script type=\"IN\/Share\" data-url=\"https:\/\/www.caritasne2.org.br\/site\/parceria-entre-caritas-comite-betinho-beneficia-comunidade-rural-10-cisternas-de-placas\/\" data-counter=\"right\"><\/script><\/li><\/ul>","protected":false},"excerpt":{"rendered":"<p>Uma parceria entre a C\u00e1ritas Brasileira Regional NE2 e o Comit\u00ea Betinho tem somado esfor\u00e7os para a consolida\u00e7\u00e3o de um direito humano b\u00e1sico, o acesso \u00e0 \u00e1gua de boa qualidade, seja para o consumo humano ou para produ\u00e7\u00e3o. Como resultado dessa parceria, no \u00faltimo domingo (10\/11), a comunidade Cajazeiras no munic\u00edpio de Pedra, na regi\u00e3o do Agreste de Pernambuco foi beneficiada com a constru\u00e7\u00e3o de [&hellip;]<\/p>\n<ul class=\"ssb_list_wrapper\"><li class=\"fb2\" style=\"width:135px\"><iframe src=\"\/\/www.facebook.com\/plugins\/like.php?href=https%3A%2F%2Fwww.caritasne2.org.br%2Fsite%2Fparceria-entre-caritas-comite-betinho-beneficia-comunidade-rural-10-cisternas-de-placas%2F&amp;layout=button_count&amp;action=like&amp;show_faces=false&amp;share=true&amp;width=135&amp;height=21&amp;appId=307091639398582\" scrolling=\"no\" frameborder=\"0\" style=\"border:none; overflow:hidden;  width:150px; height:21px;\" allowTransparency=\"true\"><\/iframe><\/li><li class=\"twtr\" style=\"width:90px\"><a href=\"https:\/\/twitter.com\/share\" class=\"twitter-share-button\" data-url=\"https:\/\/www.caritasne2.org.br\/site\/parceria-entre-caritas-comite-betinho-beneficia-comunidade-rural-10-cisternas-de-placas\/\">&nbsp;<\/a><script>!function(d,s,id){var js,fjs=d.getElementsByTagName(s)[0],p=\/^http:\/.test(d.location)?'http':'https';if(!d.getElementById(id)){js=d.createElement(s);js.id=id;js.src=p+':\/\/platform.twitter.com\/widgets.js';fjs.parentNode.insertBefore(js,fjs);}}(document, 'script', 'twitter-wjs');<\/script><\/li><li class=\"gplus\" style=\"width:68px\"><div class=\"g-plusone\" data-size=\"medium\" data-href=\"https:\/\/www.caritasne2.org.br\/site\/parceria-entre-caritas-comite-betinho-beneficia-comunidade-rural-10-cisternas-de-placas\/\"><\/div><\/li><li class=\"ssb_linkedin\" style=\"width:64px\"><script src=\"\/\/platform.linkedin.com\/in.js\" type=\"text\/javascript\">lang: en_US<\/script><script type=\"IN\/Share\" data-url=\"https:\/\/www.caritasne2.org.br\/site\/parceria-entre-caritas-comite-betinho-beneficia-comunidade-rural-10-cisternas-de-placas\/\" data-counter=\"right\"><\/script><\/li><\/ul>","protected":false},"author":4,"featured_media":1444,"comment_status":"open","ping_status":"open","sticky":false,"template":"","format":"standard","meta":[],"categories":[72,20],"tags":[319,67,327,100],"_links":{"self":[{"href":"https:\/\/www.caritasne2.org.br\/site\/wp-json\/wp\/v2\/posts\/1443"}],"collection":[{"href":"https:\/\/www.caritasne2.org.br\/site\/wp-json\/wp\/v2\/posts"}],"about":[{"href":"https:\/\/www.caritasne2.org.br\/site\/wp-json\/wp\/v2\/types\/post"}],"author":[{"embeddable":true,"href":"https:\/\/www.caritasne2.org.br\/site\/wp-json\/wp\/v2\/users\/4"}],"replies":[{"embeddable":true,"href":"https:\/\/www.caritasne2.org.br\/site\/wp-json\/wp\/v2\/comments?post=1443"}],"version-history":[{"count":0,"href":"https:\/\/www.caritasne2.org.br\/site\/wp-json\/wp\/v2\/posts\/1443\/revisions"}],"wp:featuredmedia":[{"embeddable":true,"href":"https:\/\/www.caritasne2.org.br\/site\/wp-json\/"}],"wp:attachment":[{"href":"https:\/\/www.caritasne2.org.br\/site\/wp-json\/wp\/v2\/media?parent=1443"}],"wp:term":[{"taxonomy":"category","embeddable":true,"href":"https:\/\/www.caritasne2.org.br\/site\/wp-json\/wp\/v2\/categories?post=1443"},{"taxonomy":"post_tag","embeddable":true,"href":"https:\/\/www.caritasne2.org.br\/site\/wp-json\/wp\/v2\/tags?post=1443"}],"curies":[{"name":"wp","href":"https:\/\/api.w.org\/{rel}","templated":true}]}}