{"id":1439,"date":"2013-11-08T17:29:34","date_gmt":"2013-11-08T19:29:34","guid":{"rendered":"http:\/\/ne2.caritas.org.br.s174889.gridserver.com\/?p=1439"},"modified":"2017-07-11T15:23:16","modified_gmt":"2017-07-11T18:23:16","slug":"caritas-promove-encontro-sobre-politica-de-protecao-infantil-em-caruaru-pe","status":"publish","type":"post","link":"https:\/\/www.caritasne2.org.br\/site\/caritas-promove-encontro-sobre-politica-de-protecao-infantil-em-caruaru-pe\/","title":{"rendered":"C\u00e1ritas promove encontro sobre Pol\u00edtica de Prote\u00e7\u00e3o Infantil em Caruaru (PE)"},"content":{"rendered":"<p style=\"text-align: center;\"><em>A iniciativa \u00e9 promovida pela C\u00e1ritas NE2 e visa capacitar atores sociais para fomenta\u00e7\u00e3o de uma Pol\u00edtica de Prote\u00e7\u00e3o Infantil, que dialogue entre institui\u00e7\u00e3o e fam\u00edlia.<\/em><\/p>\n<p style=\"text-align: justify;\">\u00a0A partir do tema \u201cDiga Sim a Prote\u00e7\u00e3o Infantil \u2013 Educa\u00e7\u00e3o em Valores e Cultura de Paz\u201d, acontece o I Encontro de Capacita\u00e7\u00e3o, promovido pela C\u00e1ritas Brasileira Regional NE2, por meio do Programa Inf\u00e2ncia, Adolesc\u00eancia e Juventude (PIAJ). O evento ser\u00e1 realizado de 08 a 10 de novembro, no audit\u00f3rio da Obra Kolping do Brasil, na Rua Paulo Afonso, 310, bairro S\u00e3o Francisco, em Caruaru (PE).<\/p>\n<p style=\"text-align: justify;\">\u00a0O encontro tem como objetivo capacitar e fomentar uma Pol\u00edtica de Prote\u00e7\u00e3o Infantil (PPI), que articule novas rela\u00e7\u00f5es entre institui\u00e7\u00f5es sociais e fam\u00edlias, numa a\u00e7\u00e3o conjunta denominada \u201cDiga Sim a Prote\u00e7\u00e3o Infantil\u201d. O evento comp\u00f5e uma s\u00e9rie de atividades no processo de cria\u00e7\u00e3o de uma PPI. Participar\u00e3o educadores sociais e representantes das fam\u00edlias acompanhadas pelo PIAJ, al\u00e9m de agentes C\u00e1ritas.<\/p>\n<p style=\"text-align: justify;\">O coordenador do PIAJ, Glauco Filho, frisou a import\u00e2ncia do encontro. \u201cA ideia \u00e9 que as institui\u00e7\u00f5es envolvidas no PIAJ, atrav\u00e9s dos seus representantes possam criar sua pr\u00f3pria PPI institucional. Vale ressaltar que a PPI da crian\u00e7a e adolescente perpassa pelo conhecimento abrangente do que \u00e9 essa pol\u00edtica de prote\u00e7\u00e3o, a partir dos par\u00e2metros nacionais e internacionais\u201d, diz.<\/p>\n<p style=\"text-align: justify;\">Todo o processo de capacita\u00e7\u00e3o \u00e9 composto por quatro etapas, sendo a primeira um curso intitulado Pol\u00edtica de Prote\u00e7\u00e3o Infantil \u2013 PPI que est\u00e1 sendo oferecido em modalidade EAD (Educa\u00e7\u00e3o a Dist\u00e2ncia) em sete m\u00f3dulos. O curso \u00e9 tutoreado e acompanhamento pela pedagoga, especialista em psicopedagogia, gest\u00e3o escolar e coordena\u00e7\u00e3o pedag\u00f3gica, com experi\u00eancia em gest\u00e3o de projetos sociais, Geize Ara\u00fajo.<\/p>\n<p style=\"text-align: justify;\">\u201cO curso PPI tem dura\u00e7\u00e3o de dois meses e representa a concretude de um trabalho que vem sendo desenvolvido de forma colegiada, em prol da melhoria da qualidade do trabalho prestado por institui\u00e7\u00f5es do terceiro setor, na busca pelo fortalecimento institucional e aperfei\u00e7oamento de pr\u00e1ticas socioeducativas que garantam a prote\u00e7\u00e3o de crian\u00e7as e adolescentes\u201d, ressaltou a pedagoga.<\/p>\n<p style=\"text-align: justify;\">A segunda etapa \u00e9 formada por encontros presenciais, onde ser\u00e3o realizadas tr\u00eas oficinas na perspectiva de trabalhar a tem\u00e1tica \u201cEduca\u00e7\u00e3o em Valores e Cultura de Paz\u201d, atrav\u00e9s das experi\u00eancias vivenciadas pelos educadores sociais. J\u00e1 o terceiro momento consiste na implementa\u00e7\u00e3o do PPI, a \u00faltima etapa \u00e9 o monitoramento da pol\u00edtica.<\/p>\n<p style=\"text-align: justify;\">Inicialmente, participam das capacita\u00e7\u00f5es cinco entidades membro do Regional NE2: C\u00e1ritas Diocesana de Caruaru, em Pernambuco; C\u00e1ritas Diocesana de Palmeira dos \u00cdndios, C\u00e1ritas Diocesana de Penedo e C\u00e1ritas Arquidiocesana de Macei\u00f3, do estado de Alagoas; e a A\u00e7\u00e3o Social da Diocese de Cajazeiras \u2013 ASDICA, da Para\u00edba.<\/p>\n<p style=\"text-align: justify;\">As a\u00e7\u00f5es s\u00e3o desenvolvidas pela C\u00e1ritas, por meio do PIAJ, em parceria com as organiza\u00e7\u00f5es Kindernothilfe \u2013 KNH Brasil, C\u00e1ritas Su\u00ed\u00e7a, C\u00e1ritas Alem\u00e3 e a Rede Global de Religi\u00f5es pelas Crian\u00e7as \u2013 GNRC.<\/p>\n<p style=\"text-align: justify;\"><strong>Tem\u00e1ticas abordadas no curso \u201cPol\u00edtica de Prote\u00e7\u00e3o Infantil \u2013 PPI\u201d na modalidade EAD:<\/strong><\/p>\n<p style=\"text-align: justify;\">\u00a0I m\u00f3dulo: O Marco Legal e Cultural<\/p>\n<p style=\"text-align: justify;\">II m\u00f3dulo: O Abuso\/Maus-Tratos Infantis<\/p>\n<p style=\"text-align: justify;\">III m\u00f3dulo: Identificar Riscos de Abuso Infantil<\/p>\n<p style=\"text-align: justify;\">IV m\u00f3dulo: Raz\u00f5es para elaborar uma Pol\u00edtica de Prote\u00e7\u00e3o Infantil<\/p>\n<p style=\"text-align: justify;\">V m\u00f3dulo: Desenvolvendo uma PPI nos padr\u00f5es da KCS<\/p>\n<p style=\"text-align: justify;\">VI m\u00f3dulo: Estrat\u00e9gias Preventivas (Recursos Humanos\/Comunica\u00e7\u00e3o)<\/p>\n<p style=\"text-align: justify;\">VII m\u00f3dulo: Elabora\u00e7\u00e3o de um Plano de A\u00e7\u00e3o.<\/p>\n<p style=\"text-align: justify;\">\u00a0<strong>Servi\u00e7o:<\/strong><\/p>\n<p style=\"text-align: justify;\">\u00a0O qu\u00ea? I Encontro de Capacita\u00e7\u00e3o para fomenta\u00e7\u00e3o de Pol\u00edtica de Prote\u00e7\u00e3o Infantil (PPI)<\/p>\n<p style=\"text-align: justify;\">Quando? De 08 a 10 de novembro<\/p>\n<p style=\"text-align: justify;\">Onde? audit\u00f3rio da Obra Kolping do Brasil, na Rua Paulo Afonso, 310, bairro S\u00e3o Francisco, em Caruaru (PE).<\/p>\n<p style=\"text-align: justify;\"><strong>Confira programa\u00e7\u00e3o do evento:<\/strong><\/p>\n<p style=\"text-align: justify;\">\u00a0<strong>Dia 08 Sexta feira<\/strong> \u2013 a partir das 20h<\/p>\n<p style=\"text-align: justify;\">&#8211; Celebra\u00e7\u00e3o da Paz &#8211; Semana da Solidariedade<\/p>\n<p style=\"text-align: justify;\">\u00a0<strong>Dia 09 S\u00e1bado<\/strong> \u2013 inicia \u00e0s 9h<\/p>\n<p style=\"text-align: justify;\">&#8211; Planifica\u00e7\u00e3o do Curso EAD sobre Pol\u00edtica de Prote\u00e7\u00e3o Infantil<\/p>\n<p style=\"text-align: justify;\">&#8211; Apresenta\u00e7\u00e3o do manual GNRT e vivencias de Educa\u00e7\u00e3o em Valores e Cultura da paz.<\/p>\n<p style=\"text-align: justify;\"><strong>\u00a0Dia 10 Domingo<\/strong> \u2013 inicia \u00e0s 9h<\/p>\n<p style=\"text-align: justify;\">&#8211; Indu\u00e7\u00f5es para as pr\u00f3ximas oficinas;<\/p>\n<p style=\"text-align: justify;\">&#8211; Impress\u00f5es e avalia\u00e7\u00e3o da oficina Diga Sim \u00e0 Vida;<\/p>\n<p style=\"text-align: justify;\">&#8211; Almo\u00e7o e encerramento do Diga Sim \u00e0 Vida.<\/p>\n<p style=\"text-align: justify;\">\n<p style=\"text-align: justify;\">\u00a0<strong>Outra informa\u00e7\u00f5es:<\/strong><\/p>\n<p style=\"text-align: justify;\">\u00a0Glauco Filho \u2013 coordenador PIAJ<\/p>\n<p style=\"text-align: justify;\">Fone: (81) 9705-6811<\/p>\n<p style=\"text-align: justify;\">\u00a0por Kilma Ferreira \u2013 assessora de comunica\u00e7\u00e3o<\/p>\n<ul class=\"ssb_list_wrapper\"><li class=\"fb2\" style=\"width:135px\"><iframe src=\"\/\/www.facebook.com\/plugins\/like.php?href=https%3A%2F%2Fwww.caritasne2.org.br%2Fsite%2Fcaritas-promove-encontro-sobre-politica-de-protecao-infantil-em-caruaru-pe%2F&amp;layout=button_count&amp;action=like&amp;show_faces=false&amp;share=true&amp;width=135&amp;height=21&amp;appId=307091639398582\" scrolling=\"no\" frameborder=\"0\" style=\"border:none; overflow:hidden;  width:150px; height:21px;\" allowTransparency=\"true\"><\/iframe><\/li><li class=\"twtr\" style=\"width:90px\"><a href=\"https:\/\/twitter.com\/share\" class=\"twitter-share-button\" data-url=\"https:\/\/www.caritasne2.org.br\/site\/caritas-promove-encontro-sobre-politica-de-protecao-infantil-em-caruaru-pe\/\">&nbsp;<\/a><script>!function(d,s,id){var js,fjs=d.getElementsByTagName(s)[0],p=\/^http:\/.test(d.location)?'http':'https';if(!d.getElementById(id)){js=d.createElement(s);js.id=id;js.src=p+':\/\/platform.twitter.com\/widgets.js';fjs.parentNode.insertBefore(js,fjs);}}(document, 'script', 'twitter-wjs');<\/script><\/li><li class=\"gplus\" style=\"width:68px\"><div class=\"g-plusone\" data-size=\"medium\" data-href=\"https:\/\/www.caritasne2.org.br\/site\/caritas-promove-encontro-sobre-politica-de-protecao-infantil-em-caruaru-pe\/\"><\/div><\/li><li class=\"ssb_linkedin\" style=\"width:64px\"><script src=\"\/\/platform.linkedin.com\/in.js\" type=\"text\/javascript\">lang: en_US<\/script><script type=\"IN\/Share\" data-url=\"https:\/\/www.caritasne2.org.br\/site\/caritas-promove-encontro-sobre-politica-de-protecao-infantil-em-caruaru-pe\/\" data-counter=\"right\"><\/script><\/li><\/ul>","protected":false},"excerpt":{"rendered":"<p>A iniciativa \u00e9 promovida pela C\u00e1ritas NE2 e visa capacitar atores sociais para fomenta\u00e7\u00e3o de uma Pol\u00edtica de Prote\u00e7\u00e3o Infantil, que dialogue entre institui\u00e7\u00e3o e fam\u00edlia. \u00a0A partir do tema \u201cDiga Sim a Prote\u00e7\u00e3o Infantil \u2013 Educa\u00e7\u00e3o em Valores e Cultura de Paz\u201d, acontece o I Encontro de Capacita\u00e7\u00e3o, promovido pela C\u00e1ritas Brasileira Regional NE2, por meio do Programa Inf\u00e2ncia, Adolesc\u00eancia e Juventude (PIAJ). O [&hellip;]<\/p>\n<ul class=\"ssb_list_wrapper\"><li class=\"fb2\" style=\"width:135px\"><iframe src=\"\/\/www.facebook.com\/plugins\/like.php?href=https%3A%2F%2Fwww.caritasne2.org.br%2Fsite%2Fcaritas-promove-encontro-sobre-politica-de-protecao-infantil-em-caruaru-pe%2F&amp;layout=button_count&amp;action=like&amp;show_faces=false&amp;share=true&amp;width=135&amp;height=21&amp;appId=307091639398582\" scrolling=\"no\" frameborder=\"0\" style=\"border:none; overflow:hidden;  width:150px; height:21px;\" allowTransparency=\"true\"><\/iframe><\/li><li class=\"twtr\" style=\"width:90px\"><a href=\"https:\/\/twitter.com\/share\" class=\"twitter-share-button\" data-url=\"https:\/\/www.caritasne2.org.br\/site\/caritas-promove-encontro-sobre-politica-de-protecao-infantil-em-caruaru-pe\/\">&nbsp;<\/a><script>!function(d,s,id){var js,fjs=d.getElementsByTagName(s)[0],p=\/^http:\/.test(d.location)?'http':'https';if(!d.getElementById(id)){js=d.createElement(s);js.id=id;js.src=p+':\/\/platform.twitter.com\/widgets.js';fjs.parentNode.insertBefore(js,fjs);}}(document, 'script', 'twitter-wjs');<\/script><\/li><li class=\"gplus\" style=\"width:68px\"><div class=\"g-plusone\" data-size=\"medium\" data-href=\"https:\/\/www.caritasne2.org.br\/site\/caritas-promove-encontro-sobre-politica-de-protecao-infantil-em-caruaru-pe\/\"><\/div><\/li><li class=\"ssb_linkedin\" style=\"width:64px\"><script src=\"\/\/platform.linkedin.com\/in.js\" type=\"text\/javascript\">lang: en_US<\/script><script type=\"IN\/Share\" data-url=\"https:\/\/www.caritasne2.org.br\/site\/caritas-promove-encontro-sobre-politica-de-protecao-infantil-em-caruaru-pe\/\" data-counter=\"right\"><\/script><\/li><\/ul>","protected":false},"author":4,"featured_media":1440,"comment_status":"open","ping_status":"open","sticky":false,"template":"","format":"standard","meta":[],"categories":[20,105],"tags":[67,324,325,87,326],"_links":{"self":[{"href":"https:\/\/www.caritasne2.org.br\/site\/wp-json\/wp\/v2\/posts\/1439"}],"collection":[{"href":"https:\/\/www.caritasne2.org.br\/site\/wp-json\/wp\/v2\/posts"}],"about":[{"href":"https:\/\/www.caritasne2.org.br\/site\/wp-json\/wp\/v2\/types\/post"}],"author":[{"embeddable":true,"href":"https:\/\/www.caritasne2.org.br\/site\/wp-json\/wp\/v2\/users\/4"}],"replies":[{"embeddable":true,"href":"https:\/\/www.caritasne2.org.br\/site\/wp-json\/wp\/v2\/comments?post=1439"}],"version-history":[{"count":0,"href":"https:\/\/www.caritasne2.org.br\/site\/wp-json\/wp\/v2\/posts\/1439\/revisions"}],"wp:featuredmedia":[{"embeddable":true,"href":"https:\/\/www.caritasne2.org.br\/site\/wp-json\/"}],"wp:attachment":[{"href":"https:\/\/www.caritasne2.org.br\/site\/wp-json\/wp\/v2\/media?parent=1439"}],"wp:term":[{"taxonomy":"category","embeddable":true,"href":"https:\/\/www.caritasne2.org.br\/site\/wp-json\/wp\/v2\/categories?post=1439"},{"taxonomy":"post_tag","embeddable":true,"href":"https:\/\/www.caritasne2.org.br\/site\/wp-json\/wp\/v2\/tags?post=1439"}],"curies":[{"name":"wp","href":"https:\/\/api.w.org\/{rel}","templated":true}]}}