{"id":1435,"date":"2013-11-08T11:28:42","date_gmt":"2013-11-08T13:28:42","guid":{"rendered":"http:\/\/ne2.caritas.org.br.s174889.gridserver.com\/?p=1435"},"modified":"2017-07-11T15:23:16","modified_gmt":"2017-07-11T18:23:16","slug":"educacao-voltada-para-cidadania-movimenta-segundo-dia-da-semana-da-solidariedade","status":"publish","type":"post","link":"https:\/\/www.caritasne2.org.br\/site\/educacao-voltada-para-cidadania-movimenta-segundo-dia-da-semana-da-solidariedade\/","title":{"rendered":"Educa\u00e7\u00e3o voltada para a cidadania movimenta o segundo dia da Semana da Solidariedade"},"content":{"rendered":"<p style=\"text-align: justify;\">Dando continuidade \u00e0 programa\u00e7\u00e3o da Semana da Solidariedade o segundo dia foi marcado por um interc\u00e2mbio cheio de experi\u00eancias educacionais e culturais. Os monitores do Projeto Crescendo com Cidadania da C\u00e1ritas Paroquial Santa Clara de Assis, em Tupanatinga (PE), nas depend\u00eancias da Funda\u00e7\u00e3o Terra, no munic\u00edpio de Arcoverde (PE) preparam uma s\u00e9ria de atividades nos dos dois p\u00f3los da institui\u00e7\u00e3o, a Rua do Lixo e o S\u00edtio Malhada.<\/p>\n<p style=\"text-align: justify;\">A diretora Michele Shirley da Silva iniciou as atividades declarando que, \u201cFazer com que as crian\u00e7as se sintam amadas. Com uma educa\u00e7\u00e3o voltada para cidadania, \u00e9 a nossa meta\u201d. A coordenadora pedag\u00f3gica, Adriana de Oliveira, explicou a import\u00e2ncia da semana para institui\u00e7\u00e3o. \u201c\u00c9 mais uma chance de conscientiza\u00e7\u00e3o e mobiliza\u00e7\u00e3o para o exerc\u00edcio da cidadania por meio da pr\u00e1tica da solidariedade.\u201d, enfatizou.<\/p>\n<p style=\"text-align: justify;\">Ambas lembraram as dificuldades em come\u00e7ar o trabalho idealizado por padre Airton Freire, sacerdote da Diocese de Pesqueira.\u201c Tivemos dificuldade com os familiares atendidos, pois eram gente simples que n\u00e3o acreditavam nos seus potenciais e que estavam mais interessados numa linha assistencialista. Queriam receber roupa e comida. Foi preciso muita determina\u00e7\u00e3o e mostrar que devemos ter consci\u00eancia dos nossos direitos e deveres. Mas, mesmo as dificuldades, procuramos continuar apostando no ser humano\u201d, relembra.<\/p>\n<p style=\"text-align: justify;\">Apresenta\u00e7\u00f5es musicais, dan\u00e7as folcl\u00f3ricas e as experi\u00eancias educacionais como incentivo a leitura movimentaram as crian\u00e7as durante toda o dia.<\/p>\n<p style=\"text-align: justify;\">por Risaldo Gomes &#8211; articulador da C\u00e1ritas Diocesna de Pesqueira &#8211; PE<\/p>\n<p style=\"text-align: justify;\">\n<ul class=\"ssb_list_wrapper\"><li class=\"fb2\" style=\"width:135px\"><iframe src=\"\/\/www.facebook.com\/plugins\/like.php?href=https%3A%2F%2Fwww.caritasne2.org.br%2Fsite%2Feducacao-voltada-para-cidadania-movimenta-segundo-dia-da-semana-da-solidariedade%2F&amp;layout=button_count&amp;action=like&amp;show_faces=false&amp;share=true&amp;width=135&amp;height=21&amp;appId=307091639398582\" scrolling=\"no\" frameborder=\"0\" style=\"border:none; overflow:hidden;  width:150px; height:21px;\" allowTransparency=\"true\"><\/iframe><\/li><li class=\"twtr\" style=\"width:90px\"><a href=\"https:\/\/twitter.com\/share\" class=\"twitter-share-button\" data-url=\"https:\/\/www.caritasne2.org.br\/site\/educacao-voltada-para-cidadania-movimenta-segundo-dia-da-semana-da-solidariedade\/\">&nbsp;<\/a><script>!function(d,s,id){var js,fjs=d.getElementsByTagName(s)[0],p=\/^http:\/.test(d.location)?'http':'https';if(!d.getElementById(id)){js=d.createElement(s);js.id=id;js.src=p+':\/\/platform.twitter.com\/widgets.js';fjs.parentNode.insertBefore(js,fjs);}}(document, 'script', 'twitter-wjs');<\/script><\/li><li class=\"gplus\" style=\"width:68px\"><div class=\"g-plusone\" data-size=\"medium\" data-href=\"https:\/\/www.caritasne2.org.br\/site\/educacao-voltada-para-cidadania-movimenta-segundo-dia-da-semana-da-solidariedade\/\"><\/div><\/li><li class=\"ssb_linkedin\" style=\"width:64px\"><script src=\"\/\/platform.linkedin.com\/in.js\" type=\"text\/javascript\">lang: en_US<\/script><script type=\"IN\/Share\" data-url=\"https:\/\/www.caritasne2.org.br\/site\/educacao-voltada-para-cidadania-movimenta-segundo-dia-da-semana-da-solidariedade\/\" data-counter=\"right\"><\/script><\/li><\/ul>","protected":false},"excerpt":{"rendered":"<p>Dando continuidade \u00e0 programa\u00e7\u00e3o da Semana da Solidariedade o segundo dia foi marcado por um interc\u00e2mbio cheio de experi\u00eancias educacionais e culturais. Os monitores do Projeto Crescendo com Cidadania da C\u00e1ritas Paroquial Santa Clara de Assis, em Tupanatinga (PE), nas depend\u00eancias da Funda\u00e7\u00e3o Terra, no munic\u00edpio de Arcoverde (PE) preparam uma s\u00e9ria de atividades nos dos dois p\u00f3los da institui\u00e7\u00e3o, a Rua do Lixo e [&hellip;]<\/p>\n<ul class=\"ssb_list_wrapper\"><li class=\"fb2\" style=\"width:135px\"><iframe src=\"\/\/www.facebook.com\/plugins\/like.php?href=https%3A%2F%2Fwww.caritasne2.org.br%2Fsite%2Feducacao-voltada-para-cidadania-movimenta-segundo-dia-da-semana-da-solidariedade%2F&amp;layout=button_count&amp;action=like&amp;show_faces=false&amp;share=true&amp;width=135&amp;height=21&amp;appId=307091639398582\" scrolling=\"no\" frameborder=\"0\" style=\"border:none; overflow:hidden;  width:150px; height:21px;\" allowTransparency=\"true\"><\/iframe><\/li><li class=\"twtr\" style=\"width:90px\"><a href=\"https:\/\/twitter.com\/share\" class=\"twitter-share-button\" data-url=\"https:\/\/www.caritasne2.org.br\/site\/educacao-voltada-para-cidadania-movimenta-segundo-dia-da-semana-da-solidariedade\/\">&nbsp;<\/a><script>!function(d,s,id){var js,fjs=d.getElementsByTagName(s)[0],p=\/^http:\/.test(d.location)?'http':'https';if(!d.getElementById(id)){js=d.createElement(s);js.id=id;js.src=p+':\/\/platform.twitter.com\/widgets.js';fjs.parentNode.insertBefore(js,fjs);}}(document, 'script', 'twitter-wjs');<\/script><\/li><li class=\"gplus\" style=\"width:68px\"><div class=\"g-plusone\" data-size=\"medium\" data-href=\"https:\/\/www.caritasne2.org.br\/site\/educacao-voltada-para-cidadania-movimenta-segundo-dia-da-semana-da-solidariedade\/\"><\/div><\/li><li class=\"ssb_linkedin\" style=\"width:64px\"><script src=\"\/\/platform.linkedin.com\/in.js\" type=\"text\/javascript\">lang: en_US<\/script><script type=\"IN\/Share\" data-url=\"https:\/\/www.caritasne2.org.br\/site\/educacao-voltada-para-cidadania-movimenta-segundo-dia-da-semana-da-solidariedade\/\" data-counter=\"right\"><\/script><\/li><\/ul>","protected":false},"author":4,"featured_media":1436,"comment_status":"open","ping_status":"open","sticky":false,"template":"","format":"standard","meta":[],"categories":[20,321],"tags":[],"_links":{"self":[{"href":"https:\/\/www.caritasne2.org.br\/site\/wp-json\/wp\/v2\/posts\/1435"}],"collection":[{"href":"https:\/\/www.caritasne2.org.br\/site\/wp-json\/wp\/v2\/posts"}],"about":[{"href":"https:\/\/www.caritasne2.org.br\/site\/wp-json\/wp\/v2\/types\/post"}],"author":[{"embeddable":true,"href":"https:\/\/www.caritasne2.org.br\/site\/wp-json\/wp\/v2\/users\/4"}],"replies":[{"embeddable":true,"href":"https:\/\/www.caritasne2.org.br\/site\/wp-json\/wp\/v2\/comments?post=1435"}],"version-history":[{"count":0,"href":"https:\/\/www.caritasne2.org.br\/site\/wp-json\/wp\/v2\/posts\/1435\/revisions"}],"wp:featuredmedia":[{"embeddable":true,"href":"https:\/\/www.caritasne2.org.br\/site\/wp-json\/"}],"wp:attachment":[{"href":"https:\/\/www.caritasne2.org.br\/site\/wp-json\/wp\/v2\/media?parent=1435"}],"wp:term":[{"taxonomy":"category","embeddable":true,"href":"https:\/\/www.caritasne2.org.br\/site\/wp-json\/wp\/v2\/categories?post=1435"},{"taxonomy":"post_tag","embeddable":true,"href":"https:\/\/www.caritasne2.org.br\/site\/wp-json\/wp\/v2\/tags?post=1435"}],"curies":[{"name":"wp","href":"https:\/\/api.w.org\/{rel}","templated":true}]}}