{"id":1426,"date":"2013-11-06T17:08:29","date_gmt":"2013-11-06T19:08:29","guid":{"rendered":"http:\/\/ne2.caritas.org.br.s174889.gridserver.com\/?p=1426"},"modified":"2017-07-11T15:23:16","modified_gmt":"2017-07-11T18:23:16","slug":"semana-da-solidariedade-reflete-sobre-desigualdades-sociais","status":"publish","type":"post","link":"https:\/\/www.caritasne2.org.br\/site\/semana-da-solidariedade-reflete-sobre-desigualdades-sociais\/","title":{"rendered":"Semana da Solidariedade reflete sobre  as desigualdades  sociais"},"content":{"rendered":"<p style=\"text-align: justify;\">A C\u00e1ritas Brasileira realiza todos os anos a Semana da Solidariedade, de 5 a 12 de novembro.Este ano, anunciar e testemunhar o Evangelho de Jesus Cristo, promovendo e participando da constru\u00e7\u00e3o solid\u00e1ria deuma sociedade mais justa , igualit\u00e1ria e plural ,vem motivando a todos com o tema : Solidariedade e Justi\u00e7a Social.<\/p>\n<p style=\"text-align: justify;\">O grande objetivo do evento \u00e9 chamar a aten\u00e7\u00e3o da sociedade para refletir sobre as desigualdades sociais que geram fome e pobreza existentes em nosso pa\u00eds, principalmente nas periferias das grandes e m\u00e9dias cidades e no meio rural. Desigualdades essas provocadas pelo atual modelo de desenvolvimento em que poucos s\u00e3o favorecidos.<\/p>\n<p style=\"text-align: justify;\">E a C\u00e1ritas Diocesana de Pesqueira n\u00e3o poderia ficar de fora deste processo.<a href=\"http:\/\/ne2.caritas.org.br.s174889.gridserver.com\/2013\/11\/06\/semana-da-solidariedade-reflete-sobre-desigualdades-sociais\/semana-da-solidaridade-d-3\/\" rel=\"attachment wp-att-1430\"><img decoding=\"async\" loading=\"lazy\" class=\"alignright size-medium wp-image-1430\" title=\"Semana da Solidaridade d\" src=\"http:\/\/ne2.caritas.org.br.s174889.gridserver.com\/wp-content\/uploads\/2013\/11\/Semana-da-Solidaridade-d2-300x224.jpg\" alt=\"\" width=\"300\" height=\"224\" \/><\/a> Nesse per\u00edodo esta promovendo diversas atividades no munic\u00edpio e cidades circunvizinhas mobilizando a discuss\u00e3o do tema, enxergar as desigualdades olhando para os menos favorecidos.<\/p>\n<p style=\"text-align: justify;\">Na abertura houve uma exposi\u00e7\u00e3o de fotos para amostragem dos problemas sociais da comunidade Vila An\u00e1polis e arredores. A falta de saneamento b\u00e1sico, cal\u00e7amento e condi\u00e7\u00f5es dignas de moradia foram apresentados com intensa participa\u00e7\u00e3o dos moradores.<\/p>\n<p style=\"text-align: justify;\">Quem tamb\u00e9m esteve na abertura foi o padre Paulo C\u00e9sar, respons\u00e1vel pela \u00e1rea pastoral da Matriz Nossa Senhora do Carmo na Vila Anap\u00f3lis. \u201c A conscientiza\u00e7\u00e3o para preserva\u00e7\u00e3o do ambiente, atrav\u00e9s de a\u00e7\u00f5es como est\u00e1 s\u00e3o important\u00edssimas. Alertar a comunidade para a falta de saneamento b\u00e1sico, e condi\u00e7\u00f5es dignas de vida \u00e9 fundamental\u201d, enfatiza.<\/p>\n<p style=\"text-align: justify;\"><em><strong>Confira a programa\u00e7\u00e3o:<\/strong><\/em><\/p>\n<p style=\"text-align: justify;\"><strong>07 de novembro<\/strong><\/p>\n<p style=\"text-align: justify;\">19 horas \u2013 Escola F\u00e9 e Vida<\/p>\n<p style=\"text-align: justify;\">Exposi\u00e7\u00e3o de fotos (amostragem problemas sociais da comunidade)<\/p>\n<p style=\"text-align: justify;\">Local: Casa S\u00e3o Francisco \u2013 Pesqueira &#8211; PE<\/p>\n<p style=\"text-align: justify;\"><strong>08 de novembro<\/strong><\/p>\n<p style=\"text-align: justify;\">14 horas \u2013 Lan\u00e7amento do Estudo de Impacto dos Projetos de Acesso a \u00c1gua financiado pelo Prorural<\/p>\n<p style=\"text-align: justify;\">Local: Hotel Esta\u00e7\u00e3o Cruzeiro \u2013 Pesqueira &#8211; PE<\/p>\n<p style=\"text-align: justify;\">16 horas Missa de A\u00e7\u00e3o de Gra\u00e7as em comemora\u00e7\u00e3o a inaugura\u00e7\u00e3o das 25 cisternas que beneficia as Comunidades Massaranduba\/Milho Branco\/ Cajueiro e Boa Vontade. Em seguida, show cultural com repentistas.<\/p>\n<p style=\"text-align: justify;\">Local: S\u00edtio Massaranduba \u2013 Sanhar\u00f3 &#8211; PE<\/p>\n<p style=\"text-align: justify;\">19 horas &#8211; Assembleia da funda\u00e7\u00e3o da C\u00e1ritas Paroquial<\/p>\n<p style=\"text-align: justify;\">Local: Par\u00f3quia Nossa Senhora da Concei\u00e7\u00e3o &#8211; Pedra &#8211; PE<\/p>\n<p style=\"text-align: justify;\"><strong>10 de novembro<\/strong><\/p>\n<p style=\"text-align: justify;\">14 horas &#8211; Mensagem aos jovens do DNJ (Dia Nacional da Juventude)<\/p>\n<p style=\"text-align: justify;\">Local: Brejo da Madre de Deus &#8211; PE<\/p>\n<p style=\"text-align: justify;\">19 horas \u2013 Missa na Catedral de Santa \u00c1gueda<\/p>\n<p style=\"text-align: justify;\">Local: Pesqueira &#8211; PE<\/p>\n<p style=\"text-align: justify;\">11 de novembro<\/p>\n<p style=\"text-align: justify;\">09 horas \u2013 Encontro Comunit\u00e1rio<\/p>\n<p style=\"text-align: justify;\">Local: Arcoverde &#8211; PE<\/p>\n<p style=\"text-align: justify;\"><strong>12 de novembro<\/strong><\/p>\n<p style=\"text-align: justify;\">16 horas \u2013 Celebra\u00e7\u00e3o Eucar\u00edstica<\/p>\n<p style=\"text-align: justify;\">Local: Vila do Pres\u00eddio \u2013 Pesqueira &#8211; PE<\/p>\n<p style=\"text-align: justify;\">por Fabiana Francelino &#8211; Comunicadora Popular C\u00e1ritas Diocesana<\/p>\n<ul class=\"ssb_list_wrapper\"><li class=\"fb2\" style=\"width:135px\"><iframe src=\"\/\/www.facebook.com\/plugins\/like.php?href=https%3A%2F%2Fwww.caritasne2.org.br%2Fsite%2Fsemana-da-solidariedade-reflete-sobre-desigualdades-sociais%2F&amp;layout=button_count&amp;action=like&amp;show_faces=false&amp;share=true&amp;width=135&amp;height=21&amp;appId=307091639398582\" scrolling=\"no\" frameborder=\"0\" style=\"border:none; overflow:hidden;  width:150px; height:21px;\" allowTransparency=\"true\"><\/iframe><\/li><li class=\"twtr\" style=\"width:90px\"><a href=\"https:\/\/twitter.com\/share\" class=\"twitter-share-button\" data-url=\"https:\/\/www.caritasne2.org.br\/site\/semana-da-solidariedade-reflete-sobre-desigualdades-sociais\/\">&nbsp;<\/a><script>!function(d,s,id){var js,fjs=d.getElementsByTagName(s)[0],p=\/^http:\/.test(d.location)?'http':'https';if(!d.getElementById(id)){js=d.createElement(s);js.id=id;js.src=p+':\/\/platform.twitter.com\/widgets.js';fjs.parentNode.insertBefore(js,fjs);}}(document, 'script', 'twitter-wjs');<\/script><\/li><li class=\"gplus\" style=\"width:68px\"><div class=\"g-plusone\" data-size=\"medium\" data-href=\"https:\/\/www.caritasne2.org.br\/site\/semana-da-solidariedade-reflete-sobre-desigualdades-sociais\/\"><\/div><\/li><li class=\"ssb_linkedin\" style=\"width:64px\"><script src=\"\/\/platform.linkedin.com\/in.js\" type=\"text\/javascript\">lang: en_US<\/script><script type=\"IN\/Share\" data-url=\"https:\/\/www.caritasne2.org.br\/site\/semana-da-solidariedade-reflete-sobre-desigualdades-sociais\/\" data-counter=\"right\"><\/script><\/li><\/ul>","protected":false},"excerpt":{"rendered":"<p>A C\u00e1ritas Brasileira realiza todos os anos a Semana da Solidariedade, de 5 a 12 de novembro.Este ano, anunciar e testemunhar o Evangelho de Jesus Cristo, promovendo e participando da constru\u00e7\u00e3o solid\u00e1ria deuma sociedade mais justa , igualit\u00e1ria e plural ,vem motivando a todos com o tema : Solidariedade e Justi\u00e7a Social. O grande objetivo do evento \u00e9 chamar a aten\u00e7\u00e3o da sociedade para refletir [&hellip;]<\/p>\n<ul class=\"ssb_list_wrapper\"><li class=\"fb2\" style=\"width:135px\"><iframe src=\"\/\/www.facebook.com\/plugins\/like.php?href=https%3A%2F%2Fwww.caritasne2.org.br%2Fsite%2Fsemana-da-solidariedade-reflete-sobre-desigualdades-sociais%2F&amp;layout=button_count&amp;action=like&amp;show_faces=false&amp;share=true&amp;width=135&amp;height=21&amp;appId=307091639398582\" scrolling=\"no\" frameborder=\"0\" style=\"border:none; overflow:hidden;  width:150px; height:21px;\" allowTransparency=\"true\"><\/iframe><\/li><li class=\"twtr\" style=\"width:90px\"><a href=\"https:\/\/twitter.com\/share\" class=\"twitter-share-button\" data-url=\"https:\/\/www.caritasne2.org.br\/site\/semana-da-solidariedade-reflete-sobre-desigualdades-sociais\/\">&nbsp;<\/a><script>!function(d,s,id){var js,fjs=d.getElementsByTagName(s)[0],p=\/^http:\/.test(d.location)?'http':'https';if(!d.getElementById(id)){js=d.createElement(s);js.id=id;js.src=p+':\/\/platform.twitter.com\/widgets.js';fjs.parentNode.insertBefore(js,fjs);}}(document, 'script', 'twitter-wjs');<\/script><\/li><li class=\"gplus\" style=\"width:68px\"><div class=\"g-plusone\" data-size=\"medium\" data-href=\"https:\/\/www.caritasne2.org.br\/site\/semana-da-solidariedade-reflete-sobre-desigualdades-sociais\/\"><\/div><\/li><li class=\"ssb_linkedin\" style=\"width:64px\"><script src=\"\/\/platform.linkedin.com\/in.js\" type=\"text\/javascript\">lang: en_US<\/script><script type=\"IN\/Share\" data-url=\"https:\/\/www.caritasne2.org.br\/site\/semana-da-solidariedade-reflete-sobre-desigualdades-sociais\/\" data-counter=\"right\"><\/script><\/li><\/ul>","protected":false},"author":4,"featured_media":1427,"comment_status":"open","ping_status":"open","sticky":false,"template":"","format":"standard","meta":[],"categories":[20,321],"tags":[268,67,315],"_links":{"self":[{"href":"https:\/\/www.caritasne2.org.br\/site\/wp-json\/wp\/v2\/posts\/1426"}],"collection":[{"href":"https:\/\/www.caritasne2.org.br\/site\/wp-json\/wp\/v2\/posts"}],"about":[{"href":"https:\/\/www.caritasne2.org.br\/site\/wp-json\/wp\/v2\/types\/post"}],"author":[{"embeddable":true,"href":"https:\/\/www.caritasne2.org.br\/site\/wp-json\/wp\/v2\/users\/4"}],"replies":[{"embeddable":true,"href":"https:\/\/www.caritasne2.org.br\/site\/wp-json\/wp\/v2\/comments?post=1426"}],"version-history":[{"count":0,"href":"https:\/\/www.caritasne2.org.br\/site\/wp-json\/wp\/v2\/posts\/1426\/revisions"}],"wp:featuredmedia":[{"embeddable":true,"href":"https:\/\/www.caritasne2.org.br\/site\/wp-json\/"}],"wp:attachment":[{"href":"https:\/\/www.caritasne2.org.br\/site\/wp-json\/wp\/v2\/media?parent=1426"}],"wp:term":[{"taxonomy":"category","embeddable":true,"href":"https:\/\/www.caritasne2.org.br\/site\/wp-json\/wp\/v2\/categories?post=1426"},{"taxonomy":"post_tag","embeddable":true,"href":"https:\/\/www.caritasne2.org.br\/site\/wp-json\/wp\/v2\/tags?post=1426"}],"curies":[{"name":"wp","href":"https:\/\/api.w.org\/{rel}","templated":true}]}}