{"id":1422,"date":"2013-11-06T16:18:01","date_gmt":"2013-11-06T18:18:01","guid":{"rendered":"http:\/\/ne2.caritas.org.br.s174889.gridserver.com\/?p=1422"},"modified":"2017-07-11T15:23:16","modified_gmt":"2017-07-11T18:23:16","slug":"trabalhadoras-rurais-participam-de-entrega-de-unidades-moveis-de-enfrentamento-a-violencia-contra-mulher-campo","status":"publish","type":"post","link":"https:\/\/www.caritasne2.org.br\/site\/trabalhadoras-rurais-participam-de-entrega-de-unidades-moveis-de-enfrentamento-a-violencia-contra-mulher-campo\/","title":{"rendered":"Trabalhadoras rurais participam de entrega de unidades moveis de enfrentamento \u00e0 viol\u00eancia contra a mulher do campo"},"content":{"rendered":"<p style=\"text-align: justify;\">Dezenas de trabalhadoras rurais, mobilizadas pela Fetape, estar\u00e3o presentes, nesta quarta-feira (6), \u00e0 solenidade de entrega de unidades m\u00f3veis de enfrentamento \u00e0 viol\u00eancia contra a mulher do campo, doadas pelo Governo Federal ao Governo do Estado, a partir de uma reivindica\u00e7\u00e3o da 4\u00aa Marcha das Margaridas, em 2011, coordenada pelo Movimento Sindical Rural. O evento, que ser\u00e1 no Centro de Conven\u00e7\u00f5es, \u00e0s 16h, contar\u00e1 com a presen\u00e7a da Ministra de Pol\u00edticas para as Mulheres, Eleonora Menicucci.<\/p>\n<p style=\"text-align: justify;\">Os \u00f4nibus, que integram o Programa Mulher &#8211; viver sem viol\u00eancia, do Governo Federal, ir\u00e3o prestar atendimento, de forma itinerante, \u00e0s mulheres v\u00edtimas de viol\u00eancia, e tamb\u00e9m realizar\u00e3o a\u00e7\u00f5es preventivas, como palestras e distribui\u00e7\u00e3o de material educativo.<\/p>\n<p style=\"text-align: justify;\">Na \u00faltima reuni\u00e3o do Conselho Estadual dos Direitos da Mulher (Cedim), a diretora de Pol\u00edticas para as Mulheres da Fetape, Maria Severina de Fran\u00e7a, pautou quest\u00f5es relacionadas com o funcionamento das unidades m\u00f3veis. \u201cEu propus a constru\u00e7\u00e3o, de forma coletiva, de um plano operativo, reunindo representantes e apoiadoras da Marcha das Margaridas, para que seja orientada a composi\u00e7\u00e3o das equipes de atendimento e o funcionamento do servi\u00e7o, de acordo com a realidade das mulheres que ir\u00e3o utiliz\u00e1-los\u201d, explicou.<\/p>\n<p style=\"text-align: justify;\">As 54 unidades m\u00f3veis que ser\u00e3o distribu\u00eddas em todo o Brasil devem encontrar uma demanda intensa por atendimento. De acordo com dados da Central de Atendimento \u00e0 Mulher \u2013 Ligue 180, da Secretaria Nacional de Pol\u00edticas para as Mulheres, dos dois mil atendimentos feitos pelo disque-den\u00fancia, nos primeiros seis meses de 2013, quase 7% foram de casos de viol\u00eancia contra mulheres da \u00e1rea rural.<\/p>\n<p style=\"text-align: justify;\">por Ana C\u00e9lia Floriano &#8211; Assessoria de Comunica\u00e7\u00e3o Fetape<\/p>\n<p>&nbsp;<\/p>\n<ul class=\"ssb_list_wrapper\"><li class=\"fb2\" style=\"width:135px\"><iframe src=\"\/\/www.facebook.com\/plugins\/like.php?href=https%3A%2F%2Fwww.caritasne2.org.br%2Fsite%2Ftrabalhadoras-rurais-participam-de-entrega-de-unidades-moveis-de-enfrentamento-a-violencia-contra-mulher-campo%2F&amp;layout=button_count&amp;action=like&amp;show_faces=false&amp;share=true&amp;width=135&amp;height=21&amp;appId=307091639398582\" scrolling=\"no\" frameborder=\"0\" style=\"border:none; overflow:hidden;  width:150px; height:21px;\" allowTransparency=\"true\"><\/iframe><\/li><li class=\"twtr\" style=\"width:90px\"><a href=\"https:\/\/twitter.com\/share\" class=\"twitter-share-button\" data-url=\"https:\/\/www.caritasne2.org.br\/site\/trabalhadoras-rurais-participam-de-entrega-de-unidades-moveis-de-enfrentamento-a-violencia-contra-mulher-campo\/\">&nbsp;<\/a><script>!function(d,s,id){var js,fjs=d.getElementsByTagName(s)[0],p=\/^http:\/.test(d.location)?'http':'https';if(!d.getElementById(id)){js=d.createElement(s);js.id=id;js.src=p+':\/\/platform.twitter.com\/widgets.js';fjs.parentNode.insertBefore(js,fjs);}}(document, 'script', 'twitter-wjs');<\/script><\/li><li class=\"gplus\" style=\"width:68px\"><div class=\"g-plusone\" data-size=\"medium\" data-href=\"https:\/\/www.caritasne2.org.br\/site\/trabalhadoras-rurais-participam-de-entrega-de-unidades-moveis-de-enfrentamento-a-violencia-contra-mulher-campo\/\"><\/div><\/li><li class=\"ssb_linkedin\" style=\"width:64px\"><script src=\"\/\/platform.linkedin.com\/in.js\" type=\"text\/javascript\">lang: en_US<\/script><script type=\"IN\/Share\" data-url=\"https:\/\/www.caritasne2.org.br\/site\/trabalhadoras-rurais-participam-de-entrega-de-unidades-moveis-de-enfrentamento-a-violencia-contra-mulher-campo\/\" data-counter=\"right\"><\/script><\/li><\/ul>","protected":false},"excerpt":{"rendered":"<p>Dezenas de trabalhadoras rurais, mobilizadas pela Fetape, estar\u00e3o presentes, nesta quarta-feira (6), \u00e0 solenidade de entrega de unidades m\u00f3veis de enfrentamento \u00e0 viol\u00eancia contra a mulher do campo, doadas pelo Governo Federal ao Governo do Estado, a partir de uma reivindica\u00e7\u00e3o da 4\u00aa Marcha das Margaridas, em 2011, coordenada pelo Movimento Sindical Rural. O evento, que ser\u00e1 no Centro de Conven\u00e7\u00f5es, \u00e0s 16h, contar\u00e1 com [&hellip;]<\/p>\n<ul class=\"ssb_list_wrapper\"><li class=\"fb2\" style=\"width:135px\"><iframe src=\"\/\/www.facebook.com\/plugins\/like.php?href=https%3A%2F%2Fwww.caritasne2.org.br%2Fsite%2Ftrabalhadoras-rurais-participam-de-entrega-de-unidades-moveis-de-enfrentamento-a-violencia-contra-mulher-campo%2F&amp;layout=button_count&amp;action=like&amp;show_faces=false&amp;share=true&amp;width=135&amp;height=21&amp;appId=307091639398582\" scrolling=\"no\" frameborder=\"0\" style=\"border:none; overflow:hidden;  width:150px; height:21px;\" allowTransparency=\"true\"><\/iframe><\/li><li class=\"twtr\" style=\"width:90px\"><a href=\"https:\/\/twitter.com\/share\" class=\"twitter-share-button\" data-url=\"https:\/\/www.caritasne2.org.br\/site\/trabalhadoras-rurais-participam-de-entrega-de-unidades-moveis-de-enfrentamento-a-violencia-contra-mulher-campo\/\">&nbsp;<\/a><script>!function(d,s,id){var js,fjs=d.getElementsByTagName(s)[0],p=\/^http:\/.test(d.location)?'http':'https';if(!d.getElementById(id)){js=d.createElement(s);js.id=id;js.src=p+':\/\/platform.twitter.com\/widgets.js';fjs.parentNode.insertBefore(js,fjs);}}(document, 'script', 'twitter-wjs');<\/script><\/li><li class=\"gplus\" style=\"width:68px\"><div class=\"g-plusone\" data-size=\"medium\" data-href=\"https:\/\/www.caritasne2.org.br\/site\/trabalhadoras-rurais-participam-de-entrega-de-unidades-moveis-de-enfrentamento-a-violencia-contra-mulher-campo\/\"><\/div><\/li><li class=\"ssb_linkedin\" style=\"width:64px\"><script src=\"\/\/platform.linkedin.com\/in.js\" type=\"text\/javascript\">lang: en_US<\/script><script type=\"IN\/Share\" data-url=\"https:\/\/www.caritasne2.org.br\/site\/trabalhadoras-rurais-participam-de-entrega-de-unidades-moveis-de-enfrentamento-a-violencia-contra-mulher-campo\/\" data-counter=\"right\"><\/script><\/li><\/ul>","protected":false},"author":4,"featured_media":0,"comment_status":"open","ping_status":"open","sticky":false,"template":"","format":"standard","meta":[],"categories":[20],"tags":[322,323],"_links":{"self":[{"href":"https:\/\/www.caritasne2.org.br\/site\/wp-json\/wp\/v2\/posts\/1422"}],"collection":[{"href":"https:\/\/www.caritasne2.org.br\/site\/wp-json\/wp\/v2\/posts"}],"about":[{"href":"https:\/\/www.caritasne2.org.br\/site\/wp-json\/wp\/v2\/types\/post"}],"author":[{"embeddable":true,"href":"https:\/\/www.caritasne2.org.br\/site\/wp-json\/wp\/v2\/users\/4"}],"replies":[{"embeddable":true,"href":"https:\/\/www.caritasne2.org.br\/site\/wp-json\/wp\/v2\/comments?post=1422"}],"version-history":[{"count":0,"href":"https:\/\/www.caritasne2.org.br\/site\/wp-json\/wp\/v2\/posts\/1422\/revisions"}],"wp:attachment":[{"href":"https:\/\/www.caritasne2.org.br\/site\/wp-json\/wp\/v2\/media?parent=1422"}],"wp:term":[{"taxonomy":"category","embeddable":true,"href":"https:\/\/www.caritasne2.org.br\/site\/wp-json\/wp\/v2\/categories?post=1422"},{"taxonomy":"post_tag","embeddable":true,"href":"https:\/\/www.caritasne2.org.br\/site\/wp-json\/wp\/v2\/tags?post=1422"}],"curies":[{"name":"wp","href":"https:\/\/api.w.org\/{rel}","templated":true}]}}