{"id":1413,"date":"2013-10-15T14:57:07","date_gmt":"2013-10-15T17:57:07","guid":{"rendered":"http:\/\/ne2.caritas.org.br.s174889.gridserver.com\/?p=1413"},"modified":"2017-07-11T15:23:44","modified_gmt":"2017-07-11T18:23:44","slug":"agentes-caritas-participam-encontro-estadual-de-agricultoras-agricultores-experimentadores-da-asape","status":"publish","type":"post","link":"https:\/\/www.caritasne2.org.br\/site\/agentes-caritas-participam-encontro-estadual-de-agricultoras-agricultores-experimentadores-da-asape\/","title":{"rendered":"Agentes C\u00e1ritas participam do Encontro Estadual de Agricultoras e Agricultores Experimentadores da ASA\/PE"},"content":{"rendered":"<p style=\"text-align: justify;\">A C\u00e1ritas Brasileira Regional Nordeste 2 participou do Encontro Estadual de Agricultoras e Agricultores Experimentadores da Articula\u00e7\u00e3o do Semi\u00e1rido Pernambucano (ASA-PE). O evento foi realizado entre os dias 13 e 15\/10, em Afogados da Ingazeira (PE). Na ocasi\u00e3o, o coordenador do Programa Uma Terra e Duas \u00c1guas com patroc\u00ednio da Petrobras, Edm\u00edlson Paulino; a articuladora de campo, Avila Pontes; e uma comiss\u00e3o de produtores rurais representaram a C\u00e1ritas no encontro.<\/p>\n<p style=\"text-align: justify;\">A programa\u00e7\u00e3o do Encontro contou com um painel de relatos de agricultoras e<a href=\"http:\/\/ne2.caritas.org.br.s174889.gridserver.com\/2013\/10\/15\/agentes-caritas-participam-encontro-estadual-de-agricultoras-agricultores-experimentadores-da-asape\/dsc016569\/\" rel=\"attachment wp-att-1415\"><img decoding=\"async\" loading=\"lazy\" class=\"alignright size-medium wp-image-1415\" title=\"DSC016569\" src=\"http:\/\/ne2.caritas.org.br.s174889.gridserver.com\/wp-content\/uploads\/2013\/11\/DSC016569-300x225.jpg\" alt=\"\" width=\"300\" height=\"225\" \/><\/a> agricultores, que partilharam os sentimentos sobre o per\u00edodo de estiagem ocorrido no ano passado, bem como as aprendizagens e as experi\u00eancias que deram certo. No segundo dia, foram realizados visitas de interc\u00e2mbios \u00e0s seguintes experi\u00eancias: biodigestor sertanejo, cria\u00e7\u00e3o de caprinos, manejo sustent\u00e1vel da Caatinga, quintais produtivos e uma Unidade de Beneficiamento de Castanha de Caju.<\/p>\n<p style=\"text-align: justify;\">Por fim, no \u00faltimo dia do evento, os participantes foram divididos em tr\u00eas grupos a fim de discutirem pol\u00edticas p\u00fablicas para a conviv\u00eancia com o Semi\u00e1rido. As propostas ser\u00e3o apresentadas no Encontro Estadual de Agricultoras e Agricultores Experimentadores, que acontecer\u00e1 entre 28 e 31 deste m\u00eas, em Campina Grande (PB).<\/p>\n<p style=\"text-align: justify;\">De acordo com a agricultora Terezinha Silva, o Encontro \u00e9 uma forma de ampliar os conhecimentos. \u201cEu nunca tinha participado de um evento como este, mas aprendi muitas coisas, principalmente sobre os trang\u00eanicos. Fico feliz em saber que h\u00e1 muitas pessoas que estudam e descobrem informa\u00e7\u00f5es importantes para nos passar\u201d, afirmou. J\u00e1 para o agricultor Lucinaldo Freitas, o evento foi uma grande oportunidade de troca de experi\u00eancias. \u201cFizemos grandes descobertas de coisas que ainda n\u00e3o temos na nossa regi\u00e3o. Tive a oportunidade de visitar uma fam\u00edlia que possui um biodigestor sertanejo e toda a produ\u00e7\u00e3o familiar \u00e9 agroecol\u00f3gica. Ivan, o dono da propriedade, \u00e9 um modelo de agricultor do futuro\u201d, concluiu.<\/p>\n<p style=\"text-align: justify;\">Segundo Avila, mais do que descobrir novas experi\u00eancias, os agricultores tamb\u00e9m conheceram a resist\u00eancia de muitos outros produtores rurais, como \u00e9 o caso de dona Terezinha Calvalcante. \u201cEla \u00e9 espelho na comunidade: planta, cria animais, \u00e9 uma pessoa muito organizada. Disse que todos os dias, ao acordar, pede sa\u00fade a Deus, porque vontade de trabalhar ela j\u00e1 tem\u201d, concluiu.<\/p>\n<p style=\"text-align: justify;\">Avila e Lucinaldo foram selecionados para participar do etapa do Encontro na Para\u00edba.<\/p>\n<p style=\"text-align: justify;\">por Lidiane Santos &#8211; comunicadora popular do P1+2 &#8211; C\u00e1ritas Regional NE2.<\/p>\n<p style=\"text-align: justify;\">\n<ul class=\"ssb_list_wrapper\"><li class=\"fb2\" style=\"width:135px\"><iframe src=\"\/\/www.facebook.com\/plugins\/like.php?href=https%3A%2F%2Fwww.caritasne2.org.br%2Fsite%2Fagentes-caritas-participam-encontro-estadual-de-agricultoras-agricultores-experimentadores-da-asape%2F&amp;layout=button_count&amp;action=like&amp;show_faces=false&amp;share=true&amp;width=135&amp;height=21&amp;appId=307091639398582\" scrolling=\"no\" frameborder=\"0\" style=\"border:none; overflow:hidden;  width:150px; height:21px;\" allowTransparency=\"true\"><\/iframe><\/li><li class=\"twtr\" style=\"width:90px\"><a href=\"https:\/\/twitter.com\/share\" class=\"twitter-share-button\" data-url=\"https:\/\/www.caritasne2.org.br\/site\/agentes-caritas-participam-encontro-estadual-de-agricultoras-agricultores-experimentadores-da-asape\/\">&nbsp;<\/a><script>!function(d,s,id){var js,fjs=d.getElementsByTagName(s)[0],p=\/^http:\/.test(d.location)?'http':'https';if(!d.getElementById(id)){js=d.createElement(s);js.id=id;js.src=p+':\/\/platform.twitter.com\/widgets.js';fjs.parentNode.insertBefore(js,fjs);}}(document, 'script', 'twitter-wjs');<\/script><\/li><li class=\"gplus\" style=\"width:68px\"><div class=\"g-plusone\" data-size=\"medium\" data-href=\"https:\/\/www.caritasne2.org.br\/site\/agentes-caritas-participam-encontro-estadual-de-agricultoras-agricultores-experimentadores-da-asape\/\"><\/div><\/li><li class=\"ssb_linkedin\" style=\"width:64px\"><script src=\"\/\/platform.linkedin.com\/in.js\" type=\"text\/javascript\">lang: en_US<\/script><script type=\"IN\/Share\" data-url=\"https:\/\/www.caritasne2.org.br\/site\/agentes-caritas-participam-encontro-estadual-de-agricultoras-agricultores-experimentadores-da-asape\/\" data-counter=\"right\"><\/script><\/li><\/ul>","protected":false},"excerpt":{"rendered":"<p>A C\u00e1ritas Brasileira Regional Nordeste 2 participou do Encontro Estadual de Agricultoras e Agricultores Experimentadores da Articula\u00e7\u00e3o do Semi\u00e1rido Pernambucano (ASA-PE). O evento foi realizado entre os dias 13 e 15\/10, em Afogados da Ingazeira (PE). Na ocasi\u00e3o, o coordenador do Programa Uma Terra e Duas \u00c1guas com patroc\u00ednio da Petrobras, Edm\u00edlson Paulino; a articuladora de campo, Avila Pontes; e uma comiss\u00e3o de produtores rurais [&hellip;]<\/p>\n<ul class=\"ssb_list_wrapper\"><li class=\"fb2\" style=\"width:135px\"><iframe src=\"\/\/www.facebook.com\/plugins\/like.php?href=https%3A%2F%2Fwww.caritasne2.org.br%2Fsite%2Fagentes-caritas-participam-encontro-estadual-de-agricultoras-agricultores-experimentadores-da-asape%2F&amp;layout=button_count&amp;action=like&amp;show_faces=false&amp;share=true&amp;width=135&amp;height=21&amp;appId=307091639398582\" scrolling=\"no\" frameborder=\"0\" style=\"border:none; overflow:hidden;  width:150px; height:21px;\" allowTransparency=\"true\"><\/iframe><\/li><li class=\"twtr\" style=\"width:90px\"><a href=\"https:\/\/twitter.com\/share\" class=\"twitter-share-button\" data-url=\"https:\/\/www.caritasne2.org.br\/site\/agentes-caritas-participam-encontro-estadual-de-agricultoras-agricultores-experimentadores-da-asape\/\">&nbsp;<\/a><script>!function(d,s,id){var js,fjs=d.getElementsByTagName(s)[0],p=\/^http:\/.test(d.location)?'http':'https';if(!d.getElementById(id)){js=d.createElement(s);js.id=id;js.src=p+':\/\/platform.twitter.com\/widgets.js';fjs.parentNode.insertBefore(js,fjs);}}(document, 'script', 'twitter-wjs');<\/script><\/li><li class=\"gplus\" style=\"width:68px\"><div class=\"g-plusone\" data-size=\"medium\" data-href=\"https:\/\/www.caritasne2.org.br\/site\/agentes-caritas-participam-encontro-estadual-de-agricultoras-agricultores-experimentadores-da-asape\/\"><\/div><\/li><li class=\"ssb_linkedin\" style=\"width:64px\"><script src=\"\/\/platform.linkedin.com\/in.js\" type=\"text\/javascript\">lang: en_US<\/script><script type=\"IN\/Share\" data-url=\"https:\/\/www.caritasne2.org.br\/site\/agentes-caritas-participam-encontro-estadual-de-agricultoras-agricultores-experimentadores-da-asape\/\" data-counter=\"right\"><\/script><\/li><\/ul>","protected":false},"author":4,"featured_media":1414,"comment_status":"open","ping_status":"open","sticky":false,"template":"","format":"standard","meta":[],"categories":[20,224],"tags":[67,318],"_links":{"self":[{"href":"https:\/\/www.caritasne2.org.br\/site\/wp-json\/wp\/v2\/posts\/1413"}],"collection":[{"href":"https:\/\/www.caritasne2.org.br\/site\/wp-json\/wp\/v2\/posts"}],"about":[{"href":"https:\/\/www.caritasne2.org.br\/site\/wp-json\/wp\/v2\/types\/post"}],"author":[{"embeddable":true,"href":"https:\/\/www.caritasne2.org.br\/site\/wp-json\/wp\/v2\/users\/4"}],"replies":[{"embeddable":true,"href":"https:\/\/www.caritasne2.org.br\/site\/wp-json\/wp\/v2\/comments?post=1413"}],"version-history":[{"count":0,"href":"https:\/\/www.caritasne2.org.br\/site\/wp-json\/wp\/v2\/posts\/1413\/revisions"}],"wp:featuredmedia":[{"embeddable":true,"href":"https:\/\/www.caritasne2.org.br\/site\/wp-json\/wp\/v2\/media\/1414"}],"wp:attachment":[{"href":"https:\/\/www.caritasne2.org.br\/site\/wp-json\/wp\/v2\/media?parent=1413"}],"wp:term":[{"taxonomy":"category","embeddable":true,"href":"https:\/\/www.caritasne2.org.br\/site\/wp-json\/wp\/v2\/categories?post=1413"},{"taxonomy":"post_tag","embeddable":true,"href":"https:\/\/www.caritasne2.org.br\/site\/wp-json\/wp\/v2\/tags?post=1413"}],"curies":[{"name":"wp","href":"https:\/\/api.w.org\/{rel}","templated":true}]}}